{"id":1117,"date":"2021-03-09T19:20:10","date_gmt":"2021-03-09T19:20:10","guid":{"rendered":"https:\/\/yar.deutschetage.ru\/?p=1117"},"modified":"2021-07-21T10:40:30","modified_gmt":"2021-07-21T10:40:30","slug":"mariya-pichugina","status":"publish","type":"post","link":"https:\/\/yar.deutschetage.ru\/de\/mariya-pichugina\/","title":{"rendered":"Marija Pitschugina, Schule Nr.52 Jaroslawl"},"content":{"rendered":"\n<p><strong>Titel<\/strong>: Der mysteri\u00f6se Romantiker Ernst Theodor Amadeus Hoffmann<\/p>\n\n\n\n<p><strong>Motto<\/strong>: <\/p>\n\n\n\n<p>Musiker und K\u00fcnstler, Anwalt und Dichter &#8211;<\/p>\n\n\n\n<p>Es ist ein unvollst\u00e4ndiges Portr\u00e4t von Hoffmann-Romantiker.<\/p>\n\n\n\n<p>Dieses Jahr  am Festival versuchen wir seine die Identit\u00e4t zu enth\u00fcllen.<\/p>\n\n\n\n<figure class=\"wp-block-image size-large\"><img loading=\"lazy\" width=\"1024\" height=\"715\" src=\"https:\/\/yar.deutschetage.ru\/wp-content\/uploads\/2021\/03\/plakat-small-nem-1024x715.jpg\" alt=\"\" class=\"wp-image-1119\" srcset=\"https:\/\/yar.deutschetage.ru\/wp-content\/uploads\/2021\/03\/plakat-small-nem-1024x715.jpg 1024w, https:\/\/yar.deutschetage.ru\/wp-content\/uploads\/2021\/03\/plakat-small-nem-300x209.jpg 300w, https:\/\/yar.deutschetage.ru\/wp-content\/uploads\/2021\/03\/plakat-small-nem-768x536.jpg 768w, https:\/\/yar.deutschetage.ru\/wp-content\/uploads\/2021\/03\/plakat-small-nem-1536x1072.jpg 1536w, https:\/\/yar.deutschetage.ru\/wp-content\/uploads\/2021\/03\/plakat-small-nem.jpg 1915w\" sizes=\"(max-width: 1024px) 100vw, 1024px\" \/><\/figure>\n\n\n\n<figure class=\"wp-block-image size-large\"><img loading=\"lazy\" width=\"1024\" height=\"711\" src=\"https:\/\/yar.deutschetage.ru\/wp-content\/uploads\/2021\/03\/plakat-small-rus-1024x711.jpg\" alt=\"\" class=\"wp-image-1118\" srcset=\"https:\/\/yar.deutschetage.ru\/wp-content\/uploads\/2021\/03\/plakat-small-rus-1024x711.jpg 1024w, https:\/\/yar.deutschetage.ru\/wp-content\/uploads\/2021\/03\/plakat-small-rus-300x208.jpg 300w, https:\/\/yar.deutschetage.ru\/wp-content\/uploads\/2021\/03\/plakat-small-rus-768x533.jpg 768w, https:\/\/yar.deutschetage.ru\/wp-content\/uploads\/2021\/03\/plakat-small-rus-1536x1067.jpg 1536w, https:\/\/yar.deutschetage.ru\/wp-content\/uploads\/2021\/03\/plakat-small-rus.jpg 1924w\" sizes=\"(max-width: 1024px) 100vw, 1024px\" \/><\/figure>\n","protected":false},"excerpt":{"rendered":"<p>Titel: Der mysteri\u00f6se Romantiker Ernst Theodor Amadeus Hoffmann Motto: Musiker und K\u00fcnstler, Anwalt und Dichter &#8211; Es ist ein unvollst\u00e4ndiges Portr\u00e4t von Hoffmann-Romantiker. Dieses Jahr am Festival versuchen wir seine die Identit\u00e4t zu enth\u00fcllen.<\/p>\n","protected":false},"author":1,"featured_media":1122,"comment_status":"closed","ping_status":"open","sticky":false,"template":"","format":"standard","meta":[],"categories":[12],"tags":[],"yoast_head":"<!-- This site is optimized with the Yoast SEO plugin v14.9 - https:\/\/yoast.com\/wordpress\/plugins\/seo\/ -->\n<title>Marija Pitschugina, Schule Nr.52 Jaroslawl - Deutsche Tage in der Region Jaroslawl<\/title>\n<meta name=\"robots\" content=\"index, follow, max-snippet:-1, max-image-preview:large, max-video-preview:-1\" \/>\n<link rel=\"canonical\" href=\"https:\/\/yar.deutschetage.ru\/mariya-pichugina\/\" \/>\n<meta property=\"og:locale\" content=\"de_DE\" \/>\n<meta property=\"og:type\" content=\"article\" \/>\n<meta property=\"og:title\" content=\"Marija Pitschugina, Schule Nr.52 Jaroslawl - Deutsche Tage in der Region Jaroslawl\" \/>\n<meta property=\"og:url\" content=\"https:\/\/yar.deutschetage.ru\/mariya-pichugina\/\" \/>\n<meta property=\"og:site_name\" content=\"Deutsche Tage in der Region Jaroslawl\" \/>\n<meta property=\"article:publisher\" content=\"https:\/\/www.facebook.com\/groups\/druzjagermanii\" \/>\n<meta property=\"article:published_time\" content=\"2021-03-09T19:20:10+00:00\" \/>\n<meta property=\"article:modified_time\" content=\"2021-07-21T10:40:30+00:00\" \/>\n<meta property=\"og:image\" content=\"https:\/\/yar.deutschetage.ru\/wp-content\/uploads\/2021\/03\/bild.jpg\" \/>\n\t<meta property=\"og:image:width\" content=\"1239\" \/>\n\t<meta property=\"og:image:height\" content=\"1754\" \/>\n<meta name=\"twitter:card\" content=\"summary_large_image\" \/>\n<script type=\"application\/ld+json\" class=\"yoast-schema-graph\">{\"@context\":\"https:\/\/schema.org\",\"@graph\":[{\"@type\":\"WebSite\",\"@id\":\"https:\/\/yar.deutschetage.ru\/de\/#website\",\"url\":\"https:\/\/yar.deutschetage.ru\/de\/\",\"name\":\"Deutsche Tage in der Region Jaroslawl\",\"description\":\"Wissenschaftliche Fantastik oder fantastische Wissenschaft\",\"potentialAction\":[{\"@type\":\"SearchAction\",\"target\":\"https:\/\/yar.deutschetage.ru\/de\/?s={search_term_string}\",\"query-input\":\"required name=search_term_string\"}],\"inLanguage\":\"de-DE\"},{\"@type\":\"ImageObject\",\"@id\":\"https:\/\/yar.deutschetage.ru\/mariya-pichugina\/#primaryimage\",\"inLanguage\":\"de-DE\",\"url\":\"https:\/\/yar.deutschetage.ru\/wp-content\/uploads\/2021\/03\/bild.jpg\",\"width\":1239,\"height\":1754},{\"@type\":\"WebPage\",\"@id\":\"https:\/\/yar.deutschetage.ru\/mariya-pichugina\/#webpage\",\"url\":\"https:\/\/yar.deutschetage.ru\/mariya-pichugina\/\",\"name\":\"Marija Pitschugina, Schule Nr.52 Jaroslawl - Deutsche Tage in der Region Jaroslawl\",\"isPartOf\":{\"@id\":\"https:\/\/yar.deutschetage.ru\/de\/#website\"},\"primaryImageOfPage\":{\"@id\":\"https:\/\/yar.deutschetage.ru\/mariya-pichugina\/#primaryimage\"},\"datePublished\":\"2021-03-09T19:20:10+00:00\",\"dateModified\":\"2021-07-21T10:40:30+00:00\",\"author\":{\"@id\":\"https:\/\/yar.deutschetage.ru\/de\/#\/schema\/person\/2245fbabe51e87216bd23df044af4cdd\"},\"breadcrumb\":{\"@id\":\"https:\/\/yar.deutschetage.ru\/mariya-pichugina\/#breadcrumb\"},\"inLanguage\":\"de-DE\",\"potentialAction\":[{\"@type\":\"ReadAction\",\"target\":[\"https:\/\/yar.deutschetage.ru\/mariya-pichugina\/\"]}]},{\"@type\":\"BreadcrumbList\",\"@id\":\"https:\/\/yar.deutschetage.ru\/mariya-pichugina\/#breadcrumb\",\"itemListElement\":[{\"@type\":\"ListItem\",\"position\":1,\"item\":{\"@type\":\"WebPage\",\"@id\":\"https:\/\/yar.deutschetage.ru\/\",\"url\":\"https:\/\/yar.deutschetage.ru\/\",\"name\":\"\\u0413\\u043b\\u0430\\u0432\\u043d\\u0430\\u044f\"}},{\"@type\":\"ListItem\",\"position\":2,\"item\":{\"@type\":\"WebPage\",\"@id\":\"https:\/\/yar.deutschetage.ru\/mariya-pichugina\/\",\"url\":\"https:\/\/yar.deutschetage.ru\/mariya-pichugina\/\",\"name\":\"\\u041c\\u0430\\u0440\\u0438\\u044f \\u041f\\u0438\\u0447\\u0443\\u0433\\u0438\\u043d\\u0430, \\u0448\\u043a\\u043e\\u043b\\u0430 \\u211652, \\u042f\\u0440\\u043e\\u0441\\u043b\\u0430\\u0432\\u043b\\u044c\"}}]},{\"@type\":\"Person\",\"@id\":\"https:\/\/yar.deutschetage.ru\/de\/#\/schema\/person\/2245fbabe51e87216bd23df044af4cdd\",\"name\":\"admin\",\"image\":{\"@type\":\"ImageObject\",\"@id\":\"https:\/\/yar.deutschetage.ru\/de\/#personlogo\",\"inLanguage\":\"de-DE\",\"url\":\"https:\/\/secure.gravatar.com\/avatar\/9edfe14db71d8cc87d79077644a41dae?s=96&d=mm&r=g\",\"caption\":\"admin\"}}]}<\/script>\n<!-- \/ Yoast SEO plugin. -->","_links":{"self":[{"href":"https:\/\/yar.deutschetage.ru\/de\/wp-json\/wp\/v2\/posts\/1117"}],"collection":[{"href":"https:\/\/yar.deutschetage.ru\/de\/wp-json\/wp\/v2\/posts"}],"about":[{"href":"https:\/\/yar.deutschetage.ru\/de\/wp-json\/wp\/v2\/types\/post"}],"author":[{"embeddable":true,"href":"https:\/\/yar.deutschetage.ru\/de\/wp-json\/wp\/v2\/users\/1"}],"replies":[{"embeddable":true,"href":"https:\/\/yar.deutschetage.ru\/de\/wp-json\/wp\/v2\/comments?post=1117"}],"version-history":[{"count":8,"href":"https:\/\/yar.deutschetage.ru\/de\/wp-json\/wp\/v2\/posts\/1117\/revisions"}],"predecessor-version":[{"id":1337,"href":"https:\/\/yar.deutschetage.ru\/de\/wp-json\/wp\/v2\/posts\/1117\/revisions\/1337"}],"wp:featuredmedia":[{"embeddable":true,"href":"https:\/\/yar.deutschetage.ru\/de\/wp-json\/wp\/v2\/media\/1122"}],"wp:attachment":[{"href":"https:\/\/yar.deutschetage.ru\/de\/wp-json\/wp\/v2\/media?parent=1117"}],"wp:term":[{"taxonomy":"category","embeddable":true,"href":"https:\/\/yar.deutschetage.ru\/de\/wp-json\/wp\/v2\/categories?post=1117"},{"taxonomy":"post_tag","embeddable":true,"href":"https:\/\/yar.deutschetage.ru\/de\/wp-json\/wp\/v2\/tags?post=1117"}],"curies":[{"name":"wp","href":"https:\/\/api.w.org\/{rel}","templated":true}]}}