{"id":1133,"date":"2021-03-09T20:05:24","date_gmt":"2021-03-09T20:05:24","guid":{"rendered":"https:\/\/yar.deutschetage.ru\/?p=1133"},"modified":"2021-07-21T10:39:03","modified_gmt":"2021-07-21T10:39:03","slug":"valeriya-ermolaeva","status":"publish","type":"post","link":"https:\/\/yar.deutschetage.ru\/de\/valeriya-ermolaeva\/","title":{"rendered":"Valerija Ermolajewa, Rostow"},"content":{"rendered":"\n<p>Titel: Folk-Rock Fest \u201cBr\u00fcder im Herzen\u201d<\/p>\n\n\n\n<p>Motto1: Unsere Tr\u00e4ume sind wie Fl\u00fcgel, die uns tragen<\/p>\n\n\n\n<p>Motto2: Die Welt soll uns h\u00f6ren, wir sind nicht allein<\/p>\n\n\n\n<p>Kommentare: Dem Folk-Rock gewidmet, als einer der tiefsten und interessantesten Trends in der Musik, der es Ihnen erm\u00f6glicht, die Folklore des Landes aus einer neuen Perspektive zu betrachten. Die Idee basiert auf dem Lied der deutschen Band Santiano &#8211; &#8222;Br\u00fcder im Herzen&#8220;.<\/p>\n\n\n\n<figure class=\"wp-block-image size-large\"><img loading=\"lazy\" width=\"625\" height=\"750\" src=\"https:\/\/yar.deutschetage.ru\/wp-content\/uploads\/2021\/03\/ermolaeva-small.png\" alt=\"\" class=\"wp-image-1134\" srcset=\"https:\/\/yar.deutschetage.ru\/wp-content\/uploads\/2021\/03\/ermolaeva-small.png 625w, https:\/\/yar.deutschetage.ru\/wp-content\/uploads\/2021\/03\/ermolaeva-small-250x300.png 250w\" sizes=\"(max-width: 625px) 100vw, 625px\" \/><\/figure>\n","protected":false},"excerpt":{"rendered":"<p>Titel: Folk-Rock Fest \u201cBr\u00fcder im Herzen\u201d Motto1: Unsere Tr\u00e4ume sind wie Fl\u00fcgel, die uns tragen Motto2: Die Welt soll uns h\u00f6ren, wir sind nicht allein Kommentare: Dem Folk-Rock gewidmet, als einer der tiefsten und interessantesten Trends in der Musik, der es Ihnen erm\u00f6glicht, die Folklore des Landes aus einer neuen Perspektive zu betrachten. Die Idee [&hellip;]<\/p>\n","protected":false},"author":1,"featured_media":1136,"comment_status":"closed","ping_status":"open","sticky":false,"template":"","format":"standard","meta":[],"categories":[12],"tags":[],"yoast_head":"<!-- This site is optimized with the Yoast SEO plugin v14.9 - https:\/\/yoast.com\/wordpress\/plugins\/seo\/ -->\n<title>Valerija Ermolajewa, Rostow - Deutsche Tage in der Region Jaroslawl<\/title>\n<meta name=\"robots\" content=\"index, follow, max-snippet:-1, max-image-preview:large, max-video-preview:-1\" \/>\n<link rel=\"canonical\" href=\"https:\/\/yar.deutschetage.ru\/valeriya-ermolaeva\/\" \/>\n<meta property=\"og:locale\" content=\"de_DE\" \/>\n<meta property=\"og:type\" content=\"article\" \/>\n<meta property=\"og:title\" content=\"Valerija Ermolajewa, Rostow - Deutsche Tage in der Region Jaroslawl\" \/>\n<meta property=\"og:url\" content=\"https:\/\/yar.deutschetage.ru\/valeriya-ermolaeva\/\" \/>\n<meta property=\"og:site_name\" content=\"Deutsche Tage in der Region Jaroslawl\" \/>\n<meta property=\"article:publisher\" content=\"https:\/\/www.facebook.com\/groups\/druzjagermanii\" \/>\n<meta property=\"article:published_time\" content=\"2021-03-09T20:05:24+00:00\" \/>\n<meta property=\"article:modified_time\" content=\"2021-07-21T10:39:03+00:00\" \/>\n<meta property=\"og:image\" content=\"https:\/\/yar.deutschetage.ru\/wp-content\/uploads\/2021\/03\/bild-3.jpg\" \/>\n\t<meta property=\"og:image:width\" content=\"1239\" \/>\n\t<meta property=\"og:image:height\" content=\"1754\" \/>\n<meta name=\"twitter:card\" content=\"summary_large_image\" \/>\n<script type=\"application\/ld+json\" class=\"yoast-schema-graph\">{\"@context\":\"https:\/\/schema.org\",\"@graph\":[{\"@type\":\"WebSite\",\"@id\":\"https:\/\/yar.deutschetage.ru\/de\/#website\",\"url\":\"https:\/\/yar.deutschetage.ru\/de\/\",\"name\":\"Deutsche Tage in der Region Jaroslawl\",\"description\":\"Wissenschaftliche Fantastik oder fantastische Wissenschaft\",\"potentialAction\":[{\"@type\":\"SearchAction\",\"target\":\"https:\/\/yar.deutschetage.ru\/de\/?s={search_term_string}\",\"query-input\":\"required name=search_term_string\"}],\"inLanguage\":\"de-DE\"},{\"@type\":\"ImageObject\",\"@id\":\"https:\/\/yar.deutschetage.ru\/valeriya-ermolaeva\/#primaryimage\",\"inLanguage\":\"de-DE\",\"url\":\"https:\/\/yar.deutschetage.ru\/wp-content\/uploads\/2021\/03\/bild-3.jpg\",\"width\":1239,\"height\":1754},{\"@type\":\"WebPage\",\"@id\":\"https:\/\/yar.deutschetage.ru\/valeriya-ermolaeva\/#webpage\",\"url\":\"https:\/\/yar.deutschetage.ru\/valeriya-ermolaeva\/\",\"name\":\"Valerija Ermolajewa, Rostow - Deutsche Tage in der Region Jaroslawl\",\"isPartOf\":{\"@id\":\"https:\/\/yar.deutschetage.ru\/de\/#website\"},\"primaryImageOfPage\":{\"@id\":\"https:\/\/yar.deutschetage.ru\/valeriya-ermolaeva\/#primaryimage\"},\"datePublished\":\"2021-03-09T20:05:24+00:00\",\"dateModified\":\"2021-07-21T10:39:03+00:00\",\"author\":{\"@id\":\"https:\/\/yar.deutschetage.ru\/de\/#\/schema\/person\/2245fbabe51e87216bd23df044af4cdd\"},\"breadcrumb\":{\"@id\":\"https:\/\/yar.deutschetage.ru\/valeriya-ermolaeva\/#breadcrumb\"},\"inLanguage\":\"de-DE\",\"potentialAction\":[{\"@type\":\"ReadAction\",\"target\":[\"https:\/\/yar.deutschetage.ru\/valeriya-ermolaeva\/\"]}]},{\"@type\":\"BreadcrumbList\",\"@id\":\"https:\/\/yar.deutschetage.ru\/valeriya-ermolaeva\/#breadcrumb\",\"itemListElement\":[{\"@type\":\"ListItem\",\"position\":1,\"item\":{\"@type\":\"WebPage\",\"@id\":\"https:\/\/yar.deutschetage.ru\/\",\"url\":\"https:\/\/yar.deutschetage.ru\/\",\"name\":\"\\u0413\\u043b\\u0430\\u0432\\u043d\\u0430\\u044f\"}},{\"@type\":\"ListItem\",\"position\":2,\"item\":{\"@type\":\"WebPage\",\"@id\":\"https:\/\/yar.deutschetage.ru\/valeriya-ermolaeva\/\",\"url\":\"https:\/\/yar.deutschetage.ru\/valeriya-ermolaeva\/\",\"name\":\"\\u0412\\u0430\\u043b\\u0435\\u0440\\u0438\\u044f \\u0415\\u0440\\u043c\\u043e\\u043b\\u0430\\u0435\\u0432\\u0430, \\u043a\\u043e\\u043b\\u043b\\u0435\\u0434\\u0436 \\u0433.\\u0420\\u043e\\u0441\\u0442\\u043e\\u0432\"}}]},{\"@type\":\"Person\",\"@id\":\"https:\/\/yar.deutschetage.ru\/de\/#\/schema\/person\/2245fbabe51e87216bd23df044af4cdd\",\"name\":\"admin\",\"image\":{\"@type\":\"ImageObject\",\"@id\":\"https:\/\/yar.deutschetage.ru\/de\/#personlogo\",\"inLanguage\":\"de-DE\",\"url\":\"https:\/\/secure.gravatar.com\/avatar\/9edfe14db71d8cc87d79077644a41dae?s=96&d=mm&r=g\",\"caption\":\"admin\"}}]}<\/script>\n<!-- \/ Yoast SEO plugin. -->","_links":{"self":[{"href":"https:\/\/yar.deutschetage.ru\/de\/wp-json\/wp\/v2\/posts\/1133"}],"collection":[{"href":"https:\/\/yar.deutschetage.ru\/de\/wp-json\/wp\/v2\/posts"}],"about":[{"href":"https:\/\/yar.deutschetage.ru\/de\/wp-json\/wp\/v2\/types\/post"}],"author":[{"embeddable":true,"href":"https:\/\/yar.deutschetage.ru\/de\/wp-json\/wp\/v2\/users\/1"}],"replies":[{"embeddable":true,"href":"https:\/\/yar.deutschetage.ru\/de\/wp-json\/wp\/v2\/comments?post=1133"}],"version-history":[{"count":5,"href":"https:\/\/yar.deutschetage.ru\/de\/wp-json\/wp\/v2\/posts\/1133\/revisions"}],"predecessor-version":[{"id":1198,"href":"https:\/\/yar.deutschetage.ru\/de\/wp-json\/wp\/v2\/posts\/1133\/revisions\/1198"}],"wp:featuredmedia":[{"embeddable":true,"href":"https:\/\/yar.deutschetage.ru\/de\/wp-json\/wp\/v2\/media\/1136"}],"wp:attachment":[{"href":"https:\/\/yar.deutschetage.ru\/de\/wp-json\/wp\/v2\/media?parent=1133"}],"wp:term":[{"taxonomy":"category","embeddable":true,"href":"https:\/\/yar.deutschetage.ru\/de\/wp-json\/wp\/v2\/categories?post=1133"},{"taxonomy":"post_tag","embeddable":true,"href":"https:\/\/yar.deutschetage.ru\/de\/wp-json\/wp\/v2\/tags?post=1133"}],"curies":[{"name":"wp","href":"https:\/\/api.w.org\/{rel}","templated":true}]}}