{"id":117,"date":"2020-10-26T07:51:00","date_gmt":"2020-10-26T07:51:00","guid":{"rendered":"https:\/\/yar.deutschetage.ru\/?p=117"},"modified":"2020-10-27T10:00:49","modified_gmt":"2020-10-27T10:00:49","slug":"programma-2","status":"publish","type":"post","link":"https:\/\/yar.deutschetage.ru\/de\/programma-2\/","title":{"rendered":"Deutsche Tage in Pereslawl"},"content":{"rendered":"\n<p> Es gibt keine Hindernisse f\u00fcr echte Freundschaft. Trotz der Tatsache, dass Russland und Deutschland Tausende von Kilometern voneinander entfernt sind, kommunizieren die Menschen in diesen beiden L\u00e4ndern, schlie\u00dfen Freunde und tauschen Informationen aus. Zwischen dem Landkreis Pereslawl in der Oblast Jaroslawl und dem hessischen Landkreis Waldeck-Frankenberg besteht seit 30 Jahren Partnerschaft. In diesen Tagen werden in Pereslawl Jubil\u00e4umsveranstaltungen durchgef\u00fchrt.<\/p>\n\n\n\n<p>Diesem Ereignis wird dieses Video-Film gewidmet.<\/p>\n\n\n\n<p>Swetlana Starostina, Beauftragte f\u00fcr Internationales:<\/p>\n\n\n\n<p>&#8222;Das ist nat\u00fcrlich sehr wichtig, denn Freundschaft hat keine Grenzen, keine Zeit, keine Entfernungen. Und wir erinnern uns, wie unsere Freunde uns vor 20 Jahren medizinische Ger\u00e4te, M\u00f6bel und Lebensmittel gebracht haben. Und es hat uns geholfen, die schwierigen Zeiten der Perestroika zu \u00fcberstehen. Dann schlug unsere Zusammenarbeit eine neue Richtung ein: gegenseitige wirtschaftliche Interessen wurden offenbart. Die Unternehmer tauschten Erfahrungen, Spezialisten und Technologien aus. Diese Zusammenarbeit entwickelte sich in verschiedenen Bereichen und dauerte mehr als ein Jahr. Wegen der COVID19-Pandemie werden keine Austauschprojekte durchgef\u00fchrt. Wir stehen aber mit unseren deutschen Partner im Kontakt. Zur Zeit, zum Beispiel, werden Schwerpunkte der Zusammenarbeit zwischen den Nationalparken &#8222;Pleschtscheewo See&#8220; und Kellerwald-Edersee diskutiert. Wir hoffen diese Zusammenarbeit bring neue Impulse in unsere partnerschaftliche Beziehungen besonders im Umweltbereich&#8220;.<\/p>\n\n\n\n<p>Im Rahmen der Jubil\u00e4umsveranstaltungen wurde in Pereslaw ein Konzert organisiert, wo behinderte Kinder lasen deutsche Gedichte und Tanzgruppe &#8222;Wdochnowjenije&#8220; (Inspiration) tanzte deutsche Volkstanze. Diese Tanzgruppe besuchte im letzten Jahr mit einem Konzert deutsche  Stadt Neckarbischoftsheim im Baden-W\u00fcrtemberg. Mit dieser Stadt verbindet sich Pereslawl mit partnerschaftlichen Beziehungen im sozialen Bereich.<\/p>\n\n\n\n<p>Valerij Astrakhanzew, Landrat Pereslawl:<\/p>\n\n\n\n<p>&#8222;Wir w\u00fcnschen uns, dass unsere neuen Projekte zum Wohle der Freundschaft zwischen unseren V\u00f6lkern eine neue Farbe erhalten und neue Horizonte f\u00fcr die Zusammenarbeit er\u00f6ffnen. Wir hoffen, dass unsere deutsche Partner n\u00e4chstes Jahr unsere Stadt besuchen k\u00f6nnen, um das 800-j\u00e4hriges Geburtstag von russischen Gro\u00dff\u00fcrst Alexander Newski zu feiern. Vielen Dank, liebe deutsche Freunde, f\u00fcr das Positive, das Sie in die Entwicklung unserer freundschaftlichen Beziehungen gesteckt haben.&#8220;<\/p>\n\n\n\n<p>Der letzte Gl\u00fcckwunsch an Freunde aus Deutschland war die Aufnahme eines Videos im Rahmen der Deutschen Tage in der Region Jaroslawl 2020.<\/p>\n\n\n\n<figure class=\"wp-block-embed-youtube wp-block-embed is-type-video is-provider-youtube wp-embed-aspect-4-3 wp-has-aspect-ratio\"><div class=\"wp-block-embed__wrapper\">\n<iframe title=\"\u0414\u043d\u0438 \u0413\u0435\u0440\u043c\u0430\u043d\u0438\u0438 \u0432 \u0420\u043e\u0441\u0441\u0438\u0438\" width=\"800\" height=\"600\" src=\"https:\/\/www.youtube.com\/embed\/WuNf_JJ9pFA?feature=oembed\" frameborder=\"0\" allow=\"accelerometer; autoplay; clipboard-write; encrypted-media; gyroscope; picture-in-picture\" allowfullscreen><\/iframe>\n<\/div><\/figure>\n\n\n\n<p><\/p>\n","protected":false},"excerpt":{"rendered":"<p>Es gibt keine Hindernisse f\u00fcr echte Freundschaft. Trotz der Tatsache, dass Russland und Deutschland Tausende von Kilometern voneinander entfernt sind, kommunizieren die Menschen in diesen beiden L\u00e4ndern, schlie\u00dfen Freunde und tauschen Informationen aus. Zwischen dem Landkreis Pereslawl in der Oblast Jaroslawl und dem hessischen Landkreis Waldeck-Frankenberg besteht seit 30 Jahren Partnerschaft. In diesen Tagen werden [&hellip;]<\/p>\n","protected":false},"author":2,"featured_media":131,"comment_status":"closed","ping_status":"open","sticky":false,"template":"","format":"standard","meta":[],"categories":[4],"tags":[],"yoast_head":"<!-- This site is optimized with the Yoast SEO plugin v14.9 - https:\/\/yoast.com\/wordpress\/plugins\/seo\/ -->\n<title>Deutsche Tage in Pereslawl - Deutsche Tage in der Region Jaroslawl<\/title>\n<meta name=\"robots\" content=\"index, follow, max-snippet:-1, max-image-preview:large, max-video-preview:-1\" \/>\n<link rel=\"canonical\" href=\"https:\/\/yar.deutschetage.ru\/programma-2\/\" \/>\n<meta property=\"og:locale\" content=\"de_DE\" \/>\n<meta property=\"og:type\" content=\"article\" \/>\n<meta property=\"og:title\" content=\"Deutsche Tage in Pereslawl - Deutsche Tage in der Region Jaroslawl\" \/>\n<meta property=\"og:url\" content=\"https:\/\/yar.deutschetage.ru\/programma-2\/\" \/>\n<meta property=\"og:site_name\" content=\"Deutsche Tage in der Region Jaroslawl\" \/>\n<meta property=\"article:publisher\" content=\"https:\/\/www.facebook.com\/groups\/druzjagermanii\" \/>\n<meta property=\"article:published_time\" content=\"2020-10-26T07:51:00+00:00\" \/>\n<meta property=\"article:modified_time\" content=\"2020-10-27T10:00:49+00:00\" \/>\n<meta property=\"og:image\" content=\"https:\/\/yar.deutschetage.ru\/wp-content\/uploads\/2020\/09\/0f94e84c-d894-49ca-b971-3b401c9cc224.jpg\" \/>\n\t<meta property=\"og:image:width\" content=\"1280\" \/>\n\t<meta property=\"og:image:height\" content=\"854\" \/>\n<meta name=\"twitter:card\" content=\"summary_large_image\" \/>\n<script type=\"application\/ld+json\" class=\"yoast-schema-graph\">{\"@context\":\"https:\/\/schema.org\",\"@graph\":[{\"@type\":\"WebSite\",\"@id\":\"https:\/\/yar.deutschetage.ru\/de\/#website\",\"url\":\"https:\/\/yar.deutschetage.ru\/de\/\",\"name\":\"Deutsche Tage in der Region Jaroslawl\",\"description\":\"Wissenschaftliche Fantastik oder fantastische Wissenschaft\",\"potentialAction\":[{\"@type\":\"SearchAction\",\"target\":\"https:\/\/yar.deutschetage.ru\/de\/?s={search_term_string}\",\"query-input\":\"required name=search_term_string\"}],\"inLanguage\":\"de-DE\"},{\"@type\":\"ImageObject\",\"@id\":\"https:\/\/yar.deutschetage.ru\/programma-2\/#primaryimage\",\"inLanguage\":\"de-DE\",\"url\":\"https:\/\/yar.deutschetage.ru\/wp-content\/uploads\/2020\/09\/0f94e84c-d894-49ca-b971-3b401c9cc224.jpg\",\"width\":1280,\"height\":854},{\"@type\":\"WebPage\",\"@id\":\"https:\/\/yar.deutschetage.ru\/programma-2\/#webpage\",\"url\":\"https:\/\/yar.deutschetage.ru\/programma-2\/\",\"name\":\"Deutsche Tage in Pereslawl - Deutsche Tage in der Region Jaroslawl\",\"isPartOf\":{\"@id\":\"https:\/\/yar.deutschetage.ru\/de\/#website\"},\"primaryImageOfPage\":{\"@id\":\"https:\/\/yar.deutschetage.ru\/programma-2\/#primaryimage\"},\"datePublished\":\"2020-10-26T07:51:00+00:00\",\"dateModified\":\"2020-10-27T10:00:49+00:00\",\"author\":{\"@id\":\"https:\/\/yar.deutschetage.ru\/de\/#\/schema\/person\/4f39fe90cebbcc93ada07890317ab455\"},\"breadcrumb\":{\"@id\":\"https:\/\/yar.deutschetage.ru\/programma-2\/#breadcrumb\"},\"inLanguage\":\"de-DE\",\"potentialAction\":[{\"@type\":\"ReadAction\",\"target\":[\"https:\/\/yar.deutschetage.ru\/programma-2\/\"]}]},{\"@type\":\"BreadcrumbList\",\"@id\":\"https:\/\/yar.deutschetage.ru\/programma-2\/#breadcrumb\",\"itemListElement\":[{\"@type\":\"ListItem\",\"position\":1,\"item\":{\"@type\":\"WebPage\",\"@id\":\"https:\/\/yar.deutschetage.ru\/\",\"url\":\"https:\/\/yar.deutschetage.ru\/\",\"name\":\"\\u0413\\u043b\\u0430\\u0432\\u043d\\u0430\\u044f\"}},{\"@type\":\"ListItem\",\"position\":2,\"item\":{\"@type\":\"WebPage\",\"@id\":\"https:\/\/yar.deutschetage.ru\/programma-2\/\",\"url\":\"https:\/\/yar.deutschetage.ru\/programma-2\/\",\"name\":\"\\u0414\\u043d\\u0438 \\u0413\\u0435\\u0440\\u043c\\u0430\\u043d\\u0438\\u0438 \\u0432 \\u041f\\u0435\\u0440\\u0435\\u0441\\u043b\\u0430\\u0432\\u043b\\u0435-\\u0417\\u0430\\u043b\\u0435\\u0441\\u0441\\u043a\\u043e\\u043c\"}}]},{\"@type\":\"Person\",\"@id\":\"https:\/\/yar.deutschetage.ru\/de\/#\/schema\/person\/4f39fe90cebbcc93ada07890317ab455\",\"name\":\"\\u0412\\u0430\\u043b\\u0435\\u043d\\u0442\\u0438\\u043d\\u0430\",\"image\":{\"@type\":\"ImageObject\",\"@id\":\"https:\/\/yar.deutschetage.ru\/de\/#personlogo\",\"inLanguage\":\"de-DE\",\"url\":\"https:\/\/secure.gravatar.com\/avatar\/1fe39c6a447b1a4ad661671d48304a9e?s=96&d=mm&r=g\",\"caption\":\"\\u0412\\u0430\\u043b\\u0435\\u043d\\u0442\\u0438\\u043d\\u0430\"}}]}<\/script>\n<!-- \/ Yoast SEO plugin. -->","_links":{"self":[{"href":"https:\/\/yar.deutschetage.ru\/de\/wp-json\/wp\/v2\/posts\/117"}],"collection":[{"href":"https:\/\/yar.deutschetage.ru\/de\/wp-json\/wp\/v2\/posts"}],"about":[{"href":"https:\/\/yar.deutschetage.ru\/de\/wp-json\/wp\/v2\/types\/post"}],"author":[{"embeddable":true,"href":"https:\/\/yar.deutschetage.ru\/de\/wp-json\/wp\/v2\/users\/2"}],"replies":[{"embeddable":true,"href":"https:\/\/yar.deutschetage.ru\/de\/wp-json\/wp\/v2\/comments?post=117"}],"version-history":[{"count":7,"href":"https:\/\/yar.deutschetage.ru\/de\/wp-json\/wp\/v2\/posts\/117\/revisions"}],"predecessor-version":[{"id":755,"href":"https:\/\/yar.deutschetage.ru\/de\/wp-json\/wp\/v2\/posts\/117\/revisions\/755"}],"wp:featuredmedia":[{"embeddable":true,"href":"https:\/\/yar.deutschetage.ru\/de\/wp-json\/wp\/v2\/media\/131"}],"wp:attachment":[{"href":"https:\/\/yar.deutschetage.ru\/de\/wp-json\/wp\/v2\/media?parent=117"}],"wp:term":[{"taxonomy":"category","embeddable":true,"href":"https:\/\/yar.deutschetage.ru\/de\/wp-json\/wp\/v2\/categories?post=117"},{"taxonomy":"post_tag","embeddable":true,"href":"https:\/\/yar.deutschetage.ru\/de\/wp-json\/wp\/v2\/tags?post=117"}],"curies":[{"name":"wp","href":"https:\/\/api.w.org\/{rel}","templated":true}]}}