{"id":1190,"date":"2021-03-21T12:44:04","date_gmt":"2021-03-21T12:44:04","guid":{"rendered":"https:\/\/yar.deutschetage.ru\/?p=1190"},"modified":"2021-07-21T10:22:37","modified_gmt":"2021-07-21T10:22:37","slug":"itogi-konkursa-plakatov","status":"publish","type":"post","link":"https:\/\/yar.deutschetage.ru\/de\/itogi-konkursa-plakatov\/","title":{"rendered":"Ergebnisse des Plakatwettbewerbs"},"content":{"rendered":"\n<p>Wir danken allen Teilnehmern des kreativen Projekts: ein Plakat f\u00fcr das Festival &#8222;Deutsche Tage in der Region Jaroslawl 2021&#8220; zu erstellen.<\/p>\n\n\n\n<p>Alle kreativen Arbeiten werden auf der Hauptseite ver\u00f6ffentlicht und von den Besuchern der Website bewertet. Die endg\u00fcltige Auswahl der Gewinner erfolgte am 20. M\u00e4rz 2021 durch eine Kommission von 10 Vorstandsmitgliedern des Russisch-Deutsch-Franz\u00f6sischen Freundschaftsvereins Jaroslawl. Die Auswahl der Gewinner basierte auf folgenden Kriterien:<\/p>\n\n\n\n<p><strong>kreativer Ansatz in Design und Sichtbarkeit<br>Einhaltung der Ziele des Projekts<br>Kreativit\u00e4t des Denkens<br>Anwendbarkeit auf Werbung und publizistische Dokumente<br>Anzahl der Likes auf der Website<\/strong><\/p>\n\n\n\n<p><br>Infolgedessen sind die Gewinner:<\/p>\n\n\n\n<p><strong>GRUPPE I &#8211; Altersgruppe von 12 bis 17 Jahren<\/strong><\/p>\n\n\n\n<ol><li><strong>Platz &#8211; Yulia Ryzhenkova<\/strong>, Plakat &#8222;30. Jahrestag der Partnerschaft zwischen Hessen und Oblast Jaroslawl&#8220;, Motto: &#8222;Lasst uns eine gemeinsame Zukunft aufbauen!&#8220; &#8211; f\u00fcr die Dekoration, originelle L\u00f6sung und die vollst\u00e4ndigste Einhaltung der Ziele des Festivals<\/li><li><strong>Platz &#8211; Beata Moskvitina<\/strong>, Plakat &#8222;Dialog der Kulturen &#8211; Dialog der Epochen&#8220;, Motto &#8222;Die Zukunft gestalten, auf kulturelles und historisches Erbe zur\u00fcckgreifen&#8220; &#8211; f\u00fcr die urspr\u00fcngliche Dekoration und die vollst\u00e4ndigste Einhaltung der Ziele des Festivals<\/li><li><strong>Platz &#8211; Maria Pichugina<\/strong>, Plakat \u201eMysterious Romantic Hoffmann\u201c, Motto \u201eMusiker und K\u00fcnstler, Anwalt und Dichter &#8211; Hoffmanns Romantik ist ein unvollst\u00e4ndiges Portr\u00e4t! Dieses Jahr werden wir auf dem Festival helfen, es mit Ihnen zu enth\u00fcllen! &#8220; &#8211; f\u00fcr die originelle k\u00fcnstlerische und literarische Gestaltung der thematischen Veranstaltung sowie f\u00fcr gute Noten der Besucher der Website<\/li><\/ol>\n\n\n\n<p><strong>GRUPPE II &#8211; Altersgruppe von 18 bis 25 Jahren<\/strong><\/p>\n\n\n\n<ol><li><strong>Platz &#8211; Eleonora Bilalva und Ekaterina Moskovzewa<\/strong>, Plakat &#8222;So malte ich&#8220;, Motto: &#8222;Tauchen Sie ein in die Kunst &#8211; machen Sie einen Schritt in die Ewigkeit&#8220; &#8211; f\u00fcr die Dekoration und originelle L\u00f6sung f\u00fcr das thematische Ereignis<\/li><li><strong>Platz &#8211; Alina Saifuloeva<\/strong>, Plakat &#8222;D\u00fcrer und seine Kunst&#8220;, das Motto &#8222;Es gibt keine Leinwand besser als Holz&#8220; &#8211; f\u00fcr die urspr\u00fcngliche Gestaltung des Plakats f\u00fcr das thematische Ereignis<\/li><li><strong>Platz &#8211; Valeria Ermolaeva<\/strong>, Plakat &#8222;Brothers in Heart&#8220;, das Motto &#8222;Unsere Tr\u00e4ume sind wie Fl\u00fcgel, die uns tragen&#8220; &#8211; f\u00fcr die originelle Dekoration des thematischen Ereignisses sowie das hohe Lob der Besucher der Website<\/li><\/ol>\n\n\n\n<p><strong>GRUPPE III &#8211; Teilnehmer unter 12 Jahren und Familiengruppen<\/strong><\/p>\n\n\n\n<ol><li><strong>Platz &#8211; Maxim Netschajev<\/strong>, Plakat &#8222;Harmony in Einheit&#8220;, Motto: &#8222;Gemeinsam handeln &#8211; dynamisch entwickeln&#8220; &#8211; f\u00fcr die originelle Dekoration, originelle L\u00f6sung und die vollst\u00e4ndigste Einhaltung der Ziele des Festivals<\/li><\/ol>\n\n\n\n<p>Alle  Teilnehmer erhalten Teilnehmerzertifikate und Geschenke f\u00fcr originelle kreative Arbeiten.<\/p>\n\n\n\n<p>Die Preisverleihung der Gewinner und Teilnehmer erfolgt im April im pers\u00f6nlichen Format. Datum und Uhrzeit werden sp\u00e4ter bekannt gegeben<\/p>\n","protected":false},"excerpt":{"rendered":"<p>Wir danken allen Teilnehmern des kreativen Projekts: ein Plakat f\u00fcr das Festival &#8222;Deutsche Tage in der Region Jaroslawl 2021&#8220; zu erstellen. Alle kreativen Arbeiten werden auf der Hauptseite ver\u00f6ffentlicht und von den Besuchern der Website bewertet. Die endg\u00fcltige Auswahl der Gewinner erfolgte am 20. M\u00e4rz 2021 durch eine Kommission von 10 Vorstandsmitgliedern des Russisch-Deutsch-Franz\u00f6sischen Freundschaftsvereins [&hellip;]<\/p>\n","protected":false},"author":1,"featured_media":1102,"comment_status":"closed","ping_status":"open","sticky":false,"template":"","format":"standard","meta":[],"categories":[9],"tags":[],"yoast_head":"<!-- This site is optimized with the Yoast SEO plugin v14.9 - https:\/\/yoast.com\/wordpress\/plugins\/seo\/ -->\n<title>Ergebnisse des Plakatwettbewerbs - Deutsche Tage in der Region Jaroslawl<\/title>\n<meta name=\"robots\" content=\"index, follow, max-snippet:-1, max-image-preview:large, max-video-preview:-1\" \/>\n<link rel=\"canonical\" href=\"https:\/\/yar.deutschetage.ru\/itogi-konkursa-plakatov\/\" \/>\n<meta property=\"og:locale\" content=\"de_DE\" \/>\n<meta property=\"og:type\" content=\"article\" \/>\n<meta property=\"og:title\" content=\"Ergebnisse des Plakatwettbewerbs - Deutsche Tage in der Region Jaroslawl\" \/>\n<meta property=\"og:url\" content=\"https:\/\/yar.deutschetage.ru\/itogi-konkursa-plakatov\/\" \/>\n<meta property=\"og:site_name\" content=\"Deutsche Tage in der Region Jaroslawl\" \/>\n<meta property=\"article:publisher\" content=\"https:\/\/www.facebook.com\/groups\/druzjagermanii\" \/>\n<meta property=\"article:published_time\" content=\"2021-03-21T12:44:04+00:00\" \/>\n<meta property=\"article:modified_time\" content=\"2021-07-21T10:22:37+00:00\" \/>\n<meta property=\"og:image\" content=\"https:\/\/yar.deutschetage.ru\/wp-content\/uploads\/2021\/03\/plakat1-nemeczkij.jpg\" \/>\n\t<meta property=\"og:image:width\" content=\"1240\" \/>\n\t<meta property=\"og:image:height\" content=\"1754\" \/>\n<meta name=\"twitter:card\" content=\"summary_large_image\" \/>\n<script type=\"application\/ld+json\" class=\"yoast-schema-graph\">{\"@context\":\"https:\/\/schema.org\",\"@graph\":[{\"@type\":\"WebSite\",\"@id\":\"https:\/\/yar.deutschetage.ru\/de\/#website\",\"url\":\"https:\/\/yar.deutschetage.ru\/de\/\",\"name\":\"Deutsche Tage in der Region Jaroslawl\",\"description\":\"Wissenschaftliche Fantastik oder fantastische Wissenschaft\",\"potentialAction\":[{\"@type\":\"SearchAction\",\"target\":\"https:\/\/yar.deutschetage.ru\/de\/?s={search_term_string}\",\"query-input\":\"required name=search_term_string\"}],\"inLanguage\":\"de-DE\"},{\"@type\":\"ImageObject\",\"@id\":\"https:\/\/yar.deutschetage.ru\/itogi-konkursa-plakatov\/#primaryimage\",\"inLanguage\":\"de-DE\",\"url\":\"https:\/\/yar.deutschetage.ru\/wp-content\/uploads\/2021\/03\/plakat1-nemeczkij.jpg\",\"width\":1240,\"height\":1754},{\"@type\":\"WebPage\",\"@id\":\"https:\/\/yar.deutschetage.ru\/itogi-konkursa-plakatov\/#webpage\",\"url\":\"https:\/\/yar.deutschetage.ru\/itogi-konkursa-plakatov\/\",\"name\":\"Ergebnisse des Plakatwettbewerbs - Deutsche Tage in der Region Jaroslawl\",\"isPartOf\":{\"@id\":\"https:\/\/yar.deutschetage.ru\/de\/#website\"},\"primaryImageOfPage\":{\"@id\":\"https:\/\/yar.deutschetage.ru\/itogi-konkursa-plakatov\/#primaryimage\"},\"datePublished\":\"2021-03-21T12:44:04+00:00\",\"dateModified\":\"2021-07-21T10:22:37+00:00\",\"author\":{\"@id\":\"https:\/\/yar.deutschetage.ru\/de\/#\/schema\/person\/2245fbabe51e87216bd23df044af4cdd\"},\"breadcrumb\":{\"@id\":\"https:\/\/yar.deutschetage.ru\/itogi-konkursa-plakatov\/#breadcrumb\"},\"inLanguage\":\"de-DE\",\"potentialAction\":[{\"@type\":\"ReadAction\",\"target\":[\"https:\/\/yar.deutschetage.ru\/itogi-konkursa-plakatov\/\"]}]},{\"@type\":\"BreadcrumbList\",\"@id\":\"https:\/\/yar.deutschetage.ru\/itogi-konkursa-plakatov\/#breadcrumb\",\"itemListElement\":[{\"@type\":\"ListItem\",\"position\":1,\"item\":{\"@type\":\"WebPage\",\"@id\":\"https:\/\/yar.deutschetage.ru\/\",\"url\":\"https:\/\/yar.deutschetage.ru\/\",\"name\":\"\\u0413\\u043b\\u0430\\u0432\\u043d\\u0430\\u044f\"}},{\"@type\":\"ListItem\",\"position\":2,\"item\":{\"@type\":\"WebPage\",\"@id\":\"https:\/\/yar.deutschetage.ru\/itogi-konkursa-plakatov\/\",\"url\":\"https:\/\/yar.deutschetage.ru\/itogi-konkursa-plakatov\/\",\"name\":\"\\u041a\\u043e\\u043d\\u043a\\u0443\\u0440\\u0441 \\u043f\\u043b\\u0430\\u043a\\u0430\\u0442\\u043e\\u0432 2021\"}}]},{\"@type\":\"Person\",\"@id\":\"https:\/\/yar.deutschetage.ru\/de\/#\/schema\/person\/2245fbabe51e87216bd23df044af4cdd\",\"name\":\"admin\",\"image\":{\"@type\":\"ImageObject\",\"@id\":\"https:\/\/yar.deutschetage.ru\/de\/#personlogo\",\"inLanguage\":\"de-DE\",\"url\":\"https:\/\/secure.gravatar.com\/avatar\/9edfe14db71d8cc87d79077644a41dae?s=96&d=mm&r=g\",\"caption\":\"admin\"}}]}<\/script>\n<!-- \/ Yoast SEO plugin. -->","_links":{"self":[{"href":"https:\/\/yar.deutschetage.ru\/de\/wp-json\/wp\/v2\/posts\/1190"}],"collection":[{"href":"https:\/\/yar.deutschetage.ru\/de\/wp-json\/wp\/v2\/posts"}],"about":[{"href":"https:\/\/yar.deutschetage.ru\/de\/wp-json\/wp\/v2\/types\/post"}],"author":[{"embeddable":true,"href":"https:\/\/yar.deutschetage.ru\/de\/wp-json\/wp\/v2\/users\/1"}],"replies":[{"embeddable":true,"href":"https:\/\/yar.deutschetage.ru\/de\/wp-json\/wp\/v2\/comments?post=1190"}],"version-history":[{"count":5,"href":"https:\/\/yar.deutschetage.ru\/de\/wp-json\/wp\/v2\/posts\/1190\/revisions"}],"predecessor-version":[{"id":1334,"href":"https:\/\/yar.deutschetage.ru\/de\/wp-json\/wp\/v2\/posts\/1190\/revisions\/1334"}],"wp:featuredmedia":[{"embeddable":true,"href":"https:\/\/yar.deutschetage.ru\/de\/wp-json\/wp\/v2\/media\/1102"}],"wp:attachment":[{"href":"https:\/\/yar.deutschetage.ru\/de\/wp-json\/wp\/v2\/media?parent=1190"}],"wp:term":[{"taxonomy":"category","embeddable":true,"href":"https:\/\/yar.deutschetage.ru\/de\/wp-json\/wp\/v2\/categories?post=1190"},{"taxonomy":"post_tag","embeddable":true,"href":"https:\/\/yar.deutschetage.ru\/de\/wp-json\/wp\/v2\/tags?post=1190"}],"curies":[{"name":"wp","href":"https:\/\/api.w.org\/{rel}","templated":true}]}}