{"id":1230,"date":"2021-04-07T07:34:00","date_gmt":"2021-04-07T07:34:00","guid":{"rendered":"https:\/\/yar.deutschetage.ru\/?p=1230"},"modified":"2021-04-09T08:53:48","modified_gmt":"2021-04-09T08:53:48","slug":"7-aprelya-telemost-pereslavl-korbah","status":"publish","type":"post","link":"https:\/\/yar.deutschetage.ru\/de\/7-aprelya-telemost-pereslavl-korbah\/","title":{"rendered":"7.April &#8211; Online-Meeting Korbach &#8211; Pereslawl"},"content":{"rendered":"\n<p>Am 7. April 2021 fand eine Telekonferenz zwischen der russischen Stadt Pereslawl Salesskij und der deutschen Stadt Korbach statt.<\/p>\n\n\n\n<p> Frau Landr\u00e4tin Irina Strokinowa und Herr Landrat Dr. Reinhard Kubat, sowie weitere Vertreter des Stadkreises Pereslawl-Salesskij und des Landkreises Waldeck-Frankenberg &#8211; langj\u00e4hrige Partner &#8211; trafen sich online. Die kommunale Zusammenarbeit zwischen diesen Landkreisen besteht seit 1990 und bildet die Grundlage f\u00fcr die Partnerschaft zwischen der Region Jaroslawl und dem Bundesland Hessen.<\/p>\n\n\n\n<p>Die Hauptbereiche der Zusammenarbeit zwischen dem Stadtkreises Pereslawl und dem Landkreises Waldeck-Frankenberg waren die Entwicklung des Unternehmertums, der Landwirtschaft und der energiesparenden Produktion sowie bildungs- und praxisorientierte Veranstaltungen f\u00fcr Studenten von Berufsschulen und junge Fachkr\u00e4fte kleiner und mittlerer Unternehmen.  Einen besonderen Platz in der Zusammenarbeit nimmt der Informationsaustausch zwischen den Nationalparks &#8222;Pleschtschejevo-See&#8220; in Pereslawl und Kellerwald-Edersee in Waldeck-Frankenberg ein.<\/p>\n\n\n\n<p>Die globale COVID19-Pandemie hat direkte Kontakte zwischen Partnern vor\u00fcbergehend unm\u00f6glich gemacht, und alle Pl\u00e4ne, die in den Jahren 2020-2021 umgesetzt werden sollen, m\u00fcssen auf 2022 verschoben werden.<\/p>\n\n\n\n<p>Bei dem Online-Treffen am 7. April tauschten die Partner aktuelle Informationen \u00fcber das Leben in den Regionen aus und best\u00e4tigten ihre Absicht zur Zusammenarbeit.<\/p>\n\n\n\n<p>W\u00e4hrend des Besuchs der pereslawler Delegation in Waldeck-Frankenberg im Jahr 2019 fand ein Besuch im Kellerwald-Edersee-Nationalpark statt, wo eine interessante Holzskulptur erworben wurde, die zwei Figuren zeigt, die ihre K\u00f6pfe voreinander neigen. Diese Skulptur ist zu einem Art-Symbol f\u00fcr die Partnerschaft zwischen diesen beiden Regionen geworden.<\/p>\n\n\n\n<p>Wir w\u00fcnschen viele weitere interessante gemeinsame Projekte!<\/p>\n\n\n\n<figure class=\"wp-block-gallery columns-2 is-cropped\"><ul class=\"blocks-gallery-grid\"><li class=\"blocks-gallery-item\"><figure><img loading=\"lazy\" width=\"960\" height=\"720\" src=\"https:\/\/yar.deutschetage.ru\/wp-content\/uploads\/2021\/04\/1.jpg\" alt=\"\" data-id=\"1235\" data-full-url=\"https:\/\/yar.deutschetage.ru\/wp-content\/uploads\/2021\/04\/1.jpg\" data-link=\"https:\/\/yar.deutschetage.ru\/7-aprelya-telemost-pereslavl-korbah\/1-5\/\" class=\"wp-image-1235\" srcset=\"https:\/\/yar.deutschetage.ru\/wp-content\/uploads\/2021\/04\/1.jpg 960w, https:\/\/yar.deutschetage.ru\/wp-content\/uploads\/2021\/04\/1-300x225.jpg 300w, https:\/\/yar.deutschetage.ru\/wp-content\/uploads\/2021\/04\/1-768x576.jpg 768w\" sizes=\"(max-width: 960px) 100vw, 960px\" \/><\/figure><\/li><li class=\"blocks-gallery-item\"><figure><img loading=\"lazy\" width=\"960\" height=\"641\" src=\"https:\/\/yar.deutschetage.ru\/wp-content\/uploads\/2021\/04\/2.jpg\" alt=\"\" data-id=\"1236\" data-full-url=\"https:\/\/yar.deutschetage.ru\/wp-content\/uploads\/2021\/04\/2.jpg\" data-link=\"https:\/\/yar.deutschetage.ru\/7-aprelya-telemost-pereslavl-korbah\/2-4\/\" class=\"wp-image-1236\" srcset=\"https:\/\/yar.deutschetage.ru\/wp-content\/uploads\/2021\/04\/2.jpg 960w, https:\/\/yar.deutschetage.ru\/wp-content\/uploads\/2021\/04\/2-300x200.jpg 300w, https:\/\/yar.deutschetage.ru\/wp-content\/uploads\/2021\/04\/2-768x513.jpg 768w\" sizes=\"(max-width: 960px) 100vw, 960px\" \/><\/figure><\/li><\/ul><\/figure>\n\n\n\n<figure class=\"wp-block-gallery columns-2 is-cropped\"><ul class=\"blocks-gallery-grid\"><li class=\"blocks-gallery-item\"><figure><img loading=\"lazy\" width=\"768\" height=\"1024\" src=\"https:\/\/yar.deutschetage.ru\/wp-content\/uploads\/2021\/04\/6-768x1024.jpg\" alt=\"\" data-id=\"1231\" data-full-url=\"https:\/\/yar.deutschetage.ru\/wp-content\/uploads\/2021\/04\/6.jpg\" data-link=\"https:\/\/yar.deutschetage.ru\/7-aprelya-telemost-pereslavl-korbah\/6-4\/\" class=\"wp-image-1231\" srcset=\"https:\/\/yar.deutschetage.ru\/wp-content\/uploads\/2021\/04\/6-768x1024.jpg 768w, https:\/\/yar.deutschetage.ru\/wp-content\/uploads\/2021\/04\/6-225x300.jpg 225w, https:\/\/yar.deutschetage.ru\/wp-content\/uploads\/2021\/04\/6.jpg 960w\" sizes=\"(max-width: 768px) 100vw, 768px\" \/><\/figure><\/li><li class=\"blocks-gallery-item\"><figure><img loading=\"lazy\" width=\"768\" height=\"1024\" src=\"https:\/\/yar.deutschetage.ru\/wp-content\/uploads\/2021\/04\/5-768x1024.jpg\" alt=\"\" data-id=\"1232\" data-full-url=\"https:\/\/yar.deutschetage.ru\/wp-content\/uploads\/2021\/04\/5.jpg\" data-link=\"https:\/\/yar.deutschetage.ru\/7-aprelya-telemost-pereslavl-korbah\/5-3\/\" class=\"wp-image-1232\" srcset=\"https:\/\/yar.deutschetage.ru\/wp-content\/uploads\/2021\/04\/5-768x1024.jpg 768w, https:\/\/yar.deutschetage.ru\/wp-content\/uploads\/2021\/04\/5-225x300.jpg 225w, https:\/\/yar.deutschetage.ru\/wp-content\/uploads\/2021\/04\/5.jpg 960w\" sizes=\"(max-width: 768px) 100vw, 768px\" \/><\/figure><\/li><\/ul><\/figure>\n\n\n\n<figure class=\"wp-block-gallery columns-2 is-cropped\"><ul class=\"blocks-gallery-grid\"><li class=\"blocks-gallery-item\"><figure><img loading=\"lazy\" width=\"1024\" height=\"683\" src=\"https:\/\/yar.deutschetage.ru\/wp-content\/uploads\/2021\/04\/3-1024x683.jpg\" alt=\"\" data-id=\"1233\" data-full-url=\"https:\/\/yar.deutschetage.ru\/wp-content\/uploads\/2021\/04\/3.jpg\" data-link=\"https:\/\/yar.deutschetage.ru\/7-aprelya-telemost-pereslavl-korbah\/3-5\/\" class=\"wp-image-1233\" srcset=\"https:\/\/yar.deutschetage.ru\/wp-content\/uploads\/2021\/04\/3-1024x683.jpg 1024w, https:\/\/yar.deutschetage.ru\/wp-content\/uploads\/2021\/04\/3-300x200.jpg 300w, https:\/\/yar.deutschetage.ru\/wp-content\/uploads\/2021\/04\/3-768x512.jpg 768w, https:\/\/yar.deutschetage.ru\/wp-content\/uploads\/2021\/04\/3.jpg 1280w\" sizes=\"(max-width: 1024px) 100vw, 1024px\" \/><\/figure><\/li><li class=\"blocks-gallery-item\"><figure><img loading=\"lazy\" width=\"1024\" height=\"768\" src=\"https:\/\/yar.deutschetage.ru\/wp-content\/uploads\/2021\/04\/7-1024x768.jpg\" alt=\"\" data-id=\"1234\" data-full-url=\"https:\/\/yar.deutschetage.ru\/wp-content\/uploads\/2021\/04\/7.jpg\" data-link=\"https:\/\/yar.deutschetage.ru\/7-aprelya-telemost-pereslavl-korbah\/7-2\/\" class=\"wp-image-1234\" srcset=\"https:\/\/yar.deutschetage.ru\/wp-content\/uploads\/2021\/04\/7-1024x768.jpg 1024w, https:\/\/yar.deutschetage.ru\/wp-content\/uploads\/2021\/04\/7-300x225.jpg 300w, https:\/\/yar.deutschetage.ru\/wp-content\/uploads\/2021\/04\/7-768x576.jpg 768w, https:\/\/yar.deutschetage.ru\/wp-content\/uploads\/2021\/04\/7.jpg 1280w\" sizes=\"(max-width: 1024px) 100vw, 1024px\" \/><\/figure><\/li><\/ul><\/figure>\n","protected":false},"excerpt":{"rendered":"<p>Am 7. April 2021 fand eine Telekonferenz zwischen der russischen Stadt Pereslawl Salesskij und der deutschen Stadt Korbach statt. Frau Landr\u00e4tin Irina Strokinowa und Herr Landrat Dr. Reinhard Kubat, sowie weitere Vertreter des Stadkreises Pereslawl-Salesskij und des Landkreises Waldeck-Frankenberg &#8211; langj\u00e4hrige Partner &#8211; trafen sich online. Die kommunale Zusammenarbeit zwischen diesen Landkreisen besteht seit 1990 [&hellip;]<\/p>\n","protected":false},"author":1,"featured_media":1235,"comment_status":"closed","ping_status":"open","sticky":false,"template":"","format":"standard","meta":[],"categories":[9],"tags":[],"yoast_head":"<!-- This site is optimized with the Yoast SEO plugin v14.9 - https:\/\/yoast.com\/wordpress\/plugins\/seo\/ -->\n<title>7.April - Online-Meeting Korbach - Pereslawl - Deutsche Tage in der Region Jaroslawl<\/title>\n<meta name=\"robots\" content=\"index, follow, max-snippet:-1, max-image-preview:large, max-video-preview:-1\" \/>\n<link rel=\"canonical\" href=\"https:\/\/yar.deutschetage.ru\/7-aprelya-telemost-pereslavl-korbah\/\" \/>\n<meta property=\"og:locale\" content=\"de_DE\" \/>\n<meta property=\"og:type\" content=\"article\" \/>\n<meta property=\"og:title\" content=\"7.April - Online-Meeting Korbach - Pereslawl - Deutsche Tage in der Region Jaroslawl\" \/>\n<meta property=\"og:url\" content=\"https:\/\/yar.deutschetage.ru\/7-aprelya-telemost-pereslavl-korbah\/\" \/>\n<meta property=\"og:site_name\" content=\"Deutsche Tage in der Region Jaroslawl\" \/>\n<meta property=\"article:publisher\" content=\"https:\/\/www.facebook.com\/groups\/druzjagermanii\" \/>\n<meta property=\"article:published_time\" content=\"2021-04-07T07:34:00+00:00\" \/>\n<meta property=\"article:modified_time\" content=\"2021-04-09T08:53:48+00:00\" \/>\n<meta property=\"og:image\" content=\"https:\/\/yar.deutschetage.ru\/wp-content\/uploads\/2021\/04\/1.jpg\" \/>\n\t<meta property=\"og:image:width\" content=\"960\" \/>\n\t<meta property=\"og:image:height\" content=\"720\" \/>\n<meta name=\"twitter:card\" content=\"summary_large_image\" \/>\n<script type=\"application\/ld+json\" class=\"yoast-schema-graph\">{\"@context\":\"https:\/\/schema.org\",\"@graph\":[{\"@type\":\"WebSite\",\"@id\":\"https:\/\/yar.deutschetage.ru\/de\/#website\",\"url\":\"https:\/\/yar.deutschetage.ru\/de\/\",\"name\":\"Deutsche Tage in der Region Jaroslawl\",\"description\":\"Wissenschaftliche Fantastik oder fantastische Wissenschaft\",\"potentialAction\":[{\"@type\":\"SearchAction\",\"target\":\"https:\/\/yar.deutschetage.ru\/de\/?s={search_term_string}\",\"query-input\":\"required name=search_term_string\"}],\"inLanguage\":\"de-DE\"},{\"@type\":\"ImageObject\",\"@id\":\"https:\/\/yar.deutschetage.ru\/7-aprelya-telemost-pereslavl-korbah\/#primaryimage\",\"inLanguage\":\"de-DE\",\"url\":\"https:\/\/yar.deutschetage.ru\/wp-content\/uploads\/2021\/04\/1.jpg\",\"width\":960,\"height\":720},{\"@type\":\"WebPage\",\"@id\":\"https:\/\/yar.deutschetage.ru\/7-aprelya-telemost-pereslavl-korbah\/#webpage\",\"url\":\"https:\/\/yar.deutschetage.ru\/7-aprelya-telemost-pereslavl-korbah\/\",\"name\":\"7.April - Online-Meeting Korbach - Pereslawl - Deutsche Tage in der Region Jaroslawl\",\"isPartOf\":{\"@id\":\"https:\/\/yar.deutschetage.ru\/de\/#website\"},\"primaryImageOfPage\":{\"@id\":\"https:\/\/yar.deutschetage.ru\/7-aprelya-telemost-pereslavl-korbah\/#primaryimage\"},\"datePublished\":\"2021-04-07T07:34:00+00:00\",\"dateModified\":\"2021-04-09T08:53:48+00:00\",\"author\":{\"@id\":\"https:\/\/yar.deutschetage.ru\/de\/#\/schema\/person\/2245fbabe51e87216bd23df044af4cdd\"},\"breadcrumb\":{\"@id\":\"https:\/\/yar.deutschetage.ru\/7-aprelya-telemost-pereslavl-korbah\/#breadcrumb\"},\"inLanguage\":\"de-DE\",\"potentialAction\":[{\"@type\":\"ReadAction\",\"target\":[\"https:\/\/yar.deutschetage.ru\/7-aprelya-telemost-pereslavl-korbah\/\"]}]},{\"@type\":\"BreadcrumbList\",\"@id\":\"https:\/\/yar.deutschetage.ru\/7-aprelya-telemost-pereslavl-korbah\/#breadcrumb\",\"itemListElement\":[{\"@type\":\"ListItem\",\"position\":1,\"item\":{\"@type\":\"WebPage\",\"@id\":\"https:\/\/yar.deutschetage.ru\/\",\"url\":\"https:\/\/yar.deutschetage.ru\/\",\"name\":\"\\u0413\\u043b\\u0430\\u0432\\u043d\\u0430\\u044f\"}},{\"@type\":\"ListItem\",\"position\":2,\"item\":{\"@type\":\"WebPage\",\"@id\":\"https:\/\/yar.deutschetage.ru\/7-aprelya-telemost-pereslavl-korbah\/\",\"url\":\"https:\/\/yar.deutschetage.ru\/7-aprelya-telemost-pereslavl-korbah\/\",\"name\":\"7 \\u0430\\u043f\\u0440\\u0435\\u043b\\u044f &#8212; \\u0442\\u0435\\u043b\\u0435\\u043c\\u043e\\u0441\\u0442 \\u041f\\u0435\\u0440\\u0435\\u0441\\u043b\\u0430\\u0432\\u043b\\u044c-\\u041a\\u043e\\u0440\\u0431\\u0430\\u0445\"}}]},{\"@type\":\"Person\",\"@id\":\"https:\/\/yar.deutschetage.ru\/de\/#\/schema\/person\/2245fbabe51e87216bd23df044af4cdd\",\"name\":\"admin\",\"image\":{\"@type\":\"ImageObject\",\"@id\":\"https:\/\/yar.deutschetage.ru\/de\/#personlogo\",\"inLanguage\":\"de-DE\",\"url\":\"https:\/\/secure.gravatar.com\/avatar\/9edfe14db71d8cc87d79077644a41dae?s=96&d=mm&r=g\",\"caption\":\"admin\"}}]}<\/script>\n<!-- \/ Yoast SEO plugin. -->","_links":{"self":[{"href":"https:\/\/yar.deutschetage.ru\/de\/wp-json\/wp\/v2\/posts\/1230"}],"collection":[{"href":"https:\/\/yar.deutschetage.ru\/de\/wp-json\/wp\/v2\/posts"}],"about":[{"href":"https:\/\/yar.deutschetage.ru\/de\/wp-json\/wp\/v2\/types\/post"}],"author":[{"embeddable":true,"href":"https:\/\/yar.deutschetage.ru\/de\/wp-json\/wp\/v2\/users\/1"}],"replies":[{"embeddable":true,"href":"https:\/\/yar.deutschetage.ru\/de\/wp-json\/wp\/v2\/comments?post=1230"}],"version-history":[{"count":10,"href":"https:\/\/yar.deutschetage.ru\/de\/wp-json\/wp\/v2\/posts\/1230\/revisions"}],"predecessor-version":[{"id":1247,"href":"https:\/\/yar.deutschetage.ru\/de\/wp-json\/wp\/v2\/posts\/1230\/revisions\/1247"}],"wp:featuredmedia":[{"embeddable":true,"href":"https:\/\/yar.deutschetage.ru\/de\/wp-json\/wp\/v2\/media\/1235"}],"wp:attachment":[{"href":"https:\/\/yar.deutschetage.ru\/de\/wp-json\/wp\/v2\/media?parent=1230"}],"wp:term":[{"taxonomy":"category","embeddable":true,"href":"https:\/\/yar.deutschetage.ru\/de\/wp-json\/wp\/v2\/categories?post=1230"},{"taxonomy":"post_tag","embeddable":true,"href":"https:\/\/yar.deutschetage.ru\/de\/wp-json\/wp\/v2\/tags?post=1230"}],"curies":[{"name":"wp","href":"https:\/\/api.w.org\/{rel}","templated":true}]}}