{"id":1339,"date":"2021-07-29T20:46:14","date_gmt":"2021-07-29T20:46:14","guid":{"rendered":"https:\/\/yar.deutschetage.ru\/?p=1339"},"modified":"2021-07-29T20:53:15","modified_gmt":"2021-07-29T20:53:15","slug":"4-8-avgusta-albreht-dyurer-v-yaroslavskom-hudozhestvennom-muzee","status":"publish","type":"post","link":"https:\/\/yar.deutschetage.ru\/de\/4-8-avgusta-albreht-dyurer-v-yaroslavskom-hudozhestvennom-muzee\/","title":{"rendered":"4.-8-August Albrecht D\u00fcrer in der Gem\u00e4ldegalerie Jaroslawl"},"content":{"rendered":"\n<figure class=\"wp-block-image size-large\"><img loading=\"lazy\" width=\"670\" height=\"430\" src=\"https:\/\/yar.deutschetage.ru\/wp-content\/uploads\/2021\/07\/dyurer-avtoportret.jpeg\" alt=\"\" class=\"wp-image-1340\" srcset=\"https:\/\/yar.deutschetage.ru\/wp-content\/uploads\/2021\/07\/dyurer-avtoportret.jpeg 670w, https:\/\/yar.deutschetage.ru\/wp-content\/uploads\/2021\/07\/dyurer-avtoportret-300x193.jpeg 300w\" sizes=\"(max-width: 670px) 100vw, 670px\" \/><\/figure>\n\n\n\n<p>Im August wird in der Abteilung f\u00fcr Auslandskunst Jaroslawler Gem\u00e4ldegalerie   Ausstellung einer Arbeit er\u00f6ffnet. Dies ist eine Originalzeichnung von Albrecht D\u00fcrer, dem gr\u00f6\u00dften Meister der Renaissance in Nordeuropa. Die Pr\u00e4senz eines Werks dieses Niveaus in Jaroslawl ist ein einzigartiger Fall, normalerweise sind die Werke weltber\u00fchmter K\u00fcnstler in gro\u00dfen Metropolmuseen konzentriert.<\/p>\n\n\n\n<p>Im Dezember 2021 wird diese Zeichnung von D\u00fcrer an einer Ausstellung zum 550. Geburtstag des K\u00fcnstlers in der Eremitage teilnehmen. Die Ausstellung pr\u00e4sentiert 285 Exponate, darunter alle bedeutenden Stiche des Meisters, seine eigenen Handzeichnungen &#8211; Skizzen von Kirchenfenstern, Studien f\u00fcr den malerischen Altar, Skizzen f\u00fcr Stiche und Portr\u00e4ts.<\/p>\n\n\n\n<p>Aber vor der Abreise nach St. Petersburg, nur f\u00fcnf Tage, wird dieses Meisterwerk dem Jaroslawler Publikum pr\u00e4sentiert. Die zeitliche Begrenzung liegt an der Zerbrechlichkeit von Grafiken \u2013 das Papier verdirbt unter dem Einfluss von Sonnenlicht und kann f\u00fcr sehr kurze Zeit in Museumshallen ausgestellt werden. Maximal &#8211; drei Monate, nach denen die Arbeit in den Fonds &#8222;ruht&#8220;.<\/p>\n\n\n\n<p>Die Zeichnung &#8222;Frau mit Schal und Schleier&#8220; aus dem Jahr 1522 wurde nur einmal in Jaroslawl ausgestellt &#8211; bei der Er\u00f6ffnung des Museums f\u00fcr ausl\u00e4ndische Kunst. Es geh\u00f6rt zur reifen Schaffensperiode des K\u00fcnstlers in den sogenannten &#8222;Graut\u00f6nen&#8220;.<\/p>\n\n\n\n<p>Nach deutschen Forschern ist hier die heilige Anna abgebildet &#8211; die Tochter des Priesters Matthan, der Frau von Joachim, der Mutter der Jungfrau Maria, die Jesus Christus geboren hat. Die Zeichnung ist eine Skizze zu einem unrealisierten Gem\u00e4lde von D\u00fcrer &#8222;Gro\u00dfes Marienbild&#8220; 1521-1522.<\/p>\n\n\n\n<p>Quelle: https:\/\/yarartmuseum.ru\/exhibitions\/albrekht-dyurer\/<\/p>\n","protected":false},"excerpt":{"rendered":"<p>Im August wird in der Abteilung f\u00fcr Auslandskunst Jaroslawler Gem\u00e4ldegalerie Ausstellung einer Arbeit er\u00f6ffnet. Dies ist eine Originalzeichnung von Albrecht D\u00fcrer, dem gr\u00f6\u00dften Meister der Renaissance in Nordeuropa. Die Pr\u00e4senz eines Werks dieses Niveaus in Jaroslawl ist ein einzigartiger Fall, normalerweise sind die Werke weltber\u00fchmter K\u00fcnstler in gro\u00dfen Metropolmuseen konzentriert. Im Dezember 2021 wird diese [&hellip;]<\/p>\n","protected":false},"author":1,"featured_media":1340,"comment_status":"closed","ping_status":"open","sticky":false,"template":"","format":"standard","meta":[],"categories":[9],"tags":[],"yoast_head":"<!-- This site is optimized with the Yoast SEO plugin v14.9 - https:\/\/yoast.com\/wordpress\/plugins\/seo\/ -->\n<title>4.-8-August Albrecht D\u00fcrer in der Gem\u00e4ldegalerie Jaroslawl - Deutsche Tage in der Region Jaroslawl<\/title>\n<meta name=\"robots\" content=\"index, follow, max-snippet:-1, max-image-preview:large, max-video-preview:-1\" \/>\n<link rel=\"canonical\" href=\"https:\/\/yar.deutschetage.ru\/4-8-avgusta-albreht-dyurer-v-yaroslavskom-hudozhestvennom-muzee\/\" \/>\n<meta property=\"og:locale\" content=\"de_DE\" \/>\n<meta property=\"og:type\" content=\"article\" \/>\n<meta property=\"og:title\" content=\"4.-8-August Albrecht D\u00fcrer in der Gem\u00e4ldegalerie Jaroslawl - Deutsche Tage in der Region Jaroslawl\" \/>\n<meta property=\"og:url\" content=\"https:\/\/yar.deutschetage.ru\/4-8-avgusta-albreht-dyurer-v-yaroslavskom-hudozhestvennom-muzee\/\" \/>\n<meta property=\"og:site_name\" content=\"Deutsche Tage in der Region Jaroslawl\" \/>\n<meta property=\"article:publisher\" content=\"https:\/\/www.facebook.com\/groups\/druzjagermanii\" \/>\n<meta property=\"article:published_time\" content=\"2021-07-29T20:46:14+00:00\" \/>\n<meta property=\"article:modified_time\" content=\"2021-07-29T20:53:15+00:00\" \/>\n<meta property=\"og:image\" content=\"https:\/\/yar.deutschetage.ru\/wp-content\/uploads\/2021\/07\/dyurer-avtoportret.jpeg\" \/>\n\t<meta property=\"og:image:width\" content=\"670\" \/>\n\t<meta property=\"og:image:height\" content=\"430\" \/>\n<meta name=\"twitter:card\" content=\"summary_large_image\" \/>\n<script type=\"application\/ld+json\" class=\"yoast-schema-graph\">{\"@context\":\"https:\/\/schema.org\",\"@graph\":[{\"@type\":\"WebSite\",\"@id\":\"https:\/\/yar.deutschetage.ru\/de\/#website\",\"url\":\"https:\/\/yar.deutschetage.ru\/de\/\",\"name\":\"Deutsche Tage in der Region Jaroslawl\",\"description\":\"Wissenschaftliche Fantastik oder fantastische Wissenschaft\",\"potentialAction\":[{\"@type\":\"SearchAction\",\"target\":\"https:\/\/yar.deutschetage.ru\/de\/?s={search_term_string}\",\"query-input\":\"required name=search_term_string\"}],\"inLanguage\":\"de-DE\"},{\"@type\":\"ImageObject\",\"@id\":\"https:\/\/yar.deutschetage.ru\/4-8-avgusta-albreht-dyurer-v-yaroslavskom-hudozhestvennom-muzee\/#primaryimage\",\"inLanguage\":\"de-DE\",\"url\":\"https:\/\/yar.deutschetage.ru\/wp-content\/uploads\/2021\/07\/dyurer-avtoportret.jpeg\",\"width\":670,\"height\":430},{\"@type\":\"WebPage\",\"@id\":\"https:\/\/yar.deutschetage.ru\/4-8-avgusta-albreht-dyurer-v-yaroslavskom-hudozhestvennom-muzee\/#webpage\",\"url\":\"https:\/\/yar.deutschetage.ru\/4-8-avgusta-albreht-dyurer-v-yaroslavskom-hudozhestvennom-muzee\/\",\"name\":\"4.-8-August Albrecht D\\u00fcrer in der Gem\\u00e4ldegalerie Jaroslawl - Deutsche Tage in der Region Jaroslawl\",\"isPartOf\":{\"@id\":\"https:\/\/yar.deutschetage.ru\/de\/#website\"},\"primaryImageOfPage\":{\"@id\":\"https:\/\/yar.deutschetage.ru\/4-8-avgusta-albreht-dyurer-v-yaroslavskom-hudozhestvennom-muzee\/#primaryimage\"},\"datePublished\":\"2021-07-29T20:46:14+00:00\",\"dateModified\":\"2021-07-29T20:53:15+00:00\",\"author\":{\"@id\":\"https:\/\/yar.deutschetage.ru\/de\/#\/schema\/person\/2245fbabe51e87216bd23df044af4cdd\"},\"breadcrumb\":{\"@id\":\"https:\/\/yar.deutschetage.ru\/4-8-avgusta-albreht-dyurer-v-yaroslavskom-hudozhestvennom-muzee\/#breadcrumb\"},\"inLanguage\":\"de-DE\",\"potentialAction\":[{\"@type\":\"ReadAction\",\"target\":[\"https:\/\/yar.deutschetage.ru\/4-8-avgusta-albreht-dyurer-v-yaroslavskom-hudozhestvennom-muzee\/\"]}]},{\"@type\":\"BreadcrumbList\",\"@id\":\"https:\/\/yar.deutschetage.ru\/4-8-avgusta-albreht-dyurer-v-yaroslavskom-hudozhestvennom-muzee\/#breadcrumb\",\"itemListElement\":[{\"@type\":\"ListItem\",\"position\":1,\"item\":{\"@type\":\"WebPage\",\"@id\":\"https:\/\/yar.deutschetage.ru\/\",\"url\":\"https:\/\/yar.deutschetage.ru\/\",\"name\":\"\\u0413\\u043b\\u0430\\u0432\\u043d\\u0430\\u044f\"}},{\"@type\":\"ListItem\",\"position\":2,\"item\":{\"@type\":\"WebPage\",\"@id\":\"https:\/\/yar.deutschetage.ru\/4-8-avgusta-albreht-dyurer-v-yaroslavskom-hudozhestvennom-muzee\/\",\"url\":\"https:\/\/yar.deutschetage.ru\/4-8-avgusta-albreht-dyurer-v-yaroslavskom-hudozhestvennom-muzee\/\",\"name\":\"4-8 \\u0430\\u0432\\u0433\\u0443\\u0441\\u0442\\u0430 \\u0410\\u043b\\u044c\\u0431\\u0440\\u0435\\u0445\\u0442 \\u0414\\u044e\\u0440\\u0435\\u0440 \\u0432 \\u042f\\u0440\\u043e\\u0441\\u043b\\u0430\\u0432\\u0441\\u043a\\u043e\\u043c \\u0445\\u0443\\u0434\\u043e\\u0436\\u0435\\u0441\\u0442\\u0432\\u0435\\u043d\\u043d\\u043e\\u043c \\u043c\\u0443\\u0437\\u0435\\u0435\"}}]},{\"@type\":\"Person\",\"@id\":\"https:\/\/yar.deutschetage.ru\/de\/#\/schema\/person\/2245fbabe51e87216bd23df044af4cdd\",\"name\":\"admin\",\"image\":{\"@type\":\"ImageObject\",\"@id\":\"https:\/\/yar.deutschetage.ru\/de\/#personlogo\",\"inLanguage\":\"de-DE\",\"url\":\"https:\/\/secure.gravatar.com\/avatar\/9edfe14db71d8cc87d79077644a41dae?s=96&d=mm&r=g\",\"caption\":\"admin\"}}]}<\/script>\n<!-- \/ Yoast SEO plugin. -->","_links":{"self":[{"href":"https:\/\/yar.deutschetage.ru\/de\/wp-json\/wp\/v2\/posts\/1339"}],"collection":[{"href":"https:\/\/yar.deutschetage.ru\/de\/wp-json\/wp\/v2\/posts"}],"about":[{"href":"https:\/\/yar.deutschetage.ru\/de\/wp-json\/wp\/v2\/types\/post"}],"author":[{"embeddable":true,"href":"https:\/\/yar.deutschetage.ru\/de\/wp-json\/wp\/v2\/users\/1"}],"replies":[{"embeddable":true,"href":"https:\/\/yar.deutschetage.ru\/de\/wp-json\/wp\/v2\/comments?post=1339"}],"version-history":[{"count":3,"href":"https:\/\/yar.deutschetage.ru\/de\/wp-json\/wp\/v2\/posts\/1339\/revisions"}],"predecessor-version":[{"id":1343,"href":"https:\/\/yar.deutschetage.ru\/de\/wp-json\/wp\/v2\/posts\/1339\/revisions\/1343"}],"wp:featuredmedia":[{"embeddable":true,"href":"https:\/\/yar.deutschetage.ru\/de\/wp-json\/wp\/v2\/media\/1340"}],"wp:attachment":[{"href":"https:\/\/yar.deutschetage.ru\/de\/wp-json\/wp\/v2\/media?parent=1339"}],"wp:term":[{"taxonomy":"category","embeddable":true,"href":"https:\/\/yar.deutschetage.ru\/de\/wp-json\/wp\/v2\/categories?post=1339"},{"taxonomy":"post_tag","embeddable":true,"href":"https:\/\/yar.deutschetage.ru\/de\/wp-json\/wp\/v2\/tags?post=1339"}],"curies":[{"name":"wp","href":"https:\/\/api.w.org\/{rel}","templated":true}]}}