{"id":1427,"date":"2021-10-02T19:21:01","date_gmt":"2021-10-02T19:21:01","guid":{"rendered":"https:\/\/yar.deutschetage.ru\/?p=1427"},"modified":"2021-10-05T20:50:32","modified_gmt":"2021-10-05T20:50:32","slug":"4-oktyabrya-multimedijnaya-programma-shtorm-ochishhaet-vozduh","status":"publish","type":"post","link":"https:\/\/yar.deutschetage.ru\/de\/4-oktyabrya-multimedijnaya-programma-shtorm-ochishhaet-vozduh\/","title":{"rendered":"4.Oktober &#8211; Konzert &#8222;Sturm laeutert die Luft&#8220;"},"content":{"rendered":"\n<figure class=\"wp-block-image size-large\"><img loading=\"lazy\" width=\"600\" height=\"757\" src=\"https:\/\/yar.deutschetage.ru\/wp-content\/uploads\/2021\/09\/caspar.jpg\" alt=\"\" class=\"wp-image-1428\" srcset=\"https:\/\/yar.deutschetage.ru\/wp-content\/uploads\/2021\/09\/caspar.jpg 600w, https:\/\/yar.deutschetage.ru\/wp-content\/uploads\/2021\/09\/caspar-238x300.jpg 238w\" sizes=\"(max-width: 600px) 100vw, 600px\" \/><\/figure>\n\n\n\n<p><strong><span class=\"has-inline-color has-vivid-cyan-blue-color\">Ensemble &#8222;Die Blaue Blume&#8220;, Frankfurt am Main (Deutschland)<\/span><\/strong><\/p>\n\n\n\n<ol start=\"4\"><li>Oktober um 18:30<\/li><\/ol>\n\n\n\n<p>Veranstaltungsort: Sobinow-Konzertsaal, Staatsphilharmonie Jaroslawl, Jaroslawl, Ul. Maksimova 13<\/p>\n\n\n\n<p>Das Ensemble \u201eDie Blaue Blume\u201c aus Frankfurt am Main pr\u00e4sentiert das Multimedia-Konzert \u201eDer Sturm l\u00e4utert die Luft\u201c. Das Konzertprogramm l\u00e4sst das Publikum in die Welt der Romantik eintauchen, in die Lebens- und Werkgeschichte des gro\u00dfen K\u00fcnstlers der deutschen Romantik &#8211; Caspar David Friedrich, der K\u00fcnstler auf der ganzen Welt unausl\u00f6schlich beeinflusst hat. Die Gem\u00e4lde des K\u00fcnstlers sowie Bilder von Leben und Zeit sind auf der Leinwand zu sehen, sodass f\u00fcr den Zuschauer eine ganze Epoche lebendig wird. Die Texte werden von dem bekannten deutschen Schauspieler und Sprecher Hans-Peter Schupp gelesen. Die \u00dcbersetzung der Texte ist dem Programm in Form einer Brosch\u00fcre beigef\u00fcgt. Musikalisch umfasst das Programm Werke ber\u00fchmter romantischer Komponisten Franz Schubert, Robert Schumann und Karl Reinecke, aufgef\u00fchrt von bekannten deutschen Musikern: der Fl\u00f6tistin Saskia Schneider und der brillanten Pianistin Yuki Yamakata. <\/p>\n\n\n\n<p>Das Ensemble \u201eDie Blaue Blume\u201c besteht seit fast 20 Jahren und ist bekannt f\u00fcr seine interdisziplin\u00e4ren Projekte, die Geschichten \u00fcber ber\u00fchmte Musiker und K\u00fcnstler lebendig und spannend machen. Das Ensemble tourte durch Deutschland, Polen, alle baltischen L\u00e4nder, die USA (in Houston und Austin) und trat auch in Kaliningrad bei der Er\u00f6ffnungsfeier der Tage der deutschen Kultur auf.<\/p>\n\n\n\n<p>Anl\u00e4sslich des 250-j\u00e4hrigen Jubil\u00e4ums von Ludwig van Beethoven im Jahr 2020 hat das Ensemble ein wahres Kunstwerk geschaffen \u2013 das Programm Beethoven \u2013 Deutsche Legende, das nicht nur die Werke des gro\u00dfen Komponisten enth\u00fcllt, sondern auch einen hervorragenden Eindruck davon vermittelt \u200b\u200bseine Pers\u00f6nlichkeit durch Anekdoten, Zitate und Gem\u00e4lde. Dieses Programm wurde auch im Online-Format des Festivals &#8222;Tage Deutschlands in der Region Jaroslawl 2020&#8220; auf der Website pr\u00e4sentiert: www.deutschetage.ru<\/p>\n\n\n\n<p>Das Projekt wird im Rahmen des 30-j\u00e4hrigen Jubil\u00e4ums der Partnerschaft zwischen der Region Jaroslawl und dem Land Hessen (Hessen) durchgef\u00fchrt und wird von der Regierung der Region Jaroslawl, dem Gouverneur der Region Jaroslawl, der Regierung des Landes Hessen und der Deutschen Botschaft in Moskau.<\/p>\n\n\n\n<figure class=\"wp-block-image size-large\"><img loading=\"lazy\" width=\"1024\" height=\"682\" src=\"https:\/\/yar.deutschetage.ru\/wp-content\/uploads\/2021\/10\/kopiya-dsc06935-1024x682.jpg\" alt=\"\" class=\"wp-image-1493\" srcset=\"https:\/\/yar.deutschetage.ru\/wp-content\/uploads\/2021\/10\/kopiya-dsc06935-1024x682.jpg 1024w, https:\/\/yar.deutschetage.ru\/wp-content\/uploads\/2021\/10\/kopiya-dsc06935-300x200.jpg 300w, https:\/\/yar.deutschetage.ru\/wp-content\/uploads\/2021\/10\/kopiya-dsc06935-768x511.jpg 768w, https:\/\/yar.deutschetage.ru\/wp-content\/uploads\/2021\/10\/kopiya-dsc06935-1536x1022.jpg 1536w, https:\/\/yar.deutschetage.ru\/wp-content\/uploads\/2021\/10\/kopiya-dsc06935-2048x1363.jpg 2048w\" sizes=\"(max-width: 1024px) 100vw, 1024px\" \/><\/figure>\n\n\n\n<figure class=\"wp-block-gallery columns-2 is-cropped\"><ul class=\"blocks-gallery-grid\"><li class=\"blocks-gallery-item\"><figure><img loading=\"lazy\" width=\"1024\" height=\"682\" src=\"https:\/\/yar.deutschetage.ru\/wp-content\/uploads\/2021\/10\/kopiya-dsc06937-1024x682.jpg\" alt=\"\" data-id=\"1495\" data-full-url=\"https:\/\/yar.deutschetage.ru\/wp-content\/uploads\/2021\/10\/kopiya-dsc06937-scaled.jpg\" data-link=\"https:\/\/yar.deutschetage.ru\/4-oktyabrya-multimedijnaya-programma-shtorm-ochishhaet-vozduh\/kopiya-dsc06937\/\" class=\"wp-image-1495\" srcset=\"https:\/\/yar.deutschetage.ru\/wp-content\/uploads\/2021\/10\/kopiya-dsc06937-1024x682.jpg 1024w, https:\/\/yar.deutschetage.ru\/wp-content\/uploads\/2021\/10\/kopiya-dsc06937-300x200.jpg 300w, https:\/\/yar.deutschetage.ru\/wp-content\/uploads\/2021\/10\/kopiya-dsc06937-768x511.jpg 768w, https:\/\/yar.deutschetage.ru\/wp-content\/uploads\/2021\/10\/kopiya-dsc06937-1536x1022.jpg 1536w, https:\/\/yar.deutschetage.ru\/wp-content\/uploads\/2021\/10\/kopiya-dsc06937-2048x1363.jpg 2048w\" sizes=\"(max-width: 1024px) 100vw, 1024px\" \/><\/figure><\/li><li class=\"blocks-gallery-item\"><figure><img loading=\"lazy\" width=\"1024\" height=\"682\" src=\"https:\/\/yar.deutschetage.ru\/wp-content\/uploads\/2021\/10\/kopiya-dsc06933-1024x682.jpg\" alt=\"\" data-id=\"1494\" data-full-url=\"https:\/\/yar.deutschetage.ru\/wp-content\/uploads\/2021\/10\/kopiya-dsc06933-scaled.jpg\" data-link=\"https:\/\/yar.deutschetage.ru\/4-oktyabrya-multimedijnaya-programma-shtorm-ochishhaet-vozduh\/kopiya-dsc06933\/\" class=\"wp-image-1494\" srcset=\"https:\/\/yar.deutschetage.ru\/wp-content\/uploads\/2021\/10\/kopiya-dsc06933-1024x682.jpg 1024w, https:\/\/yar.deutschetage.ru\/wp-content\/uploads\/2021\/10\/kopiya-dsc06933-300x200.jpg 300w, https:\/\/yar.deutschetage.ru\/wp-content\/uploads\/2021\/10\/kopiya-dsc06933-768x511.jpg 768w, https:\/\/yar.deutschetage.ru\/wp-content\/uploads\/2021\/10\/kopiya-dsc06933-1536x1022.jpg 1536w, https:\/\/yar.deutschetage.ru\/wp-content\/uploads\/2021\/10\/kopiya-dsc06933-2048x1363.jpg 2048w\" sizes=\"(max-width: 1024px) 100vw, 1024px\" \/><\/figure><\/li><\/ul><\/figure>\n\n\n\n<figure class=\"wp-block-image size-large\"><img loading=\"lazy\" width=\"768\" height=\"1024\" src=\"https:\/\/yar.deutschetage.ru\/wp-content\/uploads\/2021\/10\/618a14b7-01de-42cb-9199-894e57a813d0-768x1024.jpg\" alt=\"\" class=\"wp-image-1502\" srcset=\"https:\/\/yar.deutschetage.ru\/wp-content\/uploads\/2021\/10\/618a14b7-01de-42cb-9199-894e57a813d0-768x1024.jpg 768w, https:\/\/yar.deutschetage.ru\/wp-content\/uploads\/2021\/10\/618a14b7-01de-42cb-9199-894e57a813d0-225x300.jpg 225w, https:\/\/yar.deutschetage.ru\/wp-content\/uploads\/2021\/10\/618a14b7-01de-42cb-9199-894e57a813d0-1152x1536.jpg 1152w, https:\/\/yar.deutschetage.ru\/wp-content\/uploads\/2021\/10\/618a14b7-01de-42cb-9199-894e57a813d0.jpg 1200w\" sizes=\"(max-width: 768px) 100vw, 768px\" \/><\/figure>\n\n\n\n<div class=\"wp-block-file\"><a href=\"https:\/\/yar.deutschetage.ru\/wp-content\/uploads\/2021\/10\/konzertprogramm.pdf\">konzertprogramm<\/a><a href=\"https:\/\/yar.deutschetage.ru\/wp-content\/uploads\/2021\/10\/konzertprogramm.pdf\" class=\"wp-block-file__button\" download>Download<\/a><\/div>\n","protected":false},"excerpt":{"rendered":"<p>Ensemble &#8222;Die Blaue Blume&#8220;, Frankfurt am Main (Deutschland) Oktober um 18:30 Veranstaltungsort: Sobinow-Konzertsaal, Staatsphilharmonie Jaroslawl, Jaroslawl, Ul. Maksimova 13 Das Ensemble \u201eDie Blaue Blume\u201c aus Frankfurt am Main pr\u00e4sentiert das Multimedia-Konzert \u201eDer Sturm l\u00e4utert die Luft\u201c. Das Konzertprogramm l\u00e4sst das Publikum in die Welt der Romantik eintauchen, in die Lebens- und Werkgeschichte des gro\u00dfen K\u00fcnstlers [&hellip;]<\/p>\n","protected":false},"author":1,"featured_media":1493,"comment_status":"closed","ping_status":"open","sticky":false,"template":"","format":"standard","meta":[],"categories":[9],"tags":[],"yoast_head":"<!-- This site is optimized with the Yoast SEO plugin v14.9 - https:\/\/yoast.com\/wordpress\/plugins\/seo\/ -->\n<title>4.Oktober - Konzert &quot;Sturm laeutert die Luft&quot; - Deutsche Tage in der Region Jaroslawl<\/title>\n<meta name=\"robots\" content=\"index, follow, max-snippet:-1, max-image-preview:large, max-video-preview:-1\" \/>\n<link rel=\"canonical\" href=\"https:\/\/yar.deutschetage.ru\/4-oktyabrya-multimedijnaya-programma-shtorm-ochishhaet-vozduh\/\" \/>\n<meta property=\"og:locale\" content=\"de_DE\" \/>\n<meta property=\"og:type\" content=\"article\" \/>\n<meta property=\"og:title\" content=\"4.Oktober - Konzert &quot;Sturm laeutert die Luft&quot; - Deutsche Tage in der Region Jaroslawl\" \/>\n<meta property=\"og:url\" content=\"https:\/\/yar.deutschetage.ru\/4-oktyabrya-multimedijnaya-programma-shtorm-ochishhaet-vozduh\/\" \/>\n<meta property=\"og:site_name\" content=\"Deutsche Tage in der Region Jaroslawl\" \/>\n<meta property=\"article:publisher\" content=\"https:\/\/www.facebook.com\/groups\/druzjagermanii\" \/>\n<meta property=\"article:published_time\" content=\"2021-10-02T19:21:01+00:00\" \/>\n<meta property=\"article:modified_time\" content=\"2021-10-05T20:50:32+00:00\" \/>\n<meta property=\"og:image\" content=\"https:\/\/yar.deutschetage.ru\/wp-content\/uploads\/2021\/10\/kopiya-dsc06935-scaled.jpg\" \/>\n\t<meta property=\"og:image:width\" content=\"2560\" \/>\n\t<meta property=\"og:image:height\" content=\"1704\" \/>\n<meta name=\"twitter:card\" content=\"summary_large_image\" \/>\n<script type=\"application\/ld+json\" class=\"yoast-schema-graph\">{\"@context\":\"https:\/\/schema.org\",\"@graph\":[{\"@type\":\"WebSite\",\"@id\":\"https:\/\/yar.deutschetage.ru\/de\/#website\",\"url\":\"https:\/\/yar.deutschetage.ru\/de\/\",\"name\":\"Deutsche Tage in der Region Jaroslawl\",\"description\":\"Wissenschaftliche Fantastik oder fantastische Wissenschaft\",\"potentialAction\":[{\"@type\":\"SearchAction\",\"target\":\"https:\/\/yar.deutschetage.ru\/de\/?s={search_term_string}\",\"query-input\":\"required name=search_term_string\"}],\"inLanguage\":\"de-DE\"},{\"@type\":\"ImageObject\",\"@id\":\"https:\/\/yar.deutschetage.ru\/4-oktyabrya-multimedijnaya-programma-shtorm-ochishhaet-vozduh\/#primaryimage\",\"inLanguage\":\"de-DE\",\"url\":\"https:\/\/yar.deutschetage.ru\/wp-content\/uploads\/2021\/10\/kopiya-dsc06935-scaled.jpg\",\"width\":2560,\"height\":1704},{\"@type\":\"WebPage\",\"@id\":\"https:\/\/yar.deutschetage.ru\/4-oktyabrya-multimedijnaya-programma-shtorm-ochishhaet-vozduh\/#webpage\",\"url\":\"https:\/\/yar.deutschetage.ru\/4-oktyabrya-multimedijnaya-programma-shtorm-ochishhaet-vozduh\/\",\"name\":\"4.Oktober - Konzert \\\"Sturm laeutert die Luft\\\" - Deutsche Tage in der Region Jaroslawl\",\"isPartOf\":{\"@id\":\"https:\/\/yar.deutschetage.ru\/de\/#website\"},\"primaryImageOfPage\":{\"@id\":\"https:\/\/yar.deutschetage.ru\/4-oktyabrya-multimedijnaya-programma-shtorm-ochishhaet-vozduh\/#primaryimage\"},\"datePublished\":\"2021-10-02T19:21:01+00:00\",\"dateModified\":\"2021-10-05T20:50:32+00:00\",\"author\":{\"@id\":\"https:\/\/yar.deutschetage.ru\/de\/#\/schema\/person\/2245fbabe51e87216bd23df044af4cdd\"},\"breadcrumb\":{\"@id\":\"https:\/\/yar.deutschetage.ru\/4-oktyabrya-multimedijnaya-programma-shtorm-ochishhaet-vozduh\/#breadcrumb\"},\"inLanguage\":\"de-DE\",\"potentialAction\":[{\"@type\":\"ReadAction\",\"target\":[\"https:\/\/yar.deutschetage.ru\/4-oktyabrya-multimedijnaya-programma-shtorm-ochishhaet-vozduh\/\"]}]},{\"@type\":\"BreadcrumbList\",\"@id\":\"https:\/\/yar.deutschetage.ru\/4-oktyabrya-multimedijnaya-programma-shtorm-ochishhaet-vozduh\/#breadcrumb\",\"itemListElement\":[{\"@type\":\"ListItem\",\"position\":1,\"item\":{\"@type\":\"WebPage\",\"@id\":\"https:\/\/yar.deutschetage.ru\/\",\"url\":\"https:\/\/yar.deutschetage.ru\/\",\"name\":\"\\u0413\\u043b\\u0430\\u0432\\u043d\\u0430\\u044f\"}},{\"@type\":\"ListItem\",\"position\":2,\"item\":{\"@type\":\"WebPage\",\"@id\":\"https:\/\/yar.deutschetage.ru\/4-oktyabrya-multimedijnaya-programma-shtorm-ochishhaet-vozduh\/\",\"url\":\"https:\/\/yar.deutschetage.ru\/4-oktyabrya-multimedijnaya-programma-shtorm-ochishhaet-vozduh\/\",\"name\":\"4 \\u043e\\u043a\\u0442\\u044f\\u0431\\u0440\\u044f &#8212; \\u043c\\u0443\\u043b\\u044c\\u0442\\u0438\\u043c\\u0435\\u0434\\u0438\\u0439\\u043d\\u0430\\u044f \\u043f\\u0440\\u043e\\u0433\\u0440\\u0430\\u043c\\u043c\\u0430 &#171;\\u0428\\u0442\\u043e\\u0440\\u043c \\u043e\\u0447\\u0438\\u0449\\u0430\\u0435\\u0442 \\u0432\\u043e\\u0437\\u0434\\u0443\\u0445&#187;\"}}]},{\"@type\":\"Person\",\"@id\":\"https:\/\/yar.deutschetage.ru\/de\/#\/schema\/person\/2245fbabe51e87216bd23df044af4cdd\",\"name\":\"admin\",\"image\":{\"@type\":\"ImageObject\",\"@id\":\"https:\/\/yar.deutschetage.ru\/de\/#personlogo\",\"inLanguage\":\"de-DE\",\"url\":\"https:\/\/secure.gravatar.com\/avatar\/9edfe14db71d8cc87d79077644a41dae?s=96&d=mm&r=g\",\"caption\":\"admin\"}}]}<\/script>\n<!-- \/ Yoast SEO plugin. -->","_links":{"self":[{"href":"https:\/\/yar.deutschetage.ru\/de\/wp-json\/wp\/v2\/posts\/1427"}],"collection":[{"href":"https:\/\/yar.deutschetage.ru\/de\/wp-json\/wp\/v2\/posts"}],"about":[{"href":"https:\/\/yar.deutschetage.ru\/de\/wp-json\/wp\/v2\/types\/post"}],"author":[{"embeddable":true,"href":"https:\/\/yar.deutschetage.ru\/de\/wp-json\/wp\/v2\/users\/1"}],"replies":[{"embeddable":true,"href":"https:\/\/yar.deutschetage.ru\/de\/wp-json\/wp\/v2\/comments?post=1427"}],"version-history":[{"count":8,"href":"https:\/\/yar.deutschetage.ru\/de\/wp-json\/wp\/v2\/posts\/1427\/revisions"}],"predecessor-version":[{"id":1504,"href":"https:\/\/yar.deutschetage.ru\/de\/wp-json\/wp\/v2\/posts\/1427\/revisions\/1504"}],"wp:featuredmedia":[{"embeddable":true,"href":"https:\/\/yar.deutschetage.ru\/de\/wp-json\/wp\/v2\/media\/1493"}],"wp:attachment":[{"href":"https:\/\/yar.deutschetage.ru\/de\/wp-json\/wp\/v2\/media?parent=1427"}],"wp:term":[{"taxonomy":"category","embeddable":true,"href":"https:\/\/yar.deutschetage.ru\/de\/wp-json\/wp\/v2\/categories?post=1427"},{"taxonomy":"post_tag","embeddable":true,"href":"https:\/\/yar.deutschetage.ru\/de\/wp-json\/wp\/v2\/tags?post=1427"}],"curies":[{"name":"wp","href":"https:\/\/api.w.org\/{rel}","templated":true}]}}