{"id":1431,"date":"2021-09-22T07:23:00","date_gmt":"2021-09-22T07:23:00","guid":{"rendered":"https:\/\/yar.deutschetage.ru\/?p=1431"},"modified":"2021-09-30T16:38:41","modified_gmt":"2021-09-30T16:38:41","slug":"21-sentyabrya-urok-nemeczkogo-yazyka-v-shkole-%e2%84%96-52-g-yaroslavlya","status":"publish","type":"post","link":"https:\/\/yar.deutschetage.ru\/de\/21-sentyabrya-urok-nemeczkogo-yazyka-v-shkole-%e2%84%96-52-g-yaroslavlya\/","title":{"rendered":"Deutsch-Unterricht in der Schule 52 Jaroslawl"},"content":{"rendered":"\n<p>Arnd Reiss (Hessen) gab einen Deutschunterricht in der Schule Nr. 52 in Jaroslawl. Sch\u00fclerinnen und Sch\u00fcler der 6. Klasse, die vor wenigen Tagen begonnen haben, Deutsch als zweite Fremdsprache zu lernen, konnten bereits erste Kenntnisse vorweisen. Einige Jungs konnten mit Arndt bereits erste Informationen austauschen, mit denen die Bekanntschaft beginnt: Name, Alter, Heimatort und sogar Familienstand.<\/p>\n\n\n\n<p>W\u00e4hrend des spannenden Gespr\u00e4chs erfuhren die Jungs vieles \u00fcber das Land der Zielsprache, konnten den deutschen Gast aber selbst mit ihren Kenntnissen \u00fcber Deutschland \u00fcberraschen, einschlie\u00dflich der administrativen Aufteilung des Landes, des Sportlebens, der wirtschaftlichen Erfolge und bekannte deutsche Marken.<\/p>\n\n\n\n<p>Leider war das Gespr\u00e4ch auf 45 Minuten begrenzt &#8211; die Dauer einer Unterrichtsstunde. Aber alle waren sich einig, dass sie diese faszinierende Reise durch Deutschland auf jeden Fall fortsetzen und das Leben und die Traditionen dieses Landes kennenlernen w\u00fcrden.<\/p>\n\n\n\n<p>Wir w\u00fcnschen den Jungs, dass sie das Interesse an der deutschen Sprache nicht verlieren und viel Erfolg beim Erlernen!<\/p>\n\n\n\n<figure class=\"wp-block-gallery columns-2 is-cropped\"><ul class=\"blocks-gallery-grid\"><li class=\"blocks-gallery-item\"><figure><img loading=\"lazy\" width=\"1024\" height=\"769\" src=\"https:\/\/yar.deutschetage.ru\/wp-content\/uploads\/2021\/09\/kopiya-img_20210921_172746-1024x769.jpg\" alt=\"\" data-id=\"1432\" data-full-url=\"https:\/\/yar.deutschetage.ru\/wp-content\/uploads\/2021\/09\/kopiya-img_20210921_172746.jpg\" data-link=\"https:\/\/yar.deutschetage.ru\/21-sentyabrya-urok-nemeczkogo-yazyka-v-shkole-%e2%84%96-52-g-yaroslavlya\/kopiya-img_20210921_172746\/\" class=\"wp-image-1432\" srcset=\"https:\/\/yar.deutschetage.ru\/wp-content\/uploads\/2021\/09\/kopiya-img_20210921_172746-1024x769.jpg 1024w, https:\/\/yar.deutschetage.ru\/wp-content\/uploads\/2021\/09\/kopiya-img_20210921_172746-300x225.jpg 300w, https:\/\/yar.deutschetage.ru\/wp-content\/uploads\/2021\/09\/kopiya-img_20210921_172746-768x577.jpg 768w, https:\/\/yar.deutschetage.ru\/wp-content\/uploads\/2021\/09\/kopiya-img_20210921_172746-1536x1153.jpg 1536w, https:\/\/yar.deutschetage.ru\/wp-content\/uploads\/2021\/09\/kopiya-img_20210921_172746-2048x1538.jpg 2048w\" sizes=\"(max-width: 1024px) 100vw, 1024px\" \/><\/figure><\/li><li class=\"blocks-gallery-item\"><figure><img loading=\"lazy\" width=\"769\" height=\"1024\" src=\"https:\/\/yar.deutschetage.ru\/wp-content\/uploads\/2021\/09\/kopiya-img_20210921_175024-769x1024.jpg\" alt=\"\" data-id=\"1433\" data-full-url=\"https:\/\/yar.deutschetage.ru\/wp-content\/uploads\/2021\/09\/kopiya-img_20210921_175024-rotated.jpg\" data-link=\"https:\/\/yar.deutschetage.ru\/21-sentyabrya-urok-nemeczkogo-yazyka-v-shkole-%e2%84%96-52-g-yaroslavlya\/kopiya-img_20210921_175024\/\" class=\"wp-image-1433\" srcset=\"https:\/\/yar.deutschetage.ru\/wp-content\/uploads\/2021\/09\/kopiya-img_20210921_175024-769x1024.jpg 769w, https:\/\/yar.deutschetage.ru\/wp-content\/uploads\/2021\/09\/kopiya-img_20210921_175024-225x300.jpg 225w, https:\/\/yar.deutschetage.ru\/wp-content\/uploads\/2021\/09\/kopiya-img_20210921_175024-768x1023.jpg 768w, https:\/\/yar.deutschetage.ru\/wp-content\/uploads\/2021\/09\/kopiya-img_20210921_175024-1153x1536.jpg 1153w, https:\/\/yar.deutschetage.ru\/wp-content\/uploads\/2021\/09\/kopiya-img_20210921_175024-1538x2048.jpg 1538w, https:\/\/yar.deutschetage.ru\/wp-content\/uploads\/2021\/09\/kopiya-img_20210921_175024-rotated.jpg 1736w\" sizes=\"(max-width: 769px) 100vw, 769px\" \/><\/figure><\/li><\/ul><\/figure>\n\n\n\n<p><\/p>\n","protected":false},"excerpt":{"rendered":"<p>Arnd Reiss (Hessen) gab einen Deutschunterricht in der Schule Nr. 52 in Jaroslawl. Sch\u00fclerinnen und Sch\u00fcler der 6. Klasse, die vor wenigen Tagen begonnen haben, Deutsch als zweite Fremdsprache zu lernen, konnten bereits erste Kenntnisse vorweisen. Einige Jungs konnten mit Arndt bereits erste Informationen austauschen, mit denen die Bekanntschaft beginnt: Name, Alter, Heimatort und sogar [&hellip;]<\/p>\n","protected":false},"author":1,"featured_media":1433,"comment_status":"closed","ping_status":"open","sticky":false,"template":"","format":"standard","meta":[],"categories":[9],"tags":[],"yoast_head":"<!-- This site is optimized with the Yoast SEO plugin v14.9 - https:\/\/yoast.com\/wordpress\/plugins\/seo\/ -->\n<title>Deutsch-Unterricht in der Schule 52 Jaroslawl - Deutsche Tage in der Region Jaroslawl<\/title>\n<meta name=\"robots\" content=\"index, follow, max-snippet:-1, max-image-preview:large, max-video-preview:-1\" \/>\n<link rel=\"canonical\" href=\"https:\/\/yar.deutschetage.ru\/21-sentyabrya-urok-nemeczkogo-yazyka-v-shkole-\u2116-52-g-yaroslavlya\/\" \/>\n<meta property=\"og:locale\" content=\"de_DE\" \/>\n<meta property=\"og:type\" content=\"article\" \/>\n<meta property=\"og:title\" content=\"Deutsch-Unterricht in der Schule 52 Jaroslawl - Deutsche Tage in der Region Jaroslawl\" \/>\n<meta property=\"og:url\" content=\"https:\/\/yar.deutschetage.ru\/21-sentyabrya-urok-nemeczkogo-yazyka-v-shkole-\u2116-52-g-yaroslavlya\/\" \/>\n<meta property=\"og:site_name\" content=\"Deutsche Tage in der Region Jaroslawl\" \/>\n<meta property=\"article:publisher\" content=\"https:\/\/www.facebook.com\/groups\/druzjagermanii\" \/>\n<meta property=\"article:published_time\" content=\"2021-09-22T07:23:00+00:00\" \/>\n<meta property=\"article:modified_time\" content=\"2021-09-30T16:38:41+00:00\" \/>\n<meta property=\"og:image\" content=\"https:\/\/yar.deutschetage.ru\/wp-content\/uploads\/2021\/09\/kopiya-img_20210921_175024-rotated.jpg\" \/>\n\t<meta property=\"og:image:width\" content=\"1736\" \/>\n\t<meta property=\"og:image:height\" content=\"2312\" \/>\n<meta name=\"twitter:card\" content=\"summary_large_image\" \/>\n<script type=\"application\/ld+json\" class=\"yoast-schema-graph\">{\"@context\":\"https:\/\/schema.org\",\"@graph\":[{\"@type\":\"WebSite\",\"@id\":\"https:\/\/yar.deutschetage.ru\/de\/#website\",\"url\":\"https:\/\/yar.deutschetage.ru\/de\/\",\"name\":\"Deutsche Tage in der Region Jaroslawl\",\"description\":\"Wissenschaftliche Fantastik oder fantastische Wissenschaft\",\"potentialAction\":[{\"@type\":\"SearchAction\",\"target\":\"https:\/\/yar.deutschetage.ru\/de\/?s={search_term_string}\",\"query-input\":\"required name=search_term_string\"}],\"inLanguage\":\"de-DE\"},{\"@type\":\"ImageObject\",\"@id\":\"https:\/\/yar.deutschetage.ru\/21-sentyabrya-urok-nemeczkogo-yazyka-v-shkole-%e2%84%96-52-g-yaroslavlya\/#primaryimage\",\"inLanguage\":\"de-DE\",\"url\":\"https:\/\/yar.deutschetage.ru\/wp-content\/uploads\/2021\/09\/kopiya-img_20210921_175024-rotated.jpg\",\"width\":1736,\"height\":2312},{\"@type\":\"WebPage\",\"@id\":\"https:\/\/yar.deutschetage.ru\/21-sentyabrya-urok-nemeczkogo-yazyka-v-shkole-%e2%84%96-52-g-yaroslavlya\/#webpage\",\"url\":\"https:\/\/yar.deutschetage.ru\/21-sentyabrya-urok-nemeczkogo-yazyka-v-shkole-%e2%84%96-52-g-yaroslavlya\/\",\"name\":\"Deutsch-Unterricht in der Schule 52 Jaroslawl - Deutsche Tage in der Region Jaroslawl\",\"isPartOf\":{\"@id\":\"https:\/\/yar.deutschetage.ru\/de\/#website\"},\"primaryImageOfPage\":{\"@id\":\"https:\/\/yar.deutschetage.ru\/21-sentyabrya-urok-nemeczkogo-yazyka-v-shkole-%e2%84%96-52-g-yaroslavlya\/#primaryimage\"},\"datePublished\":\"2021-09-22T07:23:00+00:00\",\"dateModified\":\"2021-09-30T16:38:41+00:00\",\"author\":{\"@id\":\"https:\/\/yar.deutschetage.ru\/de\/#\/schema\/person\/2245fbabe51e87216bd23df044af4cdd\"},\"breadcrumb\":{\"@id\":\"https:\/\/yar.deutschetage.ru\/21-sentyabrya-urok-nemeczkogo-yazyka-v-shkole-%e2%84%96-52-g-yaroslavlya\/#breadcrumb\"},\"inLanguage\":\"de-DE\",\"potentialAction\":[{\"@type\":\"ReadAction\",\"target\":[\"https:\/\/yar.deutschetage.ru\/21-sentyabrya-urok-nemeczkogo-yazyka-v-shkole-%e2%84%96-52-g-yaroslavlya\/\"]}]},{\"@type\":\"BreadcrumbList\",\"@id\":\"https:\/\/yar.deutschetage.ru\/21-sentyabrya-urok-nemeczkogo-yazyka-v-shkole-%e2%84%96-52-g-yaroslavlya\/#breadcrumb\",\"itemListElement\":[{\"@type\":\"ListItem\",\"position\":1,\"item\":{\"@type\":\"WebPage\",\"@id\":\"https:\/\/yar.deutschetage.ru\/\",\"url\":\"https:\/\/yar.deutschetage.ru\/\",\"name\":\"\\u0413\\u043b\\u0430\\u0432\\u043d\\u0430\\u044f\"}},{\"@type\":\"ListItem\",\"position\":2,\"item\":{\"@type\":\"WebPage\",\"@id\":\"https:\/\/yar.deutschetage.ru\/21-sentyabrya-urok-nemeczkogo-yazyka-v-shkole-%e2%84%96-52-g-yaroslavlya\/\",\"url\":\"https:\/\/yar.deutschetage.ru\/21-sentyabrya-urok-nemeczkogo-yazyka-v-shkole-%e2%84%96-52-g-yaroslavlya\/\",\"name\":\"21 \\u0441\\u0435\\u043d\\u0442\\u044f\\u0431\\u0440\\u044f &#8212; \\u0443\\u0440\\u043e\\u043a \\u043d\\u0435\\u043c\\u0435\\u0446\\u043a\\u043e\\u0433\\u043e \\u044f\\u0437\\u044b\\u043a\\u0430 \\u0432 \\u0448\\u043a\\u043e\\u043b\\u0435 \\u2116 52 \\u0433. \\u042f\\u0440\\u043e\\u0441\\u043b\\u0430\\u0432\\u043b\\u044f\"}}]},{\"@type\":\"Person\",\"@id\":\"https:\/\/yar.deutschetage.ru\/de\/#\/schema\/person\/2245fbabe51e87216bd23df044af4cdd\",\"name\":\"admin\",\"image\":{\"@type\":\"ImageObject\",\"@id\":\"https:\/\/yar.deutschetage.ru\/de\/#personlogo\",\"inLanguage\":\"de-DE\",\"url\":\"https:\/\/secure.gravatar.com\/avatar\/9edfe14db71d8cc87d79077644a41dae?s=96&d=mm&r=g\",\"caption\":\"admin\"}}]}<\/script>\n<!-- \/ Yoast SEO plugin. -->","_links":{"self":[{"href":"https:\/\/yar.deutschetage.ru\/de\/wp-json\/wp\/v2\/posts\/1431"}],"collection":[{"href":"https:\/\/yar.deutschetage.ru\/de\/wp-json\/wp\/v2\/posts"}],"about":[{"href":"https:\/\/yar.deutschetage.ru\/de\/wp-json\/wp\/v2\/types\/post"}],"author":[{"embeddable":true,"href":"https:\/\/yar.deutschetage.ru\/de\/wp-json\/wp\/v2\/users\/1"}],"replies":[{"embeddable":true,"href":"https:\/\/yar.deutschetage.ru\/de\/wp-json\/wp\/v2\/comments?post=1431"}],"version-history":[{"count":2,"href":"https:\/\/yar.deutschetage.ru\/de\/wp-json\/wp\/v2\/posts\/1431\/revisions"}],"predecessor-version":[{"id":1453,"href":"https:\/\/yar.deutschetage.ru\/de\/wp-json\/wp\/v2\/posts\/1431\/revisions\/1453"}],"wp:featuredmedia":[{"embeddable":true,"href":"https:\/\/yar.deutschetage.ru\/de\/wp-json\/wp\/v2\/media\/1433"}],"wp:attachment":[{"href":"https:\/\/yar.deutschetage.ru\/de\/wp-json\/wp\/v2\/media?parent=1431"}],"wp:term":[{"taxonomy":"category","embeddable":true,"href":"https:\/\/yar.deutschetage.ru\/de\/wp-json\/wp\/v2\/categories?post=1431"},{"taxonomy":"post_tag","embeddable":true,"href":"https:\/\/yar.deutschetage.ru\/de\/wp-json\/wp\/v2\/tags?post=1431"}],"curies":[{"name":"wp","href":"https:\/\/api.w.org\/{rel}","templated":true}]}}