{"id":1523,"date":"2021-10-10T16:09:58","date_gmt":"2021-10-10T16:09:58","guid":{"rendered":"https:\/\/yar.deutschetage.ru\/?p=1523"},"modified":"2021-11-13T08:28:36","modified_gmt":"2021-11-13T08:28:36","slug":"irina-mavricheva-g-yaroslavl","status":"publish","type":"post","link":"https:\/\/yar.deutschetage.ru\/de\/irina-mavricheva-g-yaroslavl\/","title":{"rendered":"Irina Mavricheva, Jaroslawl"},"content":{"rendered":"\n<p>Das Schloss in Biebrich, Stadt Wiesbaden, wurde 1702 von Herzog Georg August von Nassau-Idstein gebaut und diente lange Zeit als Residenz der Herz\u00f6ge von Nassau und Hessen. Nach weitgehender Zerst\u00f6rung im Krieg wurde das Schloss wieder aufgebaut und wird heute von der hessischen Landesregierung zu repr\u00e4sentativen Zwecken genutzt. Der Schlosspark ist f\u00fcr die \u00d6ffentlichkeit zug\u00e4nglich. Bekannt ist er aber auch f\u00fcr seine Veranstaltung, die seit 1929 j\u00e4hrlich am Tag der Heiligen Dreifaltigkeit stattfindet.<\/p>\n\n\n\n<p><strong><span class=\"has-inline-color has-vivid-cyan-blue-color\">FRAGE: Um welche Veranstaltung geht es?<\/span><\/strong><\/p>\n\n\n\n<figure class=\"wp-block-image size-large\"><img loading=\"lazy\" width=\"768\" height=\"1024\" src=\"https:\/\/yar.deutschetage.ru\/wp-content\/uploads\/2021\/10\/i.mavricheva-768x1024.jpg\" alt=\"\" class=\"wp-image-1524\" srcset=\"https:\/\/yar.deutschetage.ru\/wp-content\/uploads\/2021\/10\/i.mavricheva-768x1024.jpg 768w, https:\/\/yar.deutschetage.ru\/wp-content\/uploads\/2021\/10\/i.mavricheva-225x300.jpg 225w, https:\/\/yar.deutschetage.ru\/wp-content\/uploads\/2021\/10\/i.mavricheva.jpg 960w\" sizes=\"(max-width: 768px) 100vw, 768px\" \/><\/figure>\n\n\n\n<p><\/p>\n","protected":false},"excerpt":{"rendered":"<p>Das Schloss in Biebrich, Stadt Wiesbaden, wurde 1702 von Herzog Georg August von Nassau-Idstein gebaut und diente lange Zeit als Residenz der Herz\u00f6ge von Nassau und Hessen. Nach weitgehender Zerst\u00f6rung im Krieg wurde das Schloss wieder aufgebaut und wird heute von der hessischen Landesregierung zu repr\u00e4sentativen Zwecken genutzt. Der Schlosspark ist f\u00fcr die \u00d6ffentlichkeit zug\u00e4nglich. [&hellip;]<\/p>\n","protected":false},"author":1,"featured_media":1528,"comment_status":"closed","ping_status":"open","sticky":false,"template":"","format":"standard","meta":[],"categories":[12],"tags":[],"yoast_head":"<!-- This site is optimized with the Yoast SEO plugin v14.9 - https:\/\/yoast.com\/wordpress\/plugins\/seo\/ -->\n<title>Irina Mavricheva, Jaroslawl - Deutsche Tage in der Region Jaroslawl<\/title>\n<meta name=\"robots\" content=\"index, follow, max-snippet:-1, max-image-preview:large, max-video-preview:-1\" \/>\n<link rel=\"canonical\" href=\"https:\/\/yar.deutschetage.ru\/irina-mavricheva-g-yaroslavl\/\" \/>\n<meta property=\"og:locale\" content=\"de_DE\" \/>\n<meta property=\"og:type\" content=\"article\" \/>\n<meta property=\"og:title\" content=\"Irina Mavricheva, Jaroslawl - Deutsche Tage in der Region Jaroslawl\" \/>\n<meta property=\"og:url\" content=\"https:\/\/yar.deutschetage.ru\/irina-mavricheva-g-yaroslavl\/\" \/>\n<meta property=\"og:site_name\" content=\"Deutsche Tage in der Region Jaroslawl\" \/>\n<meta property=\"article:publisher\" content=\"https:\/\/www.facebook.com\/groups\/druzjagermanii\" \/>\n<meta property=\"article:published_time\" content=\"2021-10-10T16:09:58+00:00\" \/>\n<meta property=\"article:modified_time\" content=\"2021-11-13T08:28:36+00:00\" \/>\n<meta property=\"og:image\" content=\"https:\/\/yar.deutschetage.ru\/wp-content\/uploads\/2021\/10\/i.mavricheva-1-e1633882919820.jpg\" \/>\n\t<meta property=\"og:image:width\" content=\"956\" \/>\n\t<meta property=\"og:image:height\" content=\"736\" \/>\n<meta name=\"twitter:card\" content=\"summary_large_image\" \/>\n<script type=\"application\/ld+json\" class=\"yoast-schema-graph\">{\"@context\":\"https:\/\/schema.org\",\"@graph\":[{\"@type\":\"WebSite\",\"@id\":\"https:\/\/yar.deutschetage.ru\/de\/#website\",\"url\":\"https:\/\/yar.deutschetage.ru\/de\/\",\"name\":\"Deutsche Tage in der Region Jaroslawl\",\"description\":\"Wissenschaftliche Fantastik oder fantastische Wissenschaft\",\"potentialAction\":[{\"@type\":\"SearchAction\",\"target\":\"https:\/\/yar.deutschetage.ru\/de\/?s={search_term_string}\",\"query-input\":\"required name=search_term_string\"}],\"inLanguage\":\"de-DE\"},{\"@type\":\"ImageObject\",\"@id\":\"https:\/\/yar.deutschetage.ru\/irina-mavricheva-g-yaroslavl\/#primaryimage\",\"inLanguage\":\"de-DE\",\"url\":\"https:\/\/yar.deutschetage.ru\/wp-content\/uploads\/2021\/10\/i.mavricheva-1-e1633882919820.jpg\",\"width\":956,\"height\":736},{\"@type\":\"WebPage\",\"@id\":\"https:\/\/yar.deutschetage.ru\/irina-mavricheva-g-yaroslavl\/#webpage\",\"url\":\"https:\/\/yar.deutschetage.ru\/irina-mavricheva-g-yaroslavl\/\",\"name\":\"Irina Mavricheva, Jaroslawl - Deutsche Tage in der Region Jaroslawl\",\"isPartOf\":{\"@id\":\"https:\/\/yar.deutschetage.ru\/de\/#website\"},\"primaryImageOfPage\":{\"@id\":\"https:\/\/yar.deutschetage.ru\/irina-mavricheva-g-yaroslavl\/#primaryimage\"},\"datePublished\":\"2021-10-10T16:09:58+00:00\",\"dateModified\":\"2021-11-13T08:28:36+00:00\",\"author\":{\"@id\":\"https:\/\/yar.deutschetage.ru\/de\/#\/schema\/person\/2245fbabe51e87216bd23df044af4cdd\"},\"breadcrumb\":{\"@id\":\"https:\/\/yar.deutschetage.ru\/irina-mavricheva-g-yaroslavl\/#breadcrumb\"},\"inLanguage\":\"de-DE\",\"potentialAction\":[{\"@type\":\"ReadAction\",\"target\":[\"https:\/\/yar.deutschetage.ru\/irina-mavricheva-g-yaroslavl\/\"]}]},{\"@type\":\"BreadcrumbList\",\"@id\":\"https:\/\/yar.deutschetage.ru\/irina-mavricheva-g-yaroslavl\/#breadcrumb\",\"itemListElement\":[{\"@type\":\"ListItem\",\"position\":1,\"item\":{\"@type\":\"WebPage\",\"@id\":\"https:\/\/yar.deutschetage.ru\/\",\"url\":\"https:\/\/yar.deutschetage.ru\/\",\"name\":\"\\u0413\\u043b\\u0430\\u0432\\u043d\\u0430\\u044f\"}},{\"@type\":\"ListItem\",\"position\":2,\"item\":{\"@type\":\"WebPage\",\"@id\":\"https:\/\/yar.deutschetage.ru\/irina-mavricheva-g-yaroslavl\/\",\"url\":\"https:\/\/yar.deutschetage.ru\/irina-mavricheva-g-yaroslavl\/\",\"name\":\"\\u0418\\u0440\\u0438\\u043d\\u0430 \\u041c\\u0430\\u0432\\u0440\\u0438\\u0447\\u0435\\u0432\\u0430, \\u0433. \\u042f\\u0440\\u043e\\u0441\\u043b\\u0430\\u0432\\u043b\\u044c\"}}]},{\"@type\":\"Person\",\"@id\":\"https:\/\/yar.deutschetage.ru\/de\/#\/schema\/person\/2245fbabe51e87216bd23df044af4cdd\",\"name\":\"admin\",\"image\":{\"@type\":\"ImageObject\",\"@id\":\"https:\/\/yar.deutschetage.ru\/de\/#personlogo\",\"inLanguage\":\"de-DE\",\"url\":\"https:\/\/secure.gravatar.com\/avatar\/9edfe14db71d8cc87d79077644a41dae?s=96&d=mm&r=g\",\"caption\":\"admin\"}}]}<\/script>\n<!-- \/ Yoast SEO plugin. -->","_links":{"self":[{"href":"https:\/\/yar.deutschetage.ru\/de\/wp-json\/wp\/v2\/posts\/1523"}],"collection":[{"href":"https:\/\/yar.deutschetage.ru\/de\/wp-json\/wp\/v2\/posts"}],"about":[{"href":"https:\/\/yar.deutschetage.ru\/de\/wp-json\/wp\/v2\/types\/post"}],"author":[{"embeddable":true,"href":"https:\/\/yar.deutschetage.ru\/de\/wp-json\/wp\/v2\/users\/1"}],"replies":[{"embeddable":true,"href":"https:\/\/yar.deutschetage.ru\/de\/wp-json\/wp\/v2\/comments?post=1523"}],"version-history":[{"count":4,"href":"https:\/\/yar.deutschetage.ru\/de\/wp-json\/wp\/v2\/posts\/1523\/revisions"}],"predecessor-version":[{"id":2063,"href":"https:\/\/yar.deutschetage.ru\/de\/wp-json\/wp\/v2\/posts\/1523\/revisions\/2063"}],"wp:featuredmedia":[{"embeddable":true,"href":"https:\/\/yar.deutschetage.ru\/de\/wp-json\/wp\/v2\/media\/1528"}],"wp:attachment":[{"href":"https:\/\/yar.deutschetage.ru\/de\/wp-json\/wp\/v2\/media?parent=1523"}],"wp:term":[{"taxonomy":"category","embeddable":true,"href":"https:\/\/yar.deutschetage.ru\/de\/wp-json\/wp\/v2\/categories?post=1523"},{"taxonomy":"post_tag","embeddable":true,"href":"https:\/\/yar.deutschetage.ru\/de\/wp-json\/wp\/v2\/tags?post=1523"}],"curies":[{"name":"wp","href":"https:\/\/api.w.org\/{rel}","templated":true}]}}