{"id":1628,"date":"2021-10-13T15:40:32","date_gmt":"2021-10-13T15:40:32","guid":{"rendered":"https:\/\/yar.deutschetage.ru\/?p=1628"},"modified":"2021-11-13T08:58:53","modified_gmt":"2021-11-13T08:58:53","slug":"viktoriya-krylova-yapek-yaroslavl","status":"publish","type":"post","link":"https:\/\/yar.deutschetage.ru\/de\/viktoriya-krylova-yapek-yaroslavl\/","title":{"rendered":"Viktoria Krylowa, Jaroslawl"},"content":{"rendered":"\n<figure class=\"wp-block-image size-large\"><img loading=\"lazy\" width=\"372\" height=\"497\" src=\"https:\/\/yar.deutschetage.ru\/wp-content\/uploads\/2021\/10\/krylova-v.png\" alt=\"\" class=\"wp-image-1629\" srcset=\"https:\/\/yar.deutschetage.ru\/wp-content\/uploads\/2021\/10\/krylova-v.png 372w, https:\/\/yar.deutschetage.ru\/wp-content\/uploads\/2021\/10\/krylova-v-225x300.png 225w\" sizes=\"(max-width: 372px) 100vw, 372px\" \/><\/figure>\n\n\n\n<p>Die Ruine des Klosters Bad Hersfeld gilt als die gr\u00f6\u00dfte romanische Kirchenruine der Welt. Jeden Sommer verwandeln sie sich in eine Open-Air-B\u00fchne f\u00fcr ein Theaterfestival. Der Architekt Frei Otto, ber\u00fchmt f\u00fcr sein Projekt im M\u00fcnchner Olympiastadion, baute f\u00fcr die Ruine ein Bauwerk, das 1.600 Zuschauer binnen Minuten komplett vor Regen und Wind sch\u00fctzen konnte.<\/p>\n\n\n\n<p><strong><span class=\"has-inline-color has-vivid-cyan-blue-color\">FRAGE: Was f\u00fcr ein Bauwerk hat der Architekt Frey Otto f\u00fcr diese Attraktion gebaut?<\/span><\/strong><\/p>\n","protected":false},"excerpt":{"rendered":"<p>Die Ruine des Klosters Bad Hersfeld gilt als die gr\u00f6\u00dfte romanische Kirchenruine der Welt. Jeden Sommer verwandeln sie sich in eine Open-Air-B\u00fchne f\u00fcr ein Theaterfestival. Der Architekt Frei Otto, ber\u00fchmt f\u00fcr sein Projekt im M\u00fcnchner Olympiastadion, baute f\u00fcr die Ruine ein Bauwerk, das 1.600 Zuschauer binnen Minuten komplett vor Regen und Wind sch\u00fctzen konnte. FRAGE: [&hellip;]<\/p>\n","protected":false},"author":1,"featured_media":1631,"comment_status":"closed","ping_status":"open","sticky":false,"template":"","format":"standard","meta":[],"categories":[12],"tags":[],"yoast_head":"<!-- This site is optimized with the Yoast SEO plugin v14.9 - https:\/\/yoast.com\/wordpress\/plugins\/seo\/ -->\n<title>Viktoria Krylowa, Jaroslawl - Deutsche Tage in der Region Jaroslawl<\/title>\n<meta name=\"robots\" content=\"index, follow, max-snippet:-1, max-image-preview:large, max-video-preview:-1\" \/>\n<link rel=\"canonical\" href=\"https:\/\/yar.deutschetage.ru\/viktoriya-krylova-yapek-yaroslavl\/\" \/>\n<meta property=\"og:locale\" content=\"de_DE\" \/>\n<meta property=\"og:type\" content=\"article\" \/>\n<meta property=\"og:title\" content=\"Viktoria Krylowa, Jaroslawl - Deutsche Tage in der Region Jaroslawl\" \/>\n<meta property=\"og:url\" content=\"https:\/\/yar.deutschetage.ru\/viktoriya-krylova-yapek-yaroslavl\/\" \/>\n<meta property=\"og:site_name\" content=\"Deutsche Tage in der Region Jaroslawl\" \/>\n<meta property=\"article:publisher\" content=\"https:\/\/www.facebook.com\/groups\/druzjagermanii\" \/>\n<meta property=\"article:published_time\" content=\"2021-10-13T15:40:32+00:00\" \/>\n<meta property=\"article:modified_time\" content=\"2021-11-13T08:58:53+00:00\" \/>\n<meta property=\"og:image\" content=\"https:\/\/yar.deutschetage.ru\/wp-content\/uploads\/2021\/10\/krylova-v-1-e1634139721646.png\" \/>\n\t<meta property=\"og:image:width\" content=\"371\" \/>\n\t<meta property=\"og:image:height\" content=\"285\" \/>\n<meta name=\"twitter:card\" content=\"summary_large_image\" \/>\n<script type=\"application\/ld+json\" class=\"yoast-schema-graph\">{\"@context\":\"https:\/\/schema.org\",\"@graph\":[{\"@type\":\"WebSite\",\"@id\":\"https:\/\/yar.deutschetage.ru\/de\/#website\",\"url\":\"https:\/\/yar.deutschetage.ru\/de\/\",\"name\":\"Deutsche Tage in der Region Jaroslawl\",\"description\":\"Wissenschaftliche Fantastik oder fantastische Wissenschaft\",\"potentialAction\":[{\"@type\":\"SearchAction\",\"target\":\"https:\/\/yar.deutschetage.ru\/de\/?s={search_term_string}\",\"query-input\":\"required name=search_term_string\"}],\"inLanguage\":\"de-DE\"},{\"@type\":\"ImageObject\",\"@id\":\"https:\/\/yar.deutschetage.ru\/viktoriya-krylova-yapek-yaroslavl\/#primaryimage\",\"inLanguage\":\"de-DE\",\"url\":\"https:\/\/yar.deutschetage.ru\/wp-content\/uploads\/2021\/10\/krylova-v-1-e1634139721646.png\",\"width\":371,\"height\":285},{\"@type\":\"WebPage\",\"@id\":\"https:\/\/yar.deutschetage.ru\/viktoriya-krylova-yapek-yaroslavl\/#webpage\",\"url\":\"https:\/\/yar.deutschetage.ru\/viktoriya-krylova-yapek-yaroslavl\/\",\"name\":\"Viktoria Krylowa, Jaroslawl - Deutsche Tage in der Region Jaroslawl\",\"isPartOf\":{\"@id\":\"https:\/\/yar.deutschetage.ru\/de\/#website\"},\"primaryImageOfPage\":{\"@id\":\"https:\/\/yar.deutschetage.ru\/viktoriya-krylova-yapek-yaroslavl\/#primaryimage\"},\"datePublished\":\"2021-10-13T15:40:32+00:00\",\"dateModified\":\"2021-11-13T08:58:53+00:00\",\"author\":{\"@id\":\"https:\/\/yar.deutschetage.ru\/de\/#\/schema\/person\/2245fbabe51e87216bd23df044af4cdd\"},\"breadcrumb\":{\"@id\":\"https:\/\/yar.deutschetage.ru\/viktoriya-krylova-yapek-yaroslavl\/#breadcrumb\"},\"inLanguage\":\"de-DE\",\"potentialAction\":[{\"@type\":\"ReadAction\",\"target\":[\"https:\/\/yar.deutschetage.ru\/viktoriya-krylova-yapek-yaroslavl\/\"]}]},{\"@type\":\"BreadcrumbList\",\"@id\":\"https:\/\/yar.deutschetage.ru\/viktoriya-krylova-yapek-yaroslavl\/#breadcrumb\",\"itemListElement\":[{\"@type\":\"ListItem\",\"position\":1,\"item\":{\"@type\":\"WebPage\",\"@id\":\"https:\/\/yar.deutschetage.ru\/\",\"url\":\"https:\/\/yar.deutschetage.ru\/\",\"name\":\"\\u0413\\u043b\\u0430\\u0432\\u043d\\u0430\\u044f\"}},{\"@type\":\"ListItem\",\"position\":2,\"item\":{\"@type\":\"WebPage\",\"@id\":\"https:\/\/yar.deutschetage.ru\/viktoriya-krylova-yapek-yaroslavl\/\",\"url\":\"https:\/\/yar.deutschetage.ru\/viktoriya-krylova-yapek-yaroslavl\/\",\"name\":\"\\u0412\\u0438\\u043a\\u0442\\u043e\\u0440\\u0438\\u044f \\u041a\\u0440\\u044b\\u043b\\u043e\\u0432\\u0430, \\u042f\\u041f\\u042d\\u041a \\u042f\\u0440\\u043e\\u0441\\u043b\\u0430\\u0432\\u043b\\u044c\"}}]},{\"@type\":\"Person\",\"@id\":\"https:\/\/yar.deutschetage.ru\/de\/#\/schema\/person\/2245fbabe51e87216bd23df044af4cdd\",\"name\":\"admin\",\"image\":{\"@type\":\"ImageObject\",\"@id\":\"https:\/\/yar.deutschetage.ru\/de\/#personlogo\",\"inLanguage\":\"de-DE\",\"url\":\"https:\/\/secure.gravatar.com\/avatar\/9edfe14db71d8cc87d79077644a41dae?s=96&d=mm&r=g\",\"caption\":\"admin\"}}]}<\/script>\n<!-- \/ Yoast SEO plugin. -->","_links":{"self":[{"href":"https:\/\/yar.deutschetage.ru\/de\/wp-json\/wp\/v2\/posts\/1628"}],"collection":[{"href":"https:\/\/yar.deutschetage.ru\/de\/wp-json\/wp\/v2\/posts"}],"about":[{"href":"https:\/\/yar.deutschetage.ru\/de\/wp-json\/wp\/v2\/types\/post"}],"author":[{"embeddable":true,"href":"https:\/\/yar.deutschetage.ru\/de\/wp-json\/wp\/v2\/users\/1"}],"replies":[{"embeddable":true,"href":"https:\/\/yar.deutschetage.ru\/de\/wp-json\/wp\/v2\/comments?post=1628"}],"version-history":[{"count":3,"href":"https:\/\/yar.deutschetage.ru\/de\/wp-json\/wp\/v2\/posts\/1628\/revisions"}],"predecessor-version":[{"id":2080,"href":"https:\/\/yar.deutschetage.ru\/de\/wp-json\/wp\/v2\/posts\/1628\/revisions\/2080"}],"wp:featuredmedia":[{"embeddable":true,"href":"https:\/\/yar.deutschetage.ru\/de\/wp-json\/wp\/v2\/media\/1631"}],"wp:attachment":[{"href":"https:\/\/yar.deutschetage.ru\/de\/wp-json\/wp\/v2\/media?parent=1628"}],"wp:term":[{"taxonomy":"category","embeddable":true,"href":"https:\/\/yar.deutschetage.ru\/de\/wp-json\/wp\/v2\/categories?post=1628"},{"taxonomy":"post_tag","embeddable":true,"href":"https:\/\/yar.deutschetage.ru\/de\/wp-json\/wp\/v2\/tags?post=1628"}],"curies":[{"name":"wp","href":"https:\/\/api.w.org\/{rel}","templated":true}]}}