{"id":1632,"date":"2021-10-13T15:44:57","date_gmt":"2021-10-13T15:44:57","guid":{"rendered":"https:\/\/yar.deutschetage.ru\/?p=1632"},"modified":"2021-11-13T09:00:02","modified_gmt":"2021-11-13T09:00:02","slug":"konstantin-lesnikov","status":"publish","type":"post","link":"https:\/\/yar.deutschetage.ru\/de\/konstantin-lesnikov\/","title":{"rendered":"Konstantin Lesnikow, Jaroslawl"},"content":{"rendered":"\n<figure class=\"wp-block-image size-large\"><img loading=\"lazy\" width=\"887\" height=\"1024\" src=\"https:\/\/yar.deutschetage.ru\/wp-content\/uploads\/2021\/10\/k.-lesnikov-887x1024.jpeg\" alt=\"\" class=\"wp-image-1659\" srcset=\"https:\/\/yar.deutschetage.ru\/wp-content\/uploads\/2021\/10\/k.-lesnikov-887x1024.jpeg 887w, https:\/\/yar.deutschetage.ru\/wp-content\/uploads\/2021\/10\/k.-lesnikov-260x300.jpeg 260w, https:\/\/yar.deutschetage.ru\/wp-content\/uploads\/2021\/10\/k.-lesnikov-768x887.jpeg 768w, https:\/\/yar.deutschetage.ru\/wp-content\/uploads\/2021\/10\/k.-lesnikov.jpeg 1265w\" sizes=\"(max-width: 887px) 100vw, 887px\" \/><\/figure>\n\n\n\n<p>1736 kam Mikhail Lomonosov an die Universit\u00e4t Marburg, um Bergbau und Metallurgie zu studieren. Nach langem Aufenthalt in Deutschland traf ihn eine Trag\u00f6die.<\/p>\n\n\n\n<p><strong><span class=\"has-inline-color has-vivid-cyan-blue-color\">FRAGE: Um welche Trag\u00f6die geht es?<\/span><\/strong><\/p>\n","protected":false},"excerpt":{"rendered":"<p>1736 kam Mikhail Lomonosov an die Universit\u00e4t Marburg, um Bergbau und Metallurgie zu studieren. Nach langem Aufenthalt in Deutschland traf ihn eine Trag\u00f6die. FRAGE: Um welche Trag\u00f6die geht es?<\/p>\n","protected":false},"author":1,"featured_media":1661,"comment_status":"closed","ping_status":"open","sticky":false,"template":"","format":"standard","meta":[],"categories":[12],"tags":[],"yoast_head":"<!-- This site is optimized with the Yoast SEO plugin v14.9 - https:\/\/yoast.com\/wordpress\/plugins\/seo\/ -->\n<title>Konstantin Lesnikow, Jaroslawl - Deutsche Tage in der Region Jaroslawl<\/title>\n<meta name=\"robots\" content=\"index, follow, max-snippet:-1, max-image-preview:large, max-video-preview:-1\" \/>\n<link rel=\"canonical\" href=\"https:\/\/yar.deutschetage.ru\/konstantin-lesnikov\/\" \/>\n<meta property=\"og:locale\" content=\"de_DE\" \/>\n<meta property=\"og:type\" content=\"article\" \/>\n<meta property=\"og:title\" content=\"Konstantin Lesnikow, Jaroslawl - Deutsche Tage in der Region Jaroslawl\" \/>\n<meta property=\"og:url\" content=\"https:\/\/yar.deutschetage.ru\/konstantin-lesnikov\/\" \/>\n<meta property=\"og:site_name\" content=\"Deutsche Tage in der Region Jaroslawl\" \/>\n<meta property=\"article:publisher\" content=\"https:\/\/www.facebook.com\/groups\/druzjagermanii\" \/>\n<meta property=\"article:published_time\" content=\"2021-10-13T15:44:57+00:00\" \/>\n<meta property=\"article:modified_time\" content=\"2021-11-13T09:00:02+00:00\" \/>\n<meta property=\"og:image\" content=\"https:\/\/yar.deutschetage.ru\/wp-content\/uploads\/2021\/10\/k.-lesnikov-1-e1634148559184.jpeg\" \/>\n\t<meta property=\"og:image:width\" content=\"1263\" \/>\n\t<meta property=\"og:image:height\" content=\"971\" \/>\n<meta name=\"twitter:card\" content=\"summary_large_image\" \/>\n<script type=\"application\/ld+json\" class=\"yoast-schema-graph\">{\"@context\":\"https:\/\/schema.org\",\"@graph\":[{\"@type\":\"WebSite\",\"@id\":\"https:\/\/yar.deutschetage.ru\/de\/#website\",\"url\":\"https:\/\/yar.deutschetage.ru\/de\/\",\"name\":\"Deutsche Tage in der Region Jaroslawl\",\"description\":\"Wissenschaftliche Fantastik oder fantastische Wissenschaft\",\"potentialAction\":[{\"@type\":\"SearchAction\",\"target\":\"https:\/\/yar.deutschetage.ru\/de\/?s={search_term_string}\",\"query-input\":\"required name=search_term_string\"}],\"inLanguage\":\"de-DE\"},{\"@type\":\"ImageObject\",\"@id\":\"https:\/\/yar.deutschetage.ru\/konstantin-lesnikov\/#primaryimage\",\"inLanguage\":\"de-DE\",\"url\":\"https:\/\/yar.deutschetage.ru\/wp-content\/uploads\/2021\/10\/k.-lesnikov-1-e1634148559184.jpeg\",\"width\":1263,\"height\":971},{\"@type\":\"WebPage\",\"@id\":\"https:\/\/yar.deutschetage.ru\/konstantin-lesnikov\/#webpage\",\"url\":\"https:\/\/yar.deutschetage.ru\/konstantin-lesnikov\/\",\"name\":\"Konstantin Lesnikow, Jaroslawl - Deutsche Tage in der Region Jaroslawl\",\"isPartOf\":{\"@id\":\"https:\/\/yar.deutschetage.ru\/de\/#website\"},\"primaryImageOfPage\":{\"@id\":\"https:\/\/yar.deutschetage.ru\/konstantin-lesnikov\/#primaryimage\"},\"datePublished\":\"2021-10-13T15:44:57+00:00\",\"dateModified\":\"2021-11-13T09:00:02+00:00\",\"author\":{\"@id\":\"https:\/\/yar.deutschetage.ru\/de\/#\/schema\/person\/2245fbabe51e87216bd23df044af4cdd\"},\"breadcrumb\":{\"@id\":\"https:\/\/yar.deutschetage.ru\/konstantin-lesnikov\/#breadcrumb\"},\"inLanguage\":\"de-DE\",\"potentialAction\":[{\"@type\":\"ReadAction\",\"target\":[\"https:\/\/yar.deutschetage.ru\/konstantin-lesnikov\/\"]}]},{\"@type\":\"BreadcrumbList\",\"@id\":\"https:\/\/yar.deutschetage.ru\/konstantin-lesnikov\/#breadcrumb\",\"itemListElement\":[{\"@type\":\"ListItem\",\"position\":1,\"item\":{\"@type\":\"WebPage\",\"@id\":\"https:\/\/yar.deutschetage.ru\/\",\"url\":\"https:\/\/yar.deutschetage.ru\/\",\"name\":\"\\u0413\\u043b\\u0430\\u0432\\u043d\\u0430\\u044f\"}},{\"@type\":\"ListItem\",\"position\":2,\"item\":{\"@type\":\"WebPage\",\"@id\":\"https:\/\/yar.deutschetage.ru\/konstantin-lesnikov\/\",\"url\":\"https:\/\/yar.deutschetage.ru\/konstantin-lesnikov\/\",\"name\":\"\\u041a\\u043e\\u043d\\u0441\\u0442\\u0430\\u043d\\u0442\\u0438\\u043d \\u041b\\u0435\\u0441\\u043d\\u0438\\u043a\\u043e\\u0432, \\u042f\\u041f\\u042d\\u041a \\u042f\\u0440\\u043e\\u0441\\u043b\\u0430\\u0432\\u043b\\u044c\"}}]},{\"@type\":\"Person\",\"@id\":\"https:\/\/yar.deutschetage.ru\/de\/#\/schema\/person\/2245fbabe51e87216bd23df044af4cdd\",\"name\":\"admin\",\"image\":{\"@type\":\"ImageObject\",\"@id\":\"https:\/\/yar.deutschetage.ru\/de\/#personlogo\",\"inLanguage\":\"de-DE\",\"url\":\"https:\/\/secure.gravatar.com\/avatar\/9edfe14db71d8cc87d79077644a41dae?s=96&d=mm&r=g\",\"caption\":\"admin\"}}]}<\/script>\n<!-- \/ Yoast SEO plugin. -->","_links":{"self":[{"href":"https:\/\/yar.deutschetage.ru\/de\/wp-json\/wp\/v2\/posts\/1632"}],"collection":[{"href":"https:\/\/yar.deutschetage.ru\/de\/wp-json\/wp\/v2\/posts"}],"about":[{"href":"https:\/\/yar.deutschetage.ru\/de\/wp-json\/wp\/v2\/types\/post"}],"author":[{"embeddable":true,"href":"https:\/\/yar.deutschetage.ru\/de\/wp-json\/wp\/v2\/users\/1"}],"replies":[{"embeddable":true,"href":"https:\/\/yar.deutschetage.ru\/de\/wp-json\/wp\/v2\/comments?post=1632"}],"version-history":[{"count":5,"href":"https:\/\/yar.deutschetage.ru\/de\/wp-json\/wp\/v2\/posts\/1632\/revisions"}],"predecessor-version":[{"id":2081,"href":"https:\/\/yar.deutschetage.ru\/de\/wp-json\/wp\/v2\/posts\/1632\/revisions\/2081"}],"wp:featuredmedia":[{"embeddable":true,"href":"https:\/\/yar.deutschetage.ru\/de\/wp-json\/wp\/v2\/media\/1661"}],"wp:attachment":[{"href":"https:\/\/yar.deutschetage.ru\/de\/wp-json\/wp\/v2\/media?parent=1632"}],"wp:term":[{"taxonomy":"category","embeddable":true,"href":"https:\/\/yar.deutschetage.ru\/de\/wp-json\/wp\/v2\/categories?post=1632"},{"taxonomy":"post_tag","embeddable":true,"href":"https:\/\/yar.deutschetage.ru\/de\/wp-json\/wp\/v2\/tags?post=1632"}],"curies":[{"name":"wp","href":"https:\/\/api.w.org\/{rel}","templated":true}]}}