{"id":1662,"date":"2021-10-13T18:17:34","date_gmt":"2021-10-13T18:17:34","guid":{"rendered":"https:\/\/yar.deutschetage.ru\/?p=1662"},"modified":"2021-11-13T09:08:37","modified_gmt":"2021-11-13T09:08:37","slug":"kristina-smirnova-yapek-yaroslavl","status":"publish","type":"post","link":"https:\/\/yar.deutschetage.ru\/de\/kristina-smirnova-yapek-yaroslavl\/","title":{"rendered":"Kristina Smirnowa, Jaroslawl"},"content":{"rendered":"\n<figure class=\"wp-block-image size-large\"><img loading=\"lazy\" width=\"798\" height=\"616\" src=\"https:\/\/yar.deutschetage.ru\/wp-content\/uploads\/2021\/10\/kopiya-smirnova-k-e1634215640666.png\" alt=\"\" class=\"wp-image-1684\" srcset=\"https:\/\/yar.deutschetage.ru\/wp-content\/uploads\/2021\/10\/kopiya-smirnova-k-e1634215640666.png 798w, https:\/\/yar.deutschetage.ru\/wp-content\/uploads\/2021\/10\/kopiya-smirnova-k-e1634215640666-300x232.png 300w, https:\/\/yar.deutschetage.ru\/wp-content\/uploads\/2021\/10\/kopiya-smirnova-k-e1634215640666-768x593.png 768w\" sizes=\"(max-width: 798px) 100vw, 798px\" \/><\/figure>\n\n\n\n<p>Es ist bekannt, dass die Gebiete Nord- und Osthessens im Einzugsgebiet eines Flusses liegen. Dieser Fluss flie\u00dft von der Stadt M\u00fcnden nach Norden und m\u00fcndet in die Nordsee.<\/p>\n\n\n\n<p><strong><span class=\"has-inline-color has-vivid-cyan-blue-color\">FRAGE: Wie hei\u00dft dieser Fluss und dementsprechend sein Einzugsgebiet?<\/span><\/strong><\/p>\n","protected":false},"excerpt":{"rendered":"<p>Es ist bekannt, dass die Gebiete Nord- und Osthessens im Einzugsgebiet eines Flusses liegen. Dieser Fluss flie\u00dft von der Stadt M\u00fcnden nach Norden und m\u00fcndet in die Nordsee. FRAGE: Wie hei\u00dft dieser Fluss und dementsprechend sein Einzugsgebiet?<\/p>\n","protected":false},"author":1,"featured_media":1684,"comment_status":"closed","ping_status":"open","sticky":false,"template":"","format":"standard","meta":[],"categories":[12],"tags":[],"yoast_head":"<!-- This site is optimized with the Yoast SEO plugin v14.9 - https:\/\/yoast.com\/wordpress\/plugins\/seo\/ -->\n<title>Kristina Smirnowa, Jaroslawl - Deutsche Tage in der Region Jaroslawl<\/title>\n<meta name=\"robots\" content=\"index, follow, max-snippet:-1, max-image-preview:large, max-video-preview:-1\" \/>\n<link rel=\"canonical\" href=\"https:\/\/yar.deutschetage.ru\/kristina-smirnova-yapek-yaroslavl\/\" \/>\n<meta property=\"og:locale\" content=\"de_DE\" \/>\n<meta property=\"og:type\" content=\"article\" \/>\n<meta property=\"og:title\" content=\"Kristina Smirnowa, Jaroslawl - Deutsche Tage in der Region Jaroslawl\" \/>\n<meta property=\"og:url\" content=\"https:\/\/yar.deutschetage.ru\/kristina-smirnova-yapek-yaroslavl\/\" \/>\n<meta property=\"og:site_name\" content=\"Deutsche Tage in der Region Jaroslawl\" \/>\n<meta property=\"article:publisher\" content=\"https:\/\/www.facebook.com\/groups\/druzjagermanii\" \/>\n<meta property=\"article:published_time\" content=\"2021-10-13T18:17:34+00:00\" \/>\n<meta property=\"article:modified_time\" content=\"2021-11-13T09:08:37+00:00\" \/>\n<meta property=\"og:image\" content=\"https:\/\/yar.deutschetage.ru\/wp-content\/uploads\/2021\/10\/kopiya-smirnova-k-e1634215640666.png\" \/>\n\t<meta property=\"og:image:width\" content=\"798\" \/>\n\t<meta property=\"og:image:height\" content=\"616\" \/>\n<meta name=\"twitter:card\" content=\"summary_large_image\" \/>\n<script type=\"application\/ld+json\" class=\"yoast-schema-graph\">{\"@context\":\"https:\/\/schema.org\",\"@graph\":[{\"@type\":\"WebSite\",\"@id\":\"https:\/\/yar.deutschetage.ru\/de\/#website\",\"url\":\"https:\/\/yar.deutschetage.ru\/de\/\",\"name\":\"Deutsche Tage in der Region Jaroslawl\",\"description\":\"Wissenschaftliche Fantastik oder fantastische Wissenschaft\",\"potentialAction\":[{\"@type\":\"SearchAction\",\"target\":\"https:\/\/yar.deutschetage.ru\/de\/?s={search_term_string}\",\"query-input\":\"required name=search_term_string\"}],\"inLanguage\":\"de-DE\"},{\"@type\":\"ImageObject\",\"@id\":\"https:\/\/yar.deutschetage.ru\/kristina-smirnova-yapek-yaroslavl\/#primaryimage\",\"inLanguage\":\"de-DE\",\"url\":\"https:\/\/yar.deutschetage.ru\/wp-content\/uploads\/2021\/10\/kopiya-smirnova-k-e1634215640666.png\",\"width\":798,\"height\":616},{\"@type\":\"WebPage\",\"@id\":\"https:\/\/yar.deutschetage.ru\/kristina-smirnova-yapek-yaroslavl\/#webpage\",\"url\":\"https:\/\/yar.deutschetage.ru\/kristina-smirnova-yapek-yaroslavl\/\",\"name\":\"Kristina Smirnowa, Jaroslawl - Deutsche Tage in der Region Jaroslawl\",\"isPartOf\":{\"@id\":\"https:\/\/yar.deutschetage.ru\/de\/#website\"},\"primaryImageOfPage\":{\"@id\":\"https:\/\/yar.deutschetage.ru\/kristina-smirnova-yapek-yaroslavl\/#primaryimage\"},\"datePublished\":\"2021-10-13T18:17:34+00:00\",\"dateModified\":\"2021-11-13T09:08:37+00:00\",\"author\":{\"@id\":\"https:\/\/yar.deutschetage.ru\/de\/#\/schema\/person\/2245fbabe51e87216bd23df044af4cdd\"},\"breadcrumb\":{\"@id\":\"https:\/\/yar.deutschetage.ru\/kristina-smirnova-yapek-yaroslavl\/#breadcrumb\"},\"inLanguage\":\"de-DE\",\"potentialAction\":[{\"@type\":\"ReadAction\",\"target\":[\"https:\/\/yar.deutschetage.ru\/kristina-smirnova-yapek-yaroslavl\/\"]}]},{\"@type\":\"BreadcrumbList\",\"@id\":\"https:\/\/yar.deutschetage.ru\/kristina-smirnova-yapek-yaroslavl\/#breadcrumb\",\"itemListElement\":[{\"@type\":\"ListItem\",\"position\":1,\"item\":{\"@type\":\"WebPage\",\"@id\":\"https:\/\/yar.deutschetage.ru\/\",\"url\":\"https:\/\/yar.deutschetage.ru\/\",\"name\":\"\\u0413\\u043b\\u0430\\u0432\\u043d\\u0430\\u044f\"}},{\"@type\":\"ListItem\",\"position\":2,\"item\":{\"@type\":\"WebPage\",\"@id\":\"https:\/\/yar.deutschetage.ru\/kristina-smirnova-yapek-yaroslavl\/\",\"url\":\"https:\/\/yar.deutschetage.ru\/kristina-smirnova-yapek-yaroslavl\/\",\"name\":\"\\u041a\\u0440\\u0438\\u0441\\u0442\\u0438\\u043d\\u0430 \\u0421\\u043c\\u0438\\u0440\\u043d\\u043e\\u0432\\u0430, \\u042f\\u041f\\u042d\\u041a \\u042f\\u0440\\u043e\\u0441\\u043b\\u0430\\u0432\\u043b\\u044c\"}}]},{\"@type\":\"Person\",\"@id\":\"https:\/\/yar.deutschetage.ru\/de\/#\/schema\/person\/2245fbabe51e87216bd23df044af4cdd\",\"name\":\"admin\",\"image\":{\"@type\":\"ImageObject\",\"@id\":\"https:\/\/yar.deutschetage.ru\/de\/#personlogo\",\"inLanguage\":\"de-DE\",\"url\":\"https:\/\/secure.gravatar.com\/avatar\/9edfe14db71d8cc87d79077644a41dae?s=96&d=mm&r=g\",\"caption\":\"admin\"}}]}<\/script>\n<!-- \/ Yoast SEO plugin. -->","_links":{"self":[{"href":"https:\/\/yar.deutschetage.ru\/de\/wp-json\/wp\/v2\/posts\/1662"}],"collection":[{"href":"https:\/\/yar.deutschetage.ru\/de\/wp-json\/wp\/v2\/posts"}],"about":[{"href":"https:\/\/yar.deutschetage.ru\/de\/wp-json\/wp\/v2\/types\/post"}],"author":[{"embeddable":true,"href":"https:\/\/yar.deutschetage.ru\/de\/wp-json\/wp\/v2\/users\/1"}],"replies":[{"embeddable":true,"href":"https:\/\/yar.deutschetage.ru\/de\/wp-json\/wp\/v2\/comments?post=1662"}],"version-history":[{"count":4,"href":"https:\/\/yar.deutschetage.ru\/de\/wp-json\/wp\/v2\/posts\/1662\/revisions"}],"predecessor-version":[{"id":2088,"href":"https:\/\/yar.deutschetage.ru\/de\/wp-json\/wp\/v2\/posts\/1662\/revisions\/2088"}],"wp:featuredmedia":[{"embeddable":true,"href":"https:\/\/yar.deutschetage.ru\/de\/wp-json\/wp\/v2\/media\/1684"}],"wp:attachment":[{"href":"https:\/\/yar.deutschetage.ru\/de\/wp-json\/wp\/v2\/media?parent=1662"}],"wp:term":[{"taxonomy":"category","embeddable":true,"href":"https:\/\/yar.deutschetage.ru\/de\/wp-json\/wp\/v2\/categories?post=1662"},{"taxonomy":"post_tag","embeddable":true,"href":"https:\/\/yar.deutschetage.ru\/de\/wp-json\/wp\/v2\/tags?post=1662"}],"curies":[{"name":"wp","href":"https:\/\/api.w.org\/{rel}","templated":true}]}}