{"id":1665,"date":"2021-10-13T18:24:48","date_gmt":"2021-10-13T18:24:48","guid":{"rendered":"https:\/\/yar.deutschetage.ru\/?p=1665"},"modified":"2021-11-13T10:03:37","modified_gmt":"2021-11-13T10:03:37","slug":"veronika-skryabina-yapek-yaroslavl","status":"publish","type":"post","link":"https:\/\/yar.deutschetage.ru\/de\/veronika-skryabina-yapek-yaroslavl\/","title":{"rendered":"Veronika Skrjabina, Jaroslawl"},"content":{"rendered":"\n<figure class=\"wp-block-image size-large\"><img loading=\"lazy\" width=\"576\" height=\"1024\" src=\"https:\/\/yar.deutschetage.ru\/wp-content\/uploads\/2021\/10\/skryabina-576x1024.jpg\" alt=\"\" class=\"wp-image-1666\" srcset=\"https:\/\/yar.deutschetage.ru\/wp-content\/uploads\/2021\/10\/skryabina-576x1024.jpg 576w, https:\/\/yar.deutschetage.ru\/wp-content\/uploads\/2021\/10\/skryabina-169x300.jpg 169w, https:\/\/yar.deutschetage.ru\/wp-content\/uploads\/2021\/10\/skryabina.jpg 607w\" sizes=\"(max-width: 576px) 100vw, 576px\" \/><\/figure>\n\n\n\n<p>Die Frankfurter Gr\u00fcne So\u00dfe ist in Hessen so beliebt, dass man daf\u00fcr sogar ein spezielles Festival veranstaltet, das Ende Mai stattfindet, bei dem Musiker und Tanzgruppen auftreten. Heutzutage entwickelt sich Frankfurt am Main von einer gesch\u00e4ftigen und zugekn\u00f6pften Stadt zu einer lustigen und unbeschwerten Stadt. Die klassische Frankfurter Gr\u00fcne So\u00dfe machen von\u2026<\/p>\n\n\n\n<p><strong><span class=\"has-inline-color has-vivid-cyan-blue-color\">FRAGE: Wie viele und welche Kr\u00e4uter sind in dieser Sauce?<\/span><\/strong><\/p>\n","protected":false},"excerpt":{"rendered":"<p>Die Frankfurter Gr\u00fcne So\u00dfe ist in Hessen so beliebt, dass man daf\u00fcr sogar ein spezielles Festival veranstaltet, das Ende Mai stattfindet, bei dem Musiker und Tanzgruppen auftreten. Heutzutage entwickelt sich Frankfurt am Main von einer gesch\u00e4ftigen und zugekn\u00f6pften Stadt zu einer lustigen und unbeschwerten Stadt. Die klassische Frankfurter Gr\u00fcne So\u00dfe machen von\u2026 FRAGE: Wie viele [&hellip;]<\/p>\n","protected":false},"author":1,"featured_media":1668,"comment_status":"closed","ping_status":"open","sticky":false,"template":"","format":"standard","meta":[],"categories":[12],"tags":[],"yoast_head":"<!-- This site is optimized with the Yoast SEO plugin v14.9 - https:\/\/yoast.com\/wordpress\/plugins\/seo\/ -->\n<title>Veronika Skrjabina, Jaroslawl - Deutsche Tage in der Region Jaroslawl<\/title>\n<meta name=\"robots\" content=\"index, follow, max-snippet:-1, max-image-preview:large, max-video-preview:-1\" \/>\n<link rel=\"canonical\" href=\"https:\/\/yar.deutschetage.ru\/veronika-skryabina-yapek-yaroslavl\/\" \/>\n<meta property=\"og:locale\" content=\"de_DE\" \/>\n<meta property=\"og:type\" content=\"article\" \/>\n<meta property=\"og:title\" content=\"Veronika Skrjabina, Jaroslawl - Deutsche Tage in der Region Jaroslawl\" \/>\n<meta property=\"og:url\" content=\"https:\/\/yar.deutschetage.ru\/veronika-skryabina-yapek-yaroslavl\/\" \/>\n<meta property=\"og:site_name\" content=\"Deutsche Tage in der Region Jaroslawl\" \/>\n<meta property=\"article:publisher\" content=\"https:\/\/www.facebook.com\/groups\/druzjagermanii\" \/>\n<meta property=\"article:published_time\" content=\"2021-10-13T18:24:48+00:00\" \/>\n<meta property=\"article:modified_time\" content=\"2021-11-13T10:03:37+00:00\" \/>\n<meta property=\"og:image\" content=\"https:\/\/yar.deutschetage.ru\/wp-content\/uploads\/2021\/10\/skryabina-1-e1634149563152.jpg\" \/>\n\t<meta property=\"og:image:width\" content=\"607\" \/>\n\t<meta property=\"og:image:height\" content=\"467\" \/>\n<meta name=\"twitter:card\" content=\"summary_large_image\" \/>\n<script type=\"application\/ld+json\" class=\"yoast-schema-graph\">{\"@context\":\"https:\/\/schema.org\",\"@graph\":[{\"@type\":\"WebSite\",\"@id\":\"https:\/\/yar.deutschetage.ru\/de\/#website\",\"url\":\"https:\/\/yar.deutschetage.ru\/de\/\",\"name\":\"Deutsche Tage in der Region Jaroslawl\",\"description\":\"Wissenschaftliche Fantastik oder fantastische Wissenschaft\",\"potentialAction\":[{\"@type\":\"SearchAction\",\"target\":\"https:\/\/yar.deutschetage.ru\/de\/?s={search_term_string}\",\"query-input\":\"required name=search_term_string\"}],\"inLanguage\":\"de-DE\"},{\"@type\":\"ImageObject\",\"@id\":\"https:\/\/yar.deutschetage.ru\/veronika-skryabina-yapek-yaroslavl\/#primaryimage\",\"inLanguage\":\"de-DE\",\"url\":\"https:\/\/yar.deutschetage.ru\/wp-content\/uploads\/2021\/10\/skryabina-1-e1634149563152.jpg\",\"width\":607,\"height\":467},{\"@type\":\"WebPage\",\"@id\":\"https:\/\/yar.deutschetage.ru\/veronika-skryabina-yapek-yaroslavl\/#webpage\",\"url\":\"https:\/\/yar.deutschetage.ru\/veronika-skryabina-yapek-yaroslavl\/\",\"name\":\"Veronika Skrjabina, Jaroslawl - Deutsche Tage in der Region Jaroslawl\",\"isPartOf\":{\"@id\":\"https:\/\/yar.deutschetage.ru\/de\/#website\"},\"primaryImageOfPage\":{\"@id\":\"https:\/\/yar.deutschetage.ru\/veronika-skryabina-yapek-yaroslavl\/#primaryimage\"},\"datePublished\":\"2021-10-13T18:24:48+00:00\",\"dateModified\":\"2021-11-13T10:03:37+00:00\",\"author\":{\"@id\":\"https:\/\/yar.deutschetage.ru\/de\/#\/schema\/person\/2245fbabe51e87216bd23df044af4cdd\"},\"breadcrumb\":{\"@id\":\"https:\/\/yar.deutschetage.ru\/veronika-skryabina-yapek-yaroslavl\/#breadcrumb\"},\"inLanguage\":\"de-DE\",\"potentialAction\":[{\"@type\":\"ReadAction\",\"target\":[\"https:\/\/yar.deutschetage.ru\/veronika-skryabina-yapek-yaroslavl\/\"]}]},{\"@type\":\"BreadcrumbList\",\"@id\":\"https:\/\/yar.deutschetage.ru\/veronika-skryabina-yapek-yaroslavl\/#breadcrumb\",\"itemListElement\":[{\"@type\":\"ListItem\",\"position\":1,\"item\":{\"@type\":\"WebPage\",\"@id\":\"https:\/\/yar.deutschetage.ru\/\",\"url\":\"https:\/\/yar.deutschetage.ru\/\",\"name\":\"\\u0413\\u043b\\u0430\\u0432\\u043d\\u0430\\u044f\"}},{\"@type\":\"ListItem\",\"position\":2,\"item\":{\"@type\":\"WebPage\",\"@id\":\"https:\/\/yar.deutschetage.ru\/veronika-skryabina-yapek-yaroslavl\/\",\"url\":\"https:\/\/yar.deutschetage.ru\/veronika-skryabina-yapek-yaroslavl\/\",\"name\":\"\\u0412\\u0435\\u0440\\u043e\\u043d\\u0438\\u043a\\u0430 \\u0421\\u043a\\u0440\\u044f\\u0431\\u0438\\u043d\\u0430, \\u042f\\u041f\\u042d\\u041a \\u042f\\u0440\\u043e\\u0441\\u043b\\u0430\\u0432\\u043b\\u044c\"}}]},{\"@type\":\"Person\",\"@id\":\"https:\/\/yar.deutschetage.ru\/de\/#\/schema\/person\/2245fbabe51e87216bd23df044af4cdd\",\"name\":\"admin\",\"image\":{\"@type\":\"ImageObject\",\"@id\":\"https:\/\/yar.deutschetage.ru\/de\/#personlogo\",\"inLanguage\":\"de-DE\",\"url\":\"https:\/\/secure.gravatar.com\/avatar\/9edfe14db71d8cc87d79077644a41dae?s=96&d=mm&r=g\",\"caption\":\"admin\"}}]}<\/script>\n<!-- \/ Yoast SEO plugin. -->","_links":{"self":[{"href":"https:\/\/yar.deutschetage.ru\/de\/wp-json\/wp\/v2\/posts\/1665"}],"collection":[{"href":"https:\/\/yar.deutschetage.ru\/de\/wp-json\/wp\/v2\/posts"}],"about":[{"href":"https:\/\/yar.deutschetage.ru\/de\/wp-json\/wp\/v2\/types\/post"}],"author":[{"embeddable":true,"href":"https:\/\/yar.deutschetage.ru\/de\/wp-json\/wp\/v2\/users\/1"}],"replies":[{"embeddable":true,"href":"https:\/\/yar.deutschetage.ru\/de\/wp-json\/wp\/v2\/comments?post=1665"}],"version-history":[{"count":3,"href":"https:\/\/yar.deutschetage.ru\/de\/wp-json\/wp\/v2\/posts\/1665\/revisions"}],"predecessor-version":[{"id":2089,"href":"https:\/\/yar.deutschetage.ru\/de\/wp-json\/wp\/v2\/posts\/1665\/revisions\/2089"}],"wp:featuredmedia":[{"embeddable":true,"href":"https:\/\/yar.deutschetage.ru\/de\/wp-json\/wp\/v2\/media\/1668"}],"wp:attachment":[{"href":"https:\/\/yar.deutschetage.ru\/de\/wp-json\/wp\/v2\/media?parent=1665"}],"wp:term":[{"taxonomy":"category","embeddable":true,"href":"https:\/\/yar.deutschetage.ru\/de\/wp-json\/wp\/v2\/categories?post=1665"},{"taxonomy":"post_tag","embeddable":true,"href":"https:\/\/yar.deutschetage.ru\/de\/wp-json\/wp\/v2\/tags?post=1665"}],"curies":[{"name":"wp","href":"https:\/\/api.w.org\/{rel}","templated":true}]}}