{"id":1669,"date":"2021-10-13T18:42:28","date_gmt":"2021-10-13T18:42:28","guid":{"rendered":"https:\/\/yar.deutschetage.ru\/?p=1669"},"modified":"2021-11-13T10:05:09","modified_gmt":"2021-11-13T10:05:09","slug":"zhanna-lebedeva-yapek-yaroslavl","status":"publish","type":"post","link":"https:\/\/yar.deutschetage.ru\/de\/zhanna-lebedeva-yapek-yaroslavl\/","title":{"rendered":"Shanna Lebedewa, Jaroslawl"},"content":{"rendered":"\n<figure class=\"wp-block-image size-large\"><img loading=\"lazy\" width=\"1024\" height=\"768\" src=\"https:\/\/yar.deutschetage.ru\/wp-content\/uploads\/2021\/10\/lebedeva-1024x768.jpg\" alt=\"\" class=\"wp-image-1670\" srcset=\"https:\/\/yar.deutschetage.ru\/wp-content\/uploads\/2021\/10\/lebedeva-1024x768.jpg 1024w, https:\/\/yar.deutschetage.ru\/wp-content\/uploads\/2021\/10\/lebedeva-300x225.jpg 300w, https:\/\/yar.deutschetage.ru\/wp-content\/uploads\/2021\/10\/lebedeva-768x576.jpg 768w, https:\/\/yar.deutschetage.ru\/wp-content\/uploads\/2021\/10\/lebedeva.jpg 1280w\" sizes=\"(max-width: 1024px) 100vw, 1024px\" \/><\/figure>\n\n\n\n<p>Administrativ besteht das Bundesland Hessen aus 21 Landkreisen und mehreren kreisfreien St\u00e4dten. Im deutschen Recht werden solche St\u00e4dte als St\u00e4dte bezeichnet, die von den sie umgebenden Territorien administrativ und politisch unabh\u00e4ngig sind.<\/p>\n\n\n\n<p><strong><span class=\"has-inline-color has-vivid-cyan-blue-color\">FRAGE: Wie viele kreisfreien St\u00e4dte gibt es in Hessen und wie hei\u00dfen sie?<\/span><\/strong><\/p>\n","protected":false},"excerpt":{"rendered":"<p>Administrativ besteht das Bundesland Hessen aus 21 Landkreisen und mehreren kreisfreien St\u00e4dten. Im deutschen Recht werden solche St\u00e4dte als St\u00e4dte bezeichnet, die von den sie umgebenden Territorien administrativ und politisch unabh\u00e4ngig sind. FRAGE: Wie viele kreisfreien St\u00e4dte gibt es in Hessen und wie hei\u00dfen sie?<\/p>\n","protected":false},"author":1,"featured_media":1670,"comment_status":"closed","ping_status":"open","sticky":false,"template":"","format":"standard","meta":[],"categories":[12],"tags":[],"yoast_head":"<!-- This site is optimized with the Yoast SEO plugin v14.9 - https:\/\/yoast.com\/wordpress\/plugins\/seo\/ -->\n<title>Shanna Lebedewa, Jaroslawl - Deutsche Tage in der Region Jaroslawl<\/title>\n<meta name=\"robots\" content=\"index, follow, max-snippet:-1, max-image-preview:large, max-video-preview:-1\" \/>\n<link rel=\"canonical\" href=\"https:\/\/yar.deutschetage.ru\/zhanna-lebedeva-yapek-yaroslavl\/\" \/>\n<meta property=\"og:locale\" content=\"de_DE\" \/>\n<meta property=\"og:type\" content=\"article\" \/>\n<meta property=\"og:title\" content=\"Shanna Lebedewa, Jaroslawl - Deutsche Tage in der Region Jaroslawl\" \/>\n<meta property=\"og:url\" content=\"https:\/\/yar.deutschetage.ru\/zhanna-lebedeva-yapek-yaroslavl\/\" \/>\n<meta property=\"og:site_name\" content=\"Deutsche Tage in der Region Jaroslawl\" \/>\n<meta property=\"article:publisher\" content=\"https:\/\/www.facebook.com\/groups\/druzjagermanii\" \/>\n<meta property=\"article:published_time\" content=\"2021-10-13T18:42:28+00:00\" \/>\n<meta property=\"article:modified_time\" content=\"2021-11-13T10:05:09+00:00\" \/>\n<meta property=\"og:image\" content=\"https:\/\/yar.deutschetage.ru\/wp-content\/uploads\/2021\/10\/lebedeva.jpg\" \/>\n\t<meta property=\"og:image:width\" content=\"1280\" \/>\n\t<meta property=\"og:image:height\" content=\"960\" \/>\n<meta name=\"twitter:card\" content=\"summary_large_image\" \/>\n<script type=\"application\/ld+json\" class=\"yoast-schema-graph\">{\"@context\":\"https:\/\/schema.org\",\"@graph\":[{\"@type\":\"WebSite\",\"@id\":\"https:\/\/yar.deutschetage.ru\/de\/#website\",\"url\":\"https:\/\/yar.deutschetage.ru\/de\/\",\"name\":\"Deutsche Tage in der Region Jaroslawl\",\"description\":\"Wissenschaftliche Fantastik oder fantastische Wissenschaft\",\"potentialAction\":[{\"@type\":\"SearchAction\",\"target\":\"https:\/\/yar.deutschetage.ru\/de\/?s={search_term_string}\",\"query-input\":\"required name=search_term_string\"}],\"inLanguage\":\"de-DE\"},{\"@type\":\"ImageObject\",\"@id\":\"https:\/\/yar.deutschetage.ru\/zhanna-lebedeva-yapek-yaroslavl\/#primaryimage\",\"inLanguage\":\"de-DE\",\"url\":\"https:\/\/yar.deutschetage.ru\/wp-content\/uploads\/2021\/10\/lebedeva.jpg\",\"width\":1280,\"height\":960},{\"@type\":\"WebPage\",\"@id\":\"https:\/\/yar.deutschetage.ru\/zhanna-lebedeva-yapek-yaroslavl\/#webpage\",\"url\":\"https:\/\/yar.deutschetage.ru\/zhanna-lebedeva-yapek-yaroslavl\/\",\"name\":\"Shanna Lebedewa, Jaroslawl - Deutsche Tage in der Region Jaroslawl\",\"isPartOf\":{\"@id\":\"https:\/\/yar.deutschetage.ru\/de\/#website\"},\"primaryImageOfPage\":{\"@id\":\"https:\/\/yar.deutschetage.ru\/zhanna-lebedeva-yapek-yaroslavl\/#primaryimage\"},\"datePublished\":\"2021-10-13T18:42:28+00:00\",\"dateModified\":\"2021-11-13T10:05:09+00:00\",\"author\":{\"@id\":\"https:\/\/yar.deutschetage.ru\/de\/#\/schema\/person\/2245fbabe51e87216bd23df044af4cdd\"},\"breadcrumb\":{\"@id\":\"https:\/\/yar.deutschetage.ru\/zhanna-lebedeva-yapek-yaroslavl\/#breadcrumb\"},\"inLanguage\":\"de-DE\",\"potentialAction\":[{\"@type\":\"ReadAction\",\"target\":[\"https:\/\/yar.deutschetage.ru\/zhanna-lebedeva-yapek-yaroslavl\/\"]}]},{\"@type\":\"BreadcrumbList\",\"@id\":\"https:\/\/yar.deutschetage.ru\/zhanna-lebedeva-yapek-yaroslavl\/#breadcrumb\",\"itemListElement\":[{\"@type\":\"ListItem\",\"position\":1,\"item\":{\"@type\":\"WebPage\",\"@id\":\"https:\/\/yar.deutschetage.ru\/\",\"url\":\"https:\/\/yar.deutschetage.ru\/\",\"name\":\"\\u0413\\u043b\\u0430\\u0432\\u043d\\u0430\\u044f\"}},{\"@type\":\"ListItem\",\"position\":2,\"item\":{\"@type\":\"WebPage\",\"@id\":\"https:\/\/yar.deutschetage.ru\/zhanna-lebedeva-yapek-yaroslavl\/\",\"url\":\"https:\/\/yar.deutschetage.ru\/zhanna-lebedeva-yapek-yaroslavl\/\",\"name\":\"\\u0416\\u0430\\u043d\\u043d\\u0430 \\u041b\\u0435\\u0431\\u0435\\u0434\\u0435\\u0432\\u0430, \\u042f\\u041f\\u042d\\u041a \\u042f\\u0440\\u043e\\u0441\\u043b\\u0430\\u0432\\u043b\\u044c\"}}]},{\"@type\":\"Person\",\"@id\":\"https:\/\/yar.deutschetage.ru\/de\/#\/schema\/person\/2245fbabe51e87216bd23df044af4cdd\",\"name\":\"admin\",\"image\":{\"@type\":\"ImageObject\",\"@id\":\"https:\/\/yar.deutschetage.ru\/de\/#personlogo\",\"inLanguage\":\"de-DE\",\"url\":\"https:\/\/secure.gravatar.com\/avatar\/9edfe14db71d8cc87d79077644a41dae?s=96&d=mm&r=g\",\"caption\":\"admin\"}}]}<\/script>\n<!-- \/ Yoast SEO plugin. -->","_links":{"self":[{"href":"https:\/\/yar.deutschetage.ru\/de\/wp-json\/wp\/v2\/posts\/1669"}],"collection":[{"href":"https:\/\/yar.deutschetage.ru\/de\/wp-json\/wp\/v2\/posts"}],"about":[{"href":"https:\/\/yar.deutschetage.ru\/de\/wp-json\/wp\/v2\/types\/post"}],"author":[{"embeddable":true,"href":"https:\/\/yar.deutschetage.ru\/de\/wp-json\/wp\/v2\/users\/1"}],"replies":[{"embeddable":true,"href":"https:\/\/yar.deutschetage.ru\/de\/wp-json\/wp\/v2\/comments?post=1669"}],"version-history":[{"count":3,"href":"https:\/\/yar.deutschetage.ru\/de\/wp-json\/wp\/v2\/posts\/1669\/revisions"}],"predecessor-version":[{"id":2090,"href":"https:\/\/yar.deutschetage.ru\/de\/wp-json\/wp\/v2\/posts\/1669\/revisions\/2090"}],"wp:featuredmedia":[{"embeddable":true,"href":"https:\/\/yar.deutschetage.ru\/de\/wp-json\/wp\/v2\/media\/1670"}],"wp:attachment":[{"href":"https:\/\/yar.deutschetage.ru\/de\/wp-json\/wp\/v2\/media?parent=1669"}],"wp:term":[{"taxonomy":"category","embeddable":true,"href":"https:\/\/yar.deutschetage.ru\/de\/wp-json\/wp\/v2\/categories?post=1669"},{"taxonomy":"post_tag","embeddable":true,"href":"https:\/\/yar.deutschetage.ru\/de\/wp-json\/wp\/v2\/tags?post=1669"}],"curies":[{"name":"wp","href":"https:\/\/api.w.org\/{rel}","templated":true}]}}