{"id":1680,"date":"2021-10-14T12:43:33","date_gmt":"2021-10-14T12:43:33","guid":{"rendered":"https:\/\/yar.deutschetage.ru\/?p=1680"},"modified":"2021-11-13T10:06:36","modified_gmt":"2021-11-13T10:06:36","slug":"ekaterina-kozlova-yapek-yaroslavl","status":"publish","type":"post","link":"https:\/\/yar.deutschetage.ru\/de\/ekaterina-kozlova-yapek-yaroslavl\/","title":{"rendered":"Ekaterina Koslowa, Jaroslawl"},"content":{"rendered":"\n<figure class=\"wp-block-image size-large\"><img loading=\"lazy\" width=\"451\" height=\"348\" src=\"https:\/\/yar.deutschetage.ru\/wp-content\/uploads\/2021\/10\/kozlova-e1634215471964.jpg\" alt=\"\" class=\"wp-image-1682\" srcset=\"https:\/\/yar.deutschetage.ru\/wp-content\/uploads\/2021\/10\/kozlova-e1634215471964.jpg 451w, https:\/\/yar.deutschetage.ru\/wp-content\/uploads\/2021\/10\/kozlova-e1634215471964-300x231.jpg 300w\" sizes=\"(max-width: 451px) 100vw, 451px\" \/><\/figure>\n\n\n\n<p>Dieses im 9. Jahrhundert gegr\u00fcndete Wahrzeichen befindet sich in der Stadt Frankfurt am Main. In diesem Geb\u00e4ude wurden einst deutsche Kaiser gekr\u00f6nt. Dieses Geb\u00e4ude war einst die Begr\u00e4bnisst\u00e4tte wohlhabender B\u00fcrger. Es ist das gr\u00f6\u00dfte Sakralgeb\u00e4ude der Stadt. Die Hauptreliquie ist der obere Teil des Sch\u00e4dels des Apostels, der als Schutzpatron gilt.<\/p>\n\n\n\n<p><strong><span class=\"has-inline-color has-vivid-cyan-blue-color\">FRAGE: Was ist das f\u00fcr ein Geb\u00e4ude?<\/span><\/strong><\/p>\n","protected":false},"excerpt":{"rendered":"<p>Dieses im 9. Jahrhundert gegr\u00fcndete Wahrzeichen befindet sich in der Stadt Frankfurt am Main. In diesem Geb\u00e4ude wurden einst deutsche Kaiser gekr\u00f6nt. Dieses Geb\u00e4ude war einst die Begr\u00e4bnisst\u00e4tte wohlhabender B\u00fcrger. Es ist das gr\u00f6\u00dfte Sakralgeb\u00e4ude der Stadt. Die Hauptreliquie ist der obere Teil des Sch\u00e4dels des Apostels, der als Schutzpatron gilt. FRAGE: Was ist das [&hellip;]<\/p>\n","protected":false},"author":1,"featured_media":1682,"comment_status":"closed","ping_status":"open","sticky":false,"template":"","format":"standard","meta":[],"categories":[12],"tags":[],"yoast_head":"<!-- This site is optimized with the Yoast SEO plugin v14.9 - https:\/\/yoast.com\/wordpress\/plugins\/seo\/ -->\n<title>Ekaterina Koslowa, Jaroslawl - Deutsche Tage in der Region Jaroslawl<\/title>\n<meta name=\"robots\" content=\"index, follow, max-snippet:-1, max-image-preview:large, max-video-preview:-1\" \/>\n<link rel=\"canonical\" href=\"https:\/\/yar.deutschetage.ru\/ekaterina-kozlova-yapek-yaroslavl\/\" \/>\n<meta property=\"og:locale\" content=\"de_DE\" \/>\n<meta property=\"og:type\" content=\"article\" \/>\n<meta property=\"og:title\" content=\"Ekaterina Koslowa, Jaroslawl - Deutsche Tage in der Region Jaroslawl\" \/>\n<meta property=\"og:url\" content=\"https:\/\/yar.deutschetage.ru\/ekaterina-kozlova-yapek-yaroslavl\/\" \/>\n<meta property=\"og:site_name\" content=\"Deutsche Tage in der Region Jaroslawl\" \/>\n<meta property=\"article:publisher\" content=\"https:\/\/www.facebook.com\/groups\/druzjagermanii\" \/>\n<meta property=\"article:published_time\" content=\"2021-10-14T12:43:33+00:00\" \/>\n<meta property=\"article:modified_time\" content=\"2021-11-13T10:06:36+00:00\" \/>\n<meta property=\"og:image\" content=\"https:\/\/yar.deutschetage.ru\/wp-content\/uploads\/2021\/10\/kozlova-e1634215471964.jpg\" \/>\n\t<meta property=\"og:image:width\" content=\"451\" \/>\n\t<meta property=\"og:image:height\" content=\"348\" \/>\n<meta name=\"twitter:card\" content=\"summary_large_image\" \/>\n<script type=\"application\/ld+json\" class=\"yoast-schema-graph\">{\"@context\":\"https:\/\/schema.org\",\"@graph\":[{\"@type\":\"WebSite\",\"@id\":\"https:\/\/yar.deutschetage.ru\/de\/#website\",\"url\":\"https:\/\/yar.deutschetage.ru\/de\/\",\"name\":\"Deutsche Tage in der Region Jaroslawl\",\"description\":\"Wissenschaftliche Fantastik oder fantastische Wissenschaft\",\"potentialAction\":[{\"@type\":\"SearchAction\",\"target\":\"https:\/\/yar.deutschetage.ru\/de\/?s={search_term_string}\",\"query-input\":\"required name=search_term_string\"}],\"inLanguage\":\"de-DE\"},{\"@type\":\"ImageObject\",\"@id\":\"https:\/\/yar.deutschetage.ru\/ekaterina-kozlova-yapek-yaroslavl\/#primaryimage\",\"inLanguage\":\"de-DE\",\"url\":\"https:\/\/yar.deutschetage.ru\/wp-content\/uploads\/2021\/10\/kozlova-e1634215471964.jpg\",\"width\":451,\"height\":348},{\"@type\":\"WebPage\",\"@id\":\"https:\/\/yar.deutschetage.ru\/ekaterina-kozlova-yapek-yaroslavl\/#webpage\",\"url\":\"https:\/\/yar.deutschetage.ru\/ekaterina-kozlova-yapek-yaroslavl\/\",\"name\":\"Ekaterina Koslowa, Jaroslawl - Deutsche Tage in der Region Jaroslawl\",\"isPartOf\":{\"@id\":\"https:\/\/yar.deutschetage.ru\/de\/#website\"},\"primaryImageOfPage\":{\"@id\":\"https:\/\/yar.deutschetage.ru\/ekaterina-kozlova-yapek-yaroslavl\/#primaryimage\"},\"datePublished\":\"2021-10-14T12:43:33+00:00\",\"dateModified\":\"2021-11-13T10:06:36+00:00\",\"author\":{\"@id\":\"https:\/\/yar.deutschetage.ru\/de\/#\/schema\/person\/2245fbabe51e87216bd23df044af4cdd\"},\"breadcrumb\":{\"@id\":\"https:\/\/yar.deutschetage.ru\/ekaterina-kozlova-yapek-yaroslavl\/#breadcrumb\"},\"inLanguage\":\"de-DE\",\"potentialAction\":[{\"@type\":\"ReadAction\",\"target\":[\"https:\/\/yar.deutschetage.ru\/ekaterina-kozlova-yapek-yaroslavl\/\"]}]},{\"@type\":\"BreadcrumbList\",\"@id\":\"https:\/\/yar.deutschetage.ru\/ekaterina-kozlova-yapek-yaroslavl\/#breadcrumb\",\"itemListElement\":[{\"@type\":\"ListItem\",\"position\":1,\"item\":{\"@type\":\"WebPage\",\"@id\":\"https:\/\/yar.deutschetage.ru\/\",\"url\":\"https:\/\/yar.deutschetage.ru\/\",\"name\":\"\\u0413\\u043b\\u0430\\u0432\\u043d\\u0430\\u044f\"}},{\"@type\":\"ListItem\",\"position\":2,\"item\":{\"@type\":\"WebPage\",\"@id\":\"https:\/\/yar.deutschetage.ru\/ekaterina-kozlova-yapek-yaroslavl\/\",\"url\":\"https:\/\/yar.deutschetage.ru\/ekaterina-kozlova-yapek-yaroslavl\/\",\"name\":\"\\u0415\\u043a\\u0430\\u0442\\u0435\\u0440\\u0438\\u043d\\u0430 \\u041a\\u043e\\u0437\\u043b\\u043e\\u0432\\u0430, \\u042f\\u041f\\u042d\\u041a \\u042f\\u0440\\u043e\\u0441\\u043b\\u0430\\u0432\\u043b\\u044c\"}}]},{\"@type\":\"Person\",\"@id\":\"https:\/\/yar.deutschetage.ru\/de\/#\/schema\/person\/2245fbabe51e87216bd23df044af4cdd\",\"name\":\"admin\",\"image\":{\"@type\":\"ImageObject\",\"@id\":\"https:\/\/yar.deutschetage.ru\/de\/#personlogo\",\"inLanguage\":\"de-DE\",\"url\":\"https:\/\/secure.gravatar.com\/avatar\/9edfe14db71d8cc87d79077644a41dae?s=96&d=mm&r=g\",\"caption\":\"admin\"}}]}<\/script>\n<!-- \/ Yoast SEO plugin. -->","_links":{"self":[{"href":"https:\/\/yar.deutschetage.ru\/de\/wp-json\/wp\/v2\/posts\/1680"}],"collection":[{"href":"https:\/\/yar.deutschetage.ru\/de\/wp-json\/wp\/v2\/posts"}],"about":[{"href":"https:\/\/yar.deutschetage.ru\/de\/wp-json\/wp\/v2\/types\/post"}],"author":[{"embeddable":true,"href":"https:\/\/yar.deutschetage.ru\/de\/wp-json\/wp\/v2\/users\/1"}],"replies":[{"embeddable":true,"href":"https:\/\/yar.deutschetage.ru\/de\/wp-json\/wp\/v2\/comments?post=1680"}],"version-history":[{"count":3,"href":"https:\/\/yar.deutschetage.ru\/de\/wp-json\/wp\/v2\/posts\/1680\/revisions"}],"predecessor-version":[{"id":2091,"href":"https:\/\/yar.deutschetage.ru\/de\/wp-json\/wp\/v2\/posts\/1680\/revisions\/2091"}],"wp:featuredmedia":[{"embeddable":true,"href":"https:\/\/yar.deutschetage.ru\/de\/wp-json\/wp\/v2\/media\/1682"}],"wp:attachment":[{"href":"https:\/\/yar.deutschetage.ru\/de\/wp-json\/wp\/v2\/media?parent=1680"}],"wp:term":[{"taxonomy":"category","embeddable":true,"href":"https:\/\/yar.deutschetage.ru\/de\/wp-json\/wp\/v2\/categories?post=1680"},{"taxonomy":"post_tag","embeddable":true,"href":"https:\/\/yar.deutschetage.ru\/de\/wp-json\/wp\/v2\/tags?post=1680"}],"curies":[{"name":"wp","href":"https:\/\/api.w.org\/{rel}","templated":true}]}}