{"id":1687,"date":"2021-10-14T12:56:26","date_gmt":"2021-10-14T12:56:26","guid":{"rendered":"https:\/\/yar.deutschetage.ru\/?p=1687"},"modified":"2021-11-13T10:07:32","modified_gmt":"2021-11-13T10:07:32","slug":"alina-kavkaeva","status":"publish","type":"post","link":"https:\/\/yar.deutschetage.ru\/de\/alina-kavkaeva\/","title":{"rendered":"Alina Kawkajewa, Jaroslawl"},"content":{"rendered":"\n<figure class=\"wp-block-image size-large\"><img loading=\"lazy\" width=\"768\" height=\"1024\" src=\"https:\/\/yar.deutschetage.ru\/wp-content\/uploads\/2021\/10\/kavkaeva-alina-768x1024.jpg\" alt=\"\" class=\"wp-image-1688\" srcset=\"https:\/\/yar.deutschetage.ru\/wp-content\/uploads\/2021\/10\/kavkaeva-alina-768x1024.jpg 768w, https:\/\/yar.deutschetage.ru\/wp-content\/uploads\/2021\/10\/kavkaeva-alina-225x300.jpg 225w, https:\/\/yar.deutschetage.ru\/wp-content\/uploads\/2021\/10\/kavkaeva-alina.jpg 810w\" sizes=\"(max-width: 768px) 100vw, 768px\" \/><\/figure>\n\n\n\n<p>Dieses Wahrzeichen der Stadt Kassel gilt als eines der sch\u00f6nsten Schl\u00f6sser der Welt. Es wurde als Symbol f\u00fcr die Herrscher von Hessen gebaut. Das Schloss liegt auf einem 92 Meter hohen Berg im Park Wilhelmsh\u00f6he. Derzeit gibt es eine Ausstellung alter Waffen.<\/p>\n\n\n\n<p><strong><span class=\"has-inline-color has-vivid-cyan-blue-color\">FRAGE: Was f\u00fcr ein Schloss ist es?<\/span><\/strong><\/p>\n","protected":false},"excerpt":{"rendered":"<p>Dieses Wahrzeichen der Stadt Kassel gilt als eines der sch\u00f6nsten Schl\u00f6sser der Welt. Es wurde als Symbol f\u00fcr die Herrscher von Hessen gebaut. Das Schloss liegt auf einem 92 Meter hohen Berg im Park Wilhelmsh\u00f6he. Derzeit gibt es eine Ausstellung alter Waffen. FRAGE: Was f\u00fcr ein Schloss ist es?<\/p>\n","protected":false},"author":1,"featured_media":1690,"comment_status":"closed","ping_status":"open","sticky":false,"template":"","format":"standard","meta":[],"categories":[12],"tags":[],"yoast_head":"<!-- This site is optimized with the Yoast SEO plugin v14.9 - https:\/\/yoast.com\/wordpress\/plugins\/seo\/ -->\n<title>Alina Kawkajewa, Jaroslawl - Deutsche Tage in der Region Jaroslawl<\/title>\n<meta name=\"robots\" content=\"index, follow, max-snippet:-1, max-image-preview:large, max-video-preview:-1\" \/>\n<link rel=\"canonical\" href=\"https:\/\/yar.deutschetage.ru\/alina-kavkaeva\/\" \/>\n<meta property=\"og:locale\" content=\"de_DE\" \/>\n<meta property=\"og:type\" content=\"article\" \/>\n<meta property=\"og:title\" content=\"Alina Kawkajewa, Jaroslawl - Deutsche Tage in der Region Jaroslawl\" \/>\n<meta property=\"og:url\" content=\"https:\/\/yar.deutschetage.ru\/alina-kavkaeva\/\" \/>\n<meta property=\"og:site_name\" content=\"Deutsche Tage in der Region Jaroslawl\" \/>\n<meta property=\"article:publisher\" content=\"https:\/\/www.facebook.com\/groups\/druzjagermanii\" \/>\n<meta property=\"article:published_time\" content=\"2021-10-14T12:56:26+00:00\" \/>\n<meta property=\"article:modified_time\" content=\"2021-11-13T10:07:32+00:00\" \/>\n<meta property=\"og:image\" content=\"https:\/\/yar.deutschetage.ru\/wp-content\/uploads\/2021\/10\/kavkaeva-alina-1-e1634216238555.jpg\" \/>\n\t<meta property=\"og:image:width\" content=\"807\" \/>\n\t<meta property=\"og:image:height\" content=\"623\" \/>\n<meta name=\"twitter:card\" content=\"summary_large_image\" \/>\n<script type=\"application\/ld+json\" class=\"yoast-schema-graph\">{\"@context\":\"https:\/\/schema.org\",\"@graph\":[{\"@type\":\"WebSite\",\"@id\":\"https:\/\/yar.deutschetage.ru\/de\/#website\",\"url\":\"https:\/\/yar.deutschetage.ru\/de\/\",\"name\":\"Deutsche Tage in der Region Jaroslawl\",\"description\":\"Wissenschaftliche Fantastik oder fantastische Wissenschaft\",\"potentialAction\":[{\"@type\":\"SearchAction\",\"target\":\"https:\/\/yar.deutschetage.ru\/de\/?s={search_term_string}\",\"query-input\":\"required name=search_term_string\"}],\"inLanguage\":\"de-DE\"},{\"@type\":\"ImageObject\",\"@id\":\"https:\/\/yar.deutschetage.ru\/alina-kavkaeva\/#primaryimage\",\"inLanguage\":\"de-DE\",\"url\":\"https:\/\/yar.deutschetage.ru\/wp-content\/uploads\/2021\/10\/kavkaeva-alina-1-e1634216238555.jpg\",\"width\":807,\"height\":623},{\"@type\":\"WebPage\",\"@id\":\"https:\/\/yar.deutschetage.ru\/alina-kavkaeva\/#webpage\",\"url\":\"https:\/\/yar.deutschetage.ru\/alina-kavkaeva\/\",\"name\":\"Alina Kawkajewa, Jaroslawl - Deutsche Tage in der Region Jaroslawl\",\"isPartOf\":{\"@id\":\"https:\/\/yar.deutschetage.ru\/de\/#website\"},\"primaryImageOfPage\":{\"@id\":\"https:\/\/yar.deutschetage.ru\/alina-kavkaeva\/#primaryimage\"},\"datePublished\":\"2021-10-14T12:56:26+00:00\",\"dateModified\":\"2021-11-13T10:07:32+00:00\",\"author\":{\"@id\":\"https:\/\/yar.deutschetage.ru\/de\/#\/schema\/person\/2245fbabe51e87216bd23df044af4cdd\"},\"breadcrumb\":{\"@id\":\"https:\/\/yar.deutschetage.ru\/alina-kavkaeva\/#breadcrumb\"},\"inLanguage\":\"de-DE\",\"potentialAction\":[{\"@type\":\"ReadAction\",\"target\":[\"https:\/\/yar.deutschetage.ru\/alina-kavkaeva\/\"]}]},{\"@type\":\"BreadcrumbList\",\"@id\":\"https:\/\/yar.deutschetage.ru\/alina-kavkaeva\/#breadcrumb\",\"itemListElement\":[{\"@type\":\"ListItem\",\"position\":1,\"item\":{\"@type\":\"WebPage\",\"@id\":\"https:\/\/yar.deutschetage.ru\/\",\"url\":\"https:\/\/yar.deutschetage.ru\/\",\"name\":\"\\u0413\\u043b\\u0430\\u0432\\u043d\\u0430\\u044f\"}},{\"@type\":\"ListItem\",\"position\":2,\"item\":{\"@type\":\"WebPage\",\"@id\":\"https:\/\/yar.deutschetage.ru\/alina-kavkaeva\/\",\"url\":\"https:\/\/yar.deutschetage.ru\/alina-kavkaeva\/\",\"name\":\"\\u0410\\u043b\\u0438\\u043d\\u0430 \\u041a\\u0430\\u0432\\u043a\\u0430\\u0435\\u0432\\u0430, \\u042f\\u041f\\u042d\\u041a \\u042f\\u0440\\u043e\\u0441\\u043b\\u0430\\u0432\\u043b\\u044c\"}}]},{\"@type\":\"Person\",\"@id\":\"https:\/\/yar.deutschetage.ru\/de\/#\/schema\/person\/2245fbabe51e87216bd23df044af4cdd\",\"name\":\"admin\",\"image\":{\"@type\":\"ImageObject\",\"@id\":\"https:\/\/yar.deutschetage.ru\/de\/#personlogo\",\"inLanguage\":\"de-DE\",\"url\":\"https:\/\/secure.gravatar.com\/avatar\/9edfe14db71d8cc87d79077644a41dae?s=96&d=mm&r=g\",\"caption\":\"admin\"}}]}<\/script>\n<!-- \/ Yoast SEO plugin. -->","_links":{"self":[{"href":"https:\/\/yar.deutschetage.ru\/de\/wp-json\/wp\/v2\/posts\/1687"}],"collection":[{"href":"https:\/\/yar.deutschetage.ru\/de\/wp-json\/wp\/v2\/posts"}],"about":[{"href":"https:\/\/yar.deutschetage.ru\/de\/wp-json\/wp\/v2\/types\/post"}],"author":[{"embeddable":true,"href":"https:\/\/yar.deutschetage.ru\/de\/wp-json\/wp\/v2\/users\/1"}],"replies":[{"embeddable":true,"href":"https:\/\/yar.deutschetage.ru\/de\/wp-json\/wp\/v2\/comments?post=1687"}],"version-history":[{"count":4,"href":"https:\/\/yar.deutschetage.ru\/de\/wp-json\/wp\/v2\/posts\/1687\/revisions"}],"predecessor-version":[{"id":2092,"href":"https:\/\/yar.deutschetage.ru\/de\/wp-json\/wp\/v2\/posts\/1687\/revisions\/2092"}],"wp:featuredmedia":[{"embeddable":true,"href":"https:\/\/yar.deutschetage.ru\/de\/wp-json\/wp\/v2\/media\/1690"}],"wp:attachment":[{"href":"https:\/\/yar.deutschetage.ru\/de\/wp-json\/wp\/v2\/media?parent=1687"}],"wp:term":[{"taxonomy":"category","embeddable":true,"href":"https:\/\/yar.deutschetage.ru\/de\/wp-json\/wp\/v2\/categories?post=1687"},{"taxonomy":"post_tag","embeddable":true,"href":"https:\/\/yar.deutschetage.ru\/de\/wp-json\/wp\/v2\/tags?post=1687"}],"curies":[{"name":"wp","href":"https:\/\/api.w.org\/{rel}","templated":true}]}}