{"id":1691,"date":"2021-10-14T13:03:11","date_gmt":"2021-10-14T13:03:11","guid":{"rendered":"https:\/\/yar.deutschetage.ru\/?p=1691"},"modified":"2021-11-13T10:08:43","modified_gmt":"2021-11-13T10:08:43","slug":"darya-efimevskaya-yapek-yaroslavl","status":"publish","type":"post","link":"https:\/\/yar.deutschetage.ru\/de\/darya-efimevskaya-yapek-yaroslavl\/","title":{"rendered":"Daria Efimjewskaja, Jaroslawl"},"content":{"rendered":"\n<figure class=\"wp-block-image size-large\"><img loading=\"lazy\" width=\"768\" height=\"1024\" src=\"https:\/\/yar.deutschetage.ru\/wp-content\/uploads\/2021\/10\/efimevskaya-dasha-768x1024.jpg\" alt=\"\" class=\"wp-image-1692\"\/><\/figure>\n\n\n\n<p>Der bekannte Fedor Mikhailovich Dostoevsky hatte eine Leidenschaft f\u00fcr das Gl\u00fccksspiel, n\u00e4mlich das Roulette. In dieser Stadt fand Dostojewskis letztes Spiel statt, das mit einem gro\u00dfen Verlust endete, nach dem sie das Rouletterad nie wieder ber\u00fchrten.<\/p>\n\n\n\n<p><strong><span class=\"has-inline-color has-vivid-cyan-blue-color\">FRAGE: Um welche Stadt geht es?<\/span><\/strong><\/p>\n","protected":false},"excerpt":{"rendered":"<p>Der bekannte Fedor Mikhailovich Dostoevsky hatte eine Leidenschaft f\u00fcr das Gl\u00fccksspiel, n\u00e4mlich das Roulette. In dieser Stadt fand Dostojewskis letztes Spiel statt, das mit einem gro\u00dfen Verlust endete, nach dem sie das Rouletterad nie wieder ber\u00fchrten. FRAGE: Um welche Stadt geht es?<\/p>\n","protected":false},"author":1,"featured_media":1692,"comment_status":"closed","ping_status":"open","sticky":false,"template":"","format":"standard","meta":[],"categories":[12],"tags":[],"yoast_head":"<!-- This site is optimized with the Yoast SEO plugin v14.9 - https:\/\/yoast.com\/wordpress\/plugins\/seo\/ -->\n<title>Daria Efimjewskaja, Jaroslawl - Deutsche Tage in der Region Jaroslawl<\/title>\n<meta name=\"robots\" content=\"index, follow, max-snippet:-1, max-image-preview:large, max-video-preview:-1\" \/>\n<link rel=\"canonical\" href=\"https:\/\/yar.deutschetage.ru\/darya-efimevskaya-yapek-yaroslavl\/\" \/>\n<meta property=\"og:locale\" content=\"de_DE\" \/>\n<meta property=\"og:type\" content=\"article\" \/>\n<meta property=\"og:title\" content=\"Daria Efimjewskaja, Jaroslawl - Deutsche Tage in der Region Jaroslawl\" \/>\n<meta property=\"og:url\" content=\"https:\/\/yar.deutschetage.ru\/darya-efimevskaya-yapek-yaroslavl\/\" \/>\n<meta property=\"og:site_name\" content=\"Deutsche Tage in der Region Jaroslawl\" \/>\n<meta property=\"article:publisher\" content=\"https:\/\/www.facebook.com\/groups\/druzjagermanii\" \/>\n<meta property=\"article:published_time\" content=\"2021-10-14T13:03:11+00:00\" \/>\n<meta property=\"article:modified_time\" content=\"2021-11-13T10:08:43+00:00\" \/>\n<meta property=\"og:image\" content=\"https:\/\/yar.deutschetage.ru\/wp-content\/uploads\/2021\/10\/efimevskaya-dasha-e1634216659741.jpg\" \/>\n\t<meta property=\"og:image:width\" content=\"810\" \/>\n\t<meta property=\"og:image:height\" content=\"623\" \/>\n<meta name=\"twitter:card\" content=\"summary_large_image\" \/>\n<script type=\"application\/ld+json\" class=\"yoast-schema-graph\">{\"@context\":\"https:\/\/schema.org\",\"@graph\":[{\"@type\":\"WebSite\",\"@id\":\"https:\/\/yar.deutschetage.ru\/de\/#website\",\"url\":\"https:\/\/yar.deutschetage.ru\/de\/\",\"name\":\"Deutsche Tage in der Region Jaroslawl\",\"description\":\"Wissenschaftliche Fantastik oder fantastische Wissenschaft\",\"potentialAction\":[{\"@type\":\"SearchAction\",\"target\":\"https:\/\/yar.deutschetage.ru\/de\/?s={search_term_string}\",\"query-input\":\"required name=search_term_string\"}],\"inLanguage\":\"de-DE\"},{\"@type\":\"ImageObject\",\"@id\":\"https:\/\/yar.deutschetage.ru\/darya-efimevskaya-yapek-yaroslavl\/#primaryimage\",\"inLanguage\":\"de-DE\",\"url\":\"https:\/\/yar.deutschetage.ru\/wp-content\/uploads\/2021\/10\/efimevskaya-dasha-e1634216659741.jpg\",\"width\":810,\"height\":623},{\"@type\":\"WebPage\",\"@id\":\"https:\/\/yar.deutschetage.ru\/darya-efimevskaya-yapek-yaroslavl\/#webpage\",\"url\":\"https:\/\/yar.deutschetage.ru\/darya-efimevskaya-yapek-yaroslavl\/\",\"name\":\"Daria Efimjewskaja, Jaroslawl - Deutsche Tage in der Region Jaroslawl\",\"isPartOf\":{\"@id\":\"https:\/\/yar.deutschetage.ru\/de\/#website\"},\"primaryImageOfPage\":{\"@id\":\"https:\/\/yar.deutschetage.ru\/darya-efimevskaya-yapek-yaroslavl\/#primaryimage\"},\"datePublished\":\"2021-10-14T13:03:11+00:00\",\"dateModified\":\"2021-11-13T10:08:43+00:00\",\"author\":{\"@id\":\"https:\/\/yar.deutschetage.ru\/de\/#\/schema\/person\/2245fbabe51e87216bd23df044af4cdd\"},\"breadcrumb\":{\"@id\":\"https:\/\/yar.deutschetage.ru\/darya-efimevskaya-yapek-yaroslavl\/#breadcrumb\"},\"inLanguage\":\"de-DE\",\"potentialAction\":[{\"@type\":\"ReadAction\",\"target\":[\"https:\/\/yar.deutschetage.ru\/darya-efimevskaya-yapek-yaroslavl\/\"]}]},{\"@type\":\"BreadcrumbList\",\"@id\":\"https:\/\/yar.deutschetage.ru\/darya-efimevskaya-yapek-yaroslavl\/#breadcrumb\",\"itemListElement\":[{\"@type\":\"ListItem\",\"position\":1,\"item\":{\"@type\":\"WebPage\",\"@id\":\"https:\/\/yar.deutschetage.ru\/\",\"url\":\"https:\/\/yar.deutschetage.ru\/\",\"name\":\"\\u0413\\u043b\\u0430\\u0432\\u043d\\u0430\\u044f\"}},{\"@type\":\"ListItem\",\"position\":2,\"item\":{\"@type\":\"WebPage\",\"@id\":\"https:\/\/yar.deutschetage.ru\/darya-efimevskaya-yapek-yaroslavl\/\",\"url\":\"https:\/\/yar.deutschetage.ru\/darya-efimevskaya-yapek-yaroslavl\/\",\"name\":\"\\u0414\\u0430\\u0440\\u044c\\u044f \\u0415\\u0444\\u0438\\u043c\\u044c\\u0435\\u0432\\u0441\\u043a\\u0430\\u044f, \\u042f\\u041f\\u042d\\u041a \\u042f\\u0440\\u043e\\u0441\\u043b\\u0430\\u0432\\u043b\\u044c\"}}]},{\"@type\":\"Person\",\"@id\":\"https:\/\/yar.deutschetage.ru\/de\/#\/schema\/person\/2245fbabe51e87216bd23df044af4cdd\",\"name\":\"admin\",\"image\":{\"@type\":\"ImageObject\",\"@id\":\"https:\/\/yar.deutschetage.ru\/de\/#personlogo\",\"inLanguage\":\"de-DE\",\"url\":\"https:\/\/secure.gravatar.com\/avatar\/9edfe14db71d8cc87d79077644a41dae?s=96&d=mm&r=g\",\"caption\":\"admin\"}}]}<\/script>\n<!-- \/ Yoast SEO plugin. -->","_links":{"self":[{"href":"https:\/\/yar.deutschetage.ru\/de\/wp-json\/wp\/v2\/posts\/1691"}],"collection":[{"href":"https:\/\/yar.deutschetage.ru\/de\/wp-json\/wp\/v2\/posts"}],"about":[{"href":"https:\/\/yar.deutschetage.ru\/de\/wp-json\/wp\/v2\/types\/post"}],"author":[{"embeddable":true,"href":"https:\/\/yar.deutschetage.ru\/de\/wp-json\/wp\/v2\/users\/1"}],"replies":[{"embeddable":true,"href":"https:\/\/yar.deutschetage.ru\/de\/wp-json\/wp\/v2\/comments?post=1691"}],"version-history":[{"count":4,"href":"https:\/\/yar.deutschetage.ru\/de\/wp-json\/wp\/v2\/posts\/1691\/revisions"}],"predecessor-version":[{"id":2093,"href":"https:\/\/yar.deutschetage.ru\/de\/wp-json\/wp\/v2\/posts\/1691\/revisions\/2093"}],"wp:featuredmedia":[{"embeddable":true,"href":"https:\/\/yar.deutschetage.ru\/de\/wp-json\/wp\/v2\/media\/1692"}],"wp:attachment":[{"href":"https:\/\/yar.deutschetage.ru\/de\/wp-json\/wp\/v2\/media?parent=1691"}],"wp:term":[{"taxonomy":"category","embeddable":true,"href":"https:\/\/yar.deutschetage.ru\/de\/wp-json\/wp\/v2\/categories?post=1691"},{"taxonomy":"post_tag","embeddable":true,"href":"https:\/\/yar.deutschetage.ru\/de\/wp-json\/wp\/v2\/tags?post=1691"}],"curies":[{"name":"wp","href":"https:\/\/api.w.org\/{rel}","templated":true}]}}