{"id":1824,"date":"2021-10-27T23:00:41","date_gmt":"2021-10-27T23:00:41","guid":{"rendered":"https:\/\/yar.deutschetage.ru\/?p=1824"},"modified":"2021-10-27T23:00:43","modified_gmt":"2021-10-27T23:00:43","slug":"26-29-oktyabrya-sportdialog","status":"publish","type":"post","link":"https:\/\/yar.deutschetage.ru\/de\/26-29-oktyabrya-sportdialog\/","title":{"rendered":"26.-29.10 &#8211; Deutschlandjahr: SPORTDIALOG"},"content":{"rendered":"\n<p>Vom 26. bis 29. Oktober findet der RUSSISCH-DEUTSCHE SPORTDIALOG im Rahmen des Deutschlandjahres in Russland 2020\/2021    https:\/\/godgermanii.ru\/ru\/   und mit Unterst\u00fctzung  der Stadt Jaroslawl statt.<\/p>\n\n\n\n<p>Das Projekt basiert auf unseren seit 1994 langj\u00e4hrigen und vor allem nachhaltigen Kontakten mit dem Deutsch-Franz\u00f6sischen Freundeskreis \/ Amicale Franco Allemande Rheingau-Taunus \/ Outre For\u00eats 1987 e. V. &#8211; European Association, Schlangenbad (DFFK \/ AFA,), deren Lieder immer noch unser gro\u00dfer gro\u00dfe Freund Arno Pfeffer ist, der in seiner Freizeit selbst Handball spielt und dieses Spiel gerne popul\u00e4r macht.<\/p>\n\n\n\n<p>In unserem Projekt nutzen wir auch die \u00fcberaus positiven Erfahrungen des Sportaustauschs 2017, 2018 und 2019 mit Unterst\u00fctzung des Sportvereins Schierstein (TGS) Wiesbaden sowie der Kultur- und Bildungskooperation im Rahmen von Partnerschaftsprojekten zwischen der Region Jaroslawl und dam Land Hessen. Die Teilnehmer erw\u00e4gen derzeit den n\u00e4chsten Besuch, nat\u00fcrlich mit \u00e4hnlichen Zielen, vielleicht 2022 oder 2023.<\/p>\n\n\n\n<p>In den letzten 5 Jahren haben wir mit unseren deutschen und dann franz\u00f6sischen Freunden drei freundschaftliche Handballturniere erfolgreich durchgef\u00fchrt. Diese Erfahrung wurde erfolgreich zu einem internationalen Freundschafts-Handballturnier unter Veteranen und Sportfans mit der Teilnahme von Mannschaften aus Russland, Wei\u00dfrussland, Deutschland, Frankreich, Serbien und Slowenien multipliziert.<\/p>\n\n\n\n<p>Leider konnten unsere deutschen und franz\u00f6sischen Freunde dieses Jahr nicht nach Jaroslawl kommen, aber wahre Freundschaft kennt keine Barrieren!<\/p>\n\n\n\n<p>In unserem aktuellen Programm haben wir f\u00fcr unterschiedliche Alters- und Berufsgruppen ein breites multimediales Angebot bereitgestellt, das Informationsgehalt, Spa\u00df und die M\u00f6glichkeit der Live-Kommunikation auch mit deutschen Freunden voraussetzt.<\/p>\n\n\n\n<p>Weitere Informationen und Teilnahmeanmeldung unter <a href=\"yargerrus@gmail.com\">yargerrus@gmail.com<\/a><\/p>\n\n\n\n<figure class=\"wp-block-image size-large\"><img loading=\"lazy\" width=\"723\" height=\"1024\" src=\"https:\/\/yar.deutschetage.ru\/wp-content\/uploads\/2021\/10\/afisha-sport-2deu-723x1024.jpg\" alt=\"\" class=\"wp-image-1910\" srcset=\"https:\/\/yar.deutschetage.ru\/wp-content\/uploads\/2021\/10\/afisha-sport-2deu-723x1024.jpg 723w, https:\/\/yar.deutschetage.ru\/wp-content\/uploads\/2021\/10\/afisha-sport-2deu-212x300.jpg 212w, https:\/\/yar.deutschetage.ru\/wp-content\/uploads\/2021\/10\/afisha-sport-2deu-768x1087.jpg 768w, https:\/\/yar.deutschetage.ru\/wp-content\/uploads\/2021\/10\/afisha-sport-2deu-1085x1536.jpg 1085w, https:\/\/yar.deutschetage.ru\/wp-content\/uploads\/2021\/10\/afisha-sport-2deu.jpg 1239w\" sizes=\"(max-width: 723px) 100vw, 723px\" \/><\/figure>\n","protected":false},"excerpt":{"rendered":"<p>Vom 26. bis 29. Oktober findet der RUSSISCH-DEUTSCHE SPORTDIALOG im Rahmen des Deutschlandjahres in Russland 2020\/2021 https:\/\/godgermanii.ru\/ru\/ und mit Unterst\u00fctzung der Stadt Jaroslawl statt. Das Projekt basiert auf unseren seit 1994 langj\u00e4hrigen und vor allem nachhaltigen Kontakten mit dem Deutsch-Franz\u00f6sischen Freundeskreis \/ Amicale Franco Allemande Rheingau-Taunus \/ Outre For\u00eats 1987 e. V. &#8211; European Association, [&hellip;]<\/p>\n","protected":false},"author":1,"featured_media":0,"comment_status":"closed","ping_status":"open","sticky":false,"template":"","format":"standard","meta":[],"categories":[9],"tags":[],"yoast_head":"<!-- This site is optimized with the Yoast SEO plugin v14.9 - https:\/\/yoast.com\/wordpress\/plugins\/seo\/ -->\n<title>26.-29.10 - Deutschlandjahr: SPORTDIALOG - Deutsche Tage in der Region Jaroslawl<\/title>\n<meta name=\"robots\" content=\"index, follow, max-snippet:-1, max-image-preview:large, max-video-preview:-1\" \/>\n<link rel=\"canonical\" href=\"https:\/\/yar.deutschetage.ru\/26-29-oktyabrya-sportdialog\/\" \/>\n<meta property=\"og:locale\" content=\"de_DE\" \/>\n<meta property=\"og:type\" content=\"article\" \/>\n<meta property=\"og:title\" content=\"26.-29.10 - Deutschlandjahr: SPORTDIALOG - Deutsche Tage in der Region Jaroslawl\" \/>\n<meta property=\"og:url\" content=\"https:\/\/yar.deutschetage.ru\/26-29-oktyabrya-sportdialog\/\" \/>\n<meta property=\"og:site_name\" content=\"Deutsche Tage in der Region Jaroslawl\" \/>\n<meta property=\"article:publisher\" content=\"https:\/\/www.facebook.com\/groups\/druzjagermanii\" \/>\n<meta property=\"article:published_time\" content=\"2021-10-27T23:00:41+00:00\" \/>\n<meta property=\"article:modified_time\" content=\"2021-10-27T23:00:43+00:00\" \/>\n<meta property=\"og:image\" content=\"https:\/\/yar.deutschetage.ru\/wp-content\/uploads\/2021\/10\/afisha-sport-2-723x1024.jpg\" \/>\n<meta name=\"twitter:card\" content=\"summary_large_image\" \/>\n<script type=\"application\/ld+json\" class=\"yoast-schema-graph\">{\"@context\":\"https:\/\/schema.org\",\"@graph\":[{\"@type\":\"WebSite\",\"@id\":\"https:\/\/yar.deutschetage.ru\/de\/#website\",\"url\":\"https:\/\/yar.deutschetage.ru\/de\/\",\"name\":\"Deutsche Tage in der Region Jaroslawl\",\"description\":\"Wissenschaftliche Fantastik oder fantastische Wissenschaft\",\"potentialAction\":[{\"@type\":\"SearchAction\",\"target\":\"https:\/\/yar.deutschetage.ru\/de\/?s={search_term_string}\",\"query-input\":\"required name=search_term_string\"}],\"inLanguage\":\"de-DE\"},{\"@type\":\"ImageObject\",\"@id\":\"https:\/\/yar.deutschetage.ru\/26-29-oktyabrya-sportdialog\/#primaryimage\",\"inLanguage\":\"de-DE\",\"url\":\"https:\/\/yar.deutschetage.ru\/wp-content\/uploads\/2021\/10\/afisha-sport-2.jpg\",\"width\":1239,\"height\":1754},{\"@type\":\"WebPage\",\"@id\":\"https:\/\/yar.deutschetage.ru\/26-29-oktyabrya-sportdialog\/#webpage\",\"url\":\"https:\/\/yar.deutschetage.ru\/26-29-oktyabrya-sportdialog\/\",\"name\":\"26.-29.10 - Deutschlandjahr: SPORTDIALOG - Deutsche Tage in der Region Jaroslawl\",\"isPartOf\":{\"@id\":\"https:\/\/yar.deutschetage.ru\/de\/#website\"},\"primaryImageOfPage\":{\"@id\":\"https:\/\/yar.deutschetage.ru\/26-29-oktyabrya-sportdialog\/#primaryimage\"},\"datePublished\":\"2021-10-27T23:00:41+00:00\",\"dateModified\":\"2021-10-27T23:00:43+00:00\",\"author\":{\"@id\":\"https:\/\/yar.deutschetage.ru\/de\/#\/schema\/person\/2245fbabe51e87216bd23df044af4cdd\"},\"breadcrumb\":{\"@id\":\"https:\/\/yar.deutschetage.ru\/26-29-oktyabrya-sportdialog\/#breadcrumb\"},\"inLanguage\":\"de-DE\",\"potentialAction\":[{\"@type\":\"ReadAction\",\"target\":[\"https:\/\/yar.deutschetage.ru\/26-29-oktyabrya-sportdialog\/\"]}]},{\"@type\":\"BreadcrumbList\",\"@id\":\"https:\/\/yar.deutschetage.ru\/26-29-oktyabrya-sportdialog\/#breadcrumb\",\"itemListElement\":[{\"@type\":\"ListItem\",\"position\":1,\"item\":{\"@type\":\"WebPage\",\"@id\":\"https:\/\/yar.deutschetage.ru\/\",\"url\":\"https:\/\/yar.deutschetage.ru\/\",\"name\":\"\\u0413\\u043b\\u0430\\u0432\\u043d\\u0430\\u044f\"}},{\"@type\":\"ListItem\",\"position\":2,\"item\":{\"@type\":\"WebPage\",\"@id\":\"https:\/\/yar.deutschetage.ru\/26-29-oktyabrya-sportdialog\/\",\"url\":\"https:\/\/yar.deutschetage.ru\/26-29-oktyabrya-sportdialog\/\",\"name\":\"26-29 \\u043e\\u043a\\u0442\\u044f\\u0431\\u0440\\u044f &#8212; \\u0413\\u043e\\u0434 \\u0413\\u0435\\u0440\\u043c\\u0430\\u043d\\u0438\\u0438: \\u0421\\u041f\\u041e\\u0420\\u0422\\u0414\\u0418\\u0410\\u041b\\u041e\\u0413\"}}]},{\"@type\":\"Person\",\"@id\":\"https:\/\/yar.deutschetage.ru\/de\/#\/schema\/person\/2245fbabe51e87216bd23df044af4cdd\",\"name\":\"admin\",\"image\":{\"@type\":\"ImageObject\",\"@id\":\"https:\/\/yar.deutschetage.ru\/de\/#personlogo\",\"inLanguage\":\"de-DE\",\"url\":\"https:\/\/secure.gravatar.com\/avatar\/9edfe14db71d8cc87d79077644a41dae?s=96&d=mm&r=g\",\"caption\":\"admin\"}}]}<\/script>\n<!-- \/ Yoast SEO plugin. -->","_links":{"self":[{"href":"https:\/\/yar.deutschetage.ru\/de\/wp-json\/wp\/v2\/posts\/1824"}],"collection":[{"href":"https:\/\/yar.deutschetage.ru\/de\/wp-json\/wp\/v2\/posts"}],"about":[{"href":"https:\/\/yar.deutschetage.ru\/de\/wp-json\/wp\/v2\/types\/post"}],"author":[{"embeddable":true,"href":"https:\/\/yar.deutschetage.ru\/de\/wp-json\/wp\/v2\/users\/1"}],"replies":[{"embeddable":true,"href":"https:\/\/yar.deutschetage.ru\/de\/wp-json\/wp\/v2\/comments?post=1824"}],"version-history":[{"count":15,"href":"https:\/\/yar.deutschetage.ru\/de\/wp-json\/wp\/v2\/posts\/1824\/revisions"}],"predecessor-version":[{"id":1911,"href":"https:\/\/yar.deutschetage.ru\/de\/wp-json\/wp\/v2\/posts\/1824\/revisions\/1911"}],"wp:attachment":[{"href":"https:\/\/yar.deutschetage.ru\/de\/wp-json\/wp\/v2\/media?parent=1824"}],"wp:term":[{"taxonomy":"category","embeddable":true,"href":"https:\/\/yar.deutschetage.ru\/de\/wp-json\/wp\/v2\/categories?post=1824"},{"taxonomy":"post_tag","embeddable":true,"href":"https:\/\/yar.deutschetage.ru\/de\/wp-json\/wp\/v2\/tags?post=1824"}],"curies":[{"name":"wp","href":"https:\/\/api.w.org\/{rel}","templated":true}]}}