{"id":2233,"date":"2022-02-14T15:08:01","date_gmt":"2022-02-14T15:08:01","guid":{"rendered":"https:\/\/yar.deutschetage.ru\/?p=2233"},"modified":"2022-02-14T16:17:16","modified_gmt":"2022-02-14T16:17:16","slug":"gody-zhizni-i-epoha","status":"publish","type":"post","link":"https:\/\/yar.deutschetage.ru\/de\/gody-zhizni-i-epoha\/","title":{"rendered":"Lebensjahre und Epoche"},"content":{"rendered":"\n<div class=\"wp-block-media-text alignwide is-stacked-on-mobile\"><figure class=\"wp-block-media-text__media\"><img loading=\"lazy\" width=\"305\" height=\"240\" src=\"https:\/\/yar.deutschetage.ru\/wp-content\/uploads\/2022\/02\/text_heyne_5.jpeg\" alt=\"\" class=\"wp-image-2238\" srcset=\"https:\/\/yar.deutschetage.ru\/wp-content\/uploads\/2022\/02\/text_heyne_5.jpeg 305w, https:\/\/yar.deutschetage.ru\/wp-content\/uploads\/2022\/02\/text_heyne_5-300x236.jpeg 300w\" sizes=\"(max-width: 305px) 100vw, 305px\" \/><\/figure><div class=\"wp-block-media-text__content\">\n<p>Der vollst\u00e4ndige Name des Autors lautet Christian Johann Heinrich Heine. Der Junge wurde am 13.12.1797 in D\u00fcsseldorf als \u00e4ltestes von 4 Kindern in eine j\u00fcdische Familie geboren.<\/p>\n<\/div><\/div>\n\n\n\n<p><br>Heines Vater Samson handelte im Rheingebiet. Mutter Betty zog Kinder auf, interessierte sich aber f\u00fcr die Werke von Jean-Jacques Rousseau und zeigte eine gro\u00dfe Bildung. Sie liebte ihren Sohn und k\u00fcmmerte sich um die Zukunft des Jungen. Betty sah ihn als Anwalt, Finanzmann oder General, doch das Schicksal von Heine Jr. war anders. <\/p>\n\n\n\n<p>Die Kindheit des Jungen fiel in die Zeit der franz\u00f6sischen Besatzung. Zu dieser Zeit bl\u00fchte der Liberalismus in Europa auf und Modetrends fanden eine Antwort im Weltbild eines kreativen Menschen. Im Alter von 13 Jahren trat Heinrich in das katholische Lyzeum ein. Mit 16 Jahren wurde er Assistent im B\u00fcro eines Frankfurter Bankiers, lief aber davon, da ihn dieser T\u00e4tigkeitsbereich nicht interessierte. Dann schickten die Eltern ihren Sohn nach Hamburg, wo der junge Mann unter der Anleitung des Finanziers Onkel Solomon die Grundlagen des Handelsgewerbes erlernte und Heinrich 1818 mit der Leitung einer kleinen Firma betraut wurde. <\/p>\n\n\n\n<figure class=\"wp-block-image size-large is-resized\"><img loading=\"lazy\" src=\"https:\/\/yar.deutschetage.ru\/wp-content\/uploads\/2022\/02\/heinrich-heine-monument-in-dusseldorf-germany-400-67375222.jpeg\" alt=\"\" class=\"wp-image-2239\" width=\"578\" height=\"386\" srcset=\"https:\/\/yar.deutschetage.ru\/wp-content\/uploads\/2022\/02\/heinrich-heine-monument-in-dusseldorf-germany-400-67375222.jpeg 400w, https:\/\/yar.deutschetage.ru\/wp-content\/uploads\/2022\/02\/heinrich-heine-monument-in-dusseldorf-germany-400-67375222-300x200.jpeg 300w\" sizes=\"(max-width: 578px) 100vw, 578px\" \/><figcaption>Denkmal &#8222;Die zerst\u00f6rte Seele Heines&#8220; in D\u00fcsseldorf. Die Totenmaske des Genies wurde vergr\u00f6\u00dfert und in Teile geteilt. Bis heute macht dieses Denkmal <br>einen einzigartigen Eindruck auf Touristen.<\/figcaption><\/figure>\n\n\n\n<p>Er scheiterte an der Aufgabe, da er die Buchhaltungskonten nicht kannte. Gleichzeitig begann Heinrich mit den Verwandten seiner Mutter zu kommunizieren. Onkel Simon Geldern erkannte, dass aus seinem Neffen kein Unternehmer werden w\u00fcrde und unterst\u00fctzte ihn in seinem Wunsch, an die Universit\u00e4t Bonn zu gehen. Heinrich wandte sich den Geisteswissenschaften zu, las die Werke von Cervantes und Swift und konnte sich ein Leben ohne B\u00fccher nicht mehr vorstellen. Er interessierte sich auch f\u00fcr Folklore, was sich in seinen sp\u00e4teren Schriften widerspiegelte.<\/p>\n\n\n\n<p>Der junge Mann besuchte Salons und lernte die literarische Gemeinschaft Deutschlands kennen. An der Universit\u00e4t besuchte Heine einen Kurs in Religionsphilosophie bei Georg Hegel, Geschichte bei August Schlegel. Diese Meister pr\u00e4gten seine Ansichten, die Herkunft Heines l\u00f6ste viele Emotionen in seiner Seele aus. Er beobachtete, wie die Juden w\u00e4hrend der franz\u00f6sischen Besatzung mehr Rechte erhielten als zuvor. Dann, nach dem Erscheinen der preu\u00dfischen Truppen im Rheingebiet, normalisierte sich alles wieder, und es fanden wieder b\u00fcrokratische Anordnungen statt. Die unter Napoleon herrschende Gleichberechtigung der Juden wurde zerst\u00f6rt, was sich in Heines Gedichten niederschlug.<\/p>\n\n\n\n<p>1821 begann Heinrich Heine, Gedichte zur Ver\u00f6ffentlichung in Zeitungen anzubieten, die jedoch von der \u00d6ffentlichkeit und Kritik unbeachtet blieben. Heinrich war ein flei\u00dfiger Dichter und arbeitete unerm\u00fcdlich. Bald wurden die Trag\u00f6dien &#8222;Ratcliffe&#8220; und &#8222;Almanzor&#8220; ver\u00f6ffentlicht. Die Gedichtsammlung \u201eLyrisches Intermezzo\u201c weckte das Interesse der literarischen Gemeinde in Heine. Seine Poesie beschrieb soziale Probleme. Der Protest gegen die Monarchie und die Unterdr\u00fcckung der Juden spiegelte sich im Werk des Autors wider.Kritiker waren hart f\u00fcr Henry, also beschloss er, die Stadt zu verlassen und nach Arabien zu gehen, aber in Wirklichkeit ging er nach Cuxhaven. Anschlie\u00dfend besuchte er Hamburg, L\u00fcneburg, Berlin und G\u00f6ttingen, wo er sein Studium fortsetzte.<br><\/p>\n\n\n\n<figure class=\"wp-block-image size-large\"><img loading=\"lazy\" width=\"768\" height=\"1024\" src=\"https:\/\/yar.deutschetage.ru\/wp-content\/uploads\/2022\/02\/feed.photo_-768x1024.jpg\" alt=\"\" class=\"wp-image-2240\" srcset=\"https:\/\/yar.deutschetage.ru\/wp-content\/uploads\/2022\/02\/feed.photo_-768x1024.jpg 768w, https:\/\/yar.deutschetage.ru\/wp-content\/uploads\/2022\/02\/feed.photo_-225x300.jpg 225w, https:\/\/yar.deutschetage.ru\/wp-content\/uploads\/2022\/02\/feed.photo_.jpg 800w\" sizes=\"(max-width: 768px) 100vw, 768px\" \/><figcaption>Heine-Denkmal in Frankfurt am Main. Projekt des Bildhauers Georg Kolbe. Einfache steinerne Zwei-Meter-Basis. Auf der Vorderseite befindet sich ein Reliefportrait des Dichters und darunter die Inschrift \u201eDem Heinrich Heine\u201c. Aber das ungew\u00f6hnlichste befand sich oben auf dem Sockel. Da waren zwei Gestalten, keine Gruppe, sondern einfach ein wandelnder J\u00fcngling und ein liegendes M\u00e4dchen. Sie sind nackt, aber von Erotik keine Spur \u2013 nur Jugend, Anmut, das Aufbl\u00fchen der Vitalit\u00e4t.<\/figcaption><\/figure>\n\n\n\n<p>1825 schloss der Dichter sein Studium an der Universit\u00e4t G\u00f6ttingen mit dem Abitur als Doktor der Rechtswissenschaften 3. Grades ab. An gleicher Stelle erhielt er 1825 den Doktortitel. Um ein Diplom zu erhalten, musste Heine das Luthertum annehmen, da die Juden das entsprechende Dokument nicht haben konnten. Dies bedeutete jedoch nicht, dass der Dichter seine Ansichten aufgab.<\/p>\n\n\n\n<p><br>In dieser Zeit lernte Heine Johann Goethe kennen.<\/p>\n","protected":false},"excerpt":{"rendered":"<p>Der vollst\u00e4ndige Name des Autors lautet Christian Johann Heinrich Heine. Der Junge wurde am 13.12.1797 in D\u00fcsseldorf als \u00e4ltestes von 4 Kindern in eine j\u00fcdische Familie geboren. Heines Vater Samson handelte im Rheingebiet. Mutter Betty zog Kinder auf, interessierte sich aber f\u00fcr die Werke von Jean-Jacques Rousseau und zeigte eine gro\u00dfe Bildung. Sie liebte ihren [&hellip;]<\/p>\n","protected":false},"author":1,"featured_media":0,"comment_status":"closed","ping_status":"open","sticky":false,"template":"","format":"standard","meta":[],"categories":[1],"tags":[],"yoast_head":"<!-- This site is optimized with the Yoast SEO plugin v14.9 - https:\/\/yoast.com\/wordpress\/plugins\/seo\/ -->\n<title>Lebensjahre und Epoche - Deutsche Tage in der Region Jaroslawl<\/title>\n<meta name=\"robots\" content=\"index, follow, max-snippet:-1, max-image-preview:large, max-video-preview:-1\" \/>\n<link rel=\"canonical\" href=\"https:\/\/yar.deutschetage.ru\/gody-zhizni-i-epoha\/\" \/>\n<meta property=\"og:locale\" content=\"de_DE\" \/>\n<meta property=\"og:type\" content=\"article\" \/>\n<meta property=\"og:title\" content=\"Lebensjahre und Epoche - Deutsche Tage in der Region Jaroslawl\" \/>\n<meta property=\"og:url\" content=\"https:\/\/yar.deutschetage.ru\/gody-zhizni-i-epoha\/\" \/>\n<meta property=\"og:site_name\" content=\"Deutsche Tage in der Region Jaroslawl\" \/>\n<meta property=\"article:publisher\" content=\"https:\/\/www.facebook.com\/groups\/druzjagermanii\" \/>\n<meta property=\"article:published_time\" content=\"2022-02-14T15:08:01+00:00\" \/>\n<meta property=\"article:modified_time\" content=\"2022-02-14T16:17:16+00:00\" \/>\n<meta property=\"og:image\" content=\"https:\/\/yar.deutschetage.ru\/wp-content\/uploads\/2022\/02\/text_heyne_5.jpeg\" \/>\n<meta name=\"twitter:card\" content=\"summary_large_image\" \/>\n<script type=\"application\/ld+json\" class=\"yoast-schema-graph\">{\"@context\":\"https:\/\/schema.org\",\"@graph\":[{\"@type\":\"WebSite\",\"@id\":\"https:\/\/yar.deutschetage.ru\/de\/#website\",\"url\":\"https:\/\/yar.deutschetage.ru\/de\/\",\"name\":\"Deutsche Tage in der Region Jaroslawl\",\"description\":\"Wissenschaftliche Fantastik oder fantastische Wissenschaft\",\"potentialAction\":[{\"@type\":\"SearchAction\",\"target\":\"https:\/\/yar.deutschetage.ru\/de\/?s={search_term_string}\",\"query-input\":\"required name=search_term_string\"}],\"inLanguage\":\"de-DE\"},{\"@type\":\"ImageObject\",\"@id\":\"https:\/\/yar.deutschetage.ru\/gody-zhizni-i-epoha\/#primaryimage\",\"inLanguage\":\"de-DE\",\"url\":\"https:\/\/yar.deutschetage.ru\/wp-content\/uploads\/2022\/02\/text_heyne_5.jpeg\",\"width\":305,\"height\":240},{\"@type\":\"WebPage\",\"@id\":\"https:\/\/yar.deutschetage.ru\/gody-zhizni-i-epoha\/#webpage\",\"url\":\"https:\/\/yar.deutschetage.ru\/gody-zhizni-i-epoha\/\",\"name\":\"Lebensjahre und Epoche - Deutsche Tage in der Region Jaroslawl\",\"isPartOf\":{\"@id\":\"https:\/\/yar.deutschetage.ru\/de\/#website\"},\"primaryImageOfPage\":{\"@id\":\"https:\/\/yar.deutschetage.ru\/gody-zhizni-i-epoha\/#primaryimage\"},\"datePublished\":\"2022-02-14T15:08:01+00:00\",\"dateModified\":\"2022-02-14T16:17:16+00:00\",\"author\":{\"@id\":\"https:\/\/yar.deutschetage.ru\/de\/#\/schema\/person\/2245fbabe51e87216bd23df044af4cdd\"},\"breadcrumb\":{\"@id\":\"https:\/\/yar.deutschetage.ru\/gody-zhizni-i-epoha\/#breadcrumb\"},\"inLanguage\":\"de-DE\",\"potentialAction\":[{\"@type\":\"ReadAction\",\"target\":[\"https:\/\/yar.deutschetage.ru\/gody-zhizni-i-epoha\/\"]}]},{\"@type\":\"BreadcrumbList\",\"@id\":\"https:\/\/yar.deutschetage.ru\/gody-zhizni-i-epoha\/#breadcrumb\",\"itemListElement\":[{\"@type\":\"ListItem\",\"position\":1,\"item\":{\"@type\":\"WebPage\",\"@id\":\"https:\/\/yar.deutschetage.ru\/\",\"url\":\"https:\/\/yar.deutschetage.ru\/\",\"name\":\"\\u0413\\u043b\\u0430\\u0432\\u043d\\u0430\\u044f\"}},{\"@type\":\"ListItem\",\"position\":2,\"item\":{\"@type\":\"WebPage\",\"@id\":\"https:\/\/yar.deutschetage.ru\/gody-zhizni-i-epoha\/\",\"url\":\"https:\/\/yar.deutschetage.ru\/gody-zhizni-i-epoha\/\",\"name\":\"\\u0413\\u043e\\u0434\\u044b \\u0436\\u0438\\u0437\\u043d\\u0438 \\u0438 \\u044d\\u043f\\u043e\\u0445\\u0430\"}}]},{\"@type\":\"Person\",\"@id\":\"https:\/\/yar.deutschetage.ru\/de\/#\/schema\/person\/2245fbabe51e87216bd23df044af4cdd\",\"name\":\"admin\",\"image\":{\"@type\":\"ImageObject\",\"@id\":\"https:\/\/yar.deutschetage.ru\/de\/#personlogo\",\"inLanguage\":\"de-DE\",\"url\":\"https:\/\/secure.gravatar.com\/avatar\/9edfe14db71d8cc87d79077644a41dae?s=96&d=mm&r=g\",\"caption\":\"admin\"}}]}<\/script>\n<!-- \/ Yoast SEO plugin. -->","_links":{"self":[{"href":"https:\/\/yar.deutschetage.ru\/de\/wp-json\/wp\/v2\/posts\/2233"}],"collection":[{"href":"https:\/\/yar.deutschetage.ru\/de\/wp-json\/wp\/v2\/posts"}],"about":[{"href":"https:\/\/yar.deutschetage.ru\/de\/wp-json\/wp\/v2\/types\/post"}],"author":[{"embeddable":true,"href":"https:\/\/yar.deutschetage.ru\/de\/wp-json\/wp\/v2\/users\/1"}],"replies":[{"embeddable":true,"href":"https:\/\/yar.deutschetage.ru\/de\/wp-json\/wp\/v2\/comments?post=2233"}],"version-history":[{"count":9,"href":"https:\/\/yar.deutschetage.ru\/de\/wp-json\/wp\/v2\/posts\/2233\/revisions"}],"predecessor-version":[{"id":2252,"href":"https:\/\/yar.deutschetage.ru\/de\/wp-json\/wp\/v2\/posts\/2233\/revisions\/2252"}],"wp:attachment":[{"href":"https:\/\/yar.deutschetage.ru\/de\/wp-json\/wp\/v2\/media?parent=2233"}],"wp:term":[{"taxonomy":"category","embeddable":true,"href":"https:\/\/yar.deutschetage.ru\/de\/wp-json\/wp\/v2\/categories?post=2233"},{"taxonomy":"post_tag","embeddable":true,"href":"https:\/\/yar.deutschetage.ru\/de\/wp-json\/wp\/v2\/tags?post=2233"}],"curies":[{"name":"wp","href":"https:\/\/api.w.org\/{rel}","templated":true}]}}