{"id":2354,"date":"2022-03-11T13:13:21","date_gmt":"2022-03-11T13:13:21","guid":{"rendered":"https:\/\/yar.deutschetage.ru\/?p=2354"},"modified":"2022-05-26T13:18:54","modified_gmt":"2022-05-26T13:18:54","slug":"eleonora-grams-yapek","status":"publish","type":"post","link":"https:\/\/yar.deutschetage.ru\/de\/eleonora-grams-yapek\/","title":{"rendered":"Elina Grams, Jaroslawl"},"content":{"rendered":"\n<figure class=\"wp-block-gallery columns-1 is-cropped\"><ul class=\"blocks-gallery-grid\"><li class=\"blocks-gallery-item\"><figure><img loading=\"lazy\" width=\"768\" height=\"1024\" src=\"https:\/\/yar.deutschetage.ru\/wp-content\/uploads\/2021\/10\/kopiya-grams-e.-1-768x1024.jpeg\" alt=\"\" data-id=\"1702\" data-full-url=\"https:\/\/yar.deutschetage.ru\/wp-content\/uploads\/2021\/10\/kopiya-grams-e.-1-e1634218277575.jpeg\" data-link=\"https:\/\/yar.deutschetage.ru\/kopiya-grams-e-1\/\" class=\"wp-image-1702\"\/><\/figure><\/li><\/ul><\/figure>\n\n\n\n<p>Wir kaufen jeden Tag ein. Wir brauchen Lebensmittel, wir brauchen neue Schuhe, Klamotten, Schulranzen und Tiernahrung. Alle diese Produkte sind in etwas verpackt und diese Verpackungen verschwinden nach Gebrauch irgendwo. Es stellt sich heraus, dass jeder von uns jeden Tag M\u00fcll produziert. Und dieser M\u00fcll muss irgendwohin kommen. Vor 100 Jahren haben wir nicht wirklich dar\u00fcber nachgedacht. Dann kam die \u00c4ra der Entdeckungen: Plastik, Zellophan und Tetrapack erschienen \u2014 sie sind billiger und bequemer zu verwenden. Eine Plastikt\u00fcte ist im Gegensatz zu Papierhanf eine Garantie daf\u00fcr, dass die Produkte nicht herausfallen, wenn Sie sie nach Hause tragen. Wenn Sie eine Plastikmilchflasche fallen lassen, zerbricht sie nicht und die Produkte werden w\u00e4hrend des Transports besser in Plastikverpackungen aufbewahrt.<\/p>\n\n\n\n<p>Ein paar Tipps zur M\u00fcllbeseitigung:<\/p>\n\n\n\n<p>Um weniger M\u00fcll loszuwerden, m\u00fcssen Sie weniger einkaufen, was bedeutet, dass Sie vorsichtig in den Laden gehen m\u00fcssen. Erstellen Sie dazu Produktlisten und w\u00e4gen Sie Ihre Kaufentscheidungen ab. Lernen Sie, zu allem Wegwerfbaren und Unn\u00fctzen, zu Billigen und von schlechter Qualit\u00e4t Nein zu sagen. Behandeln Sie die Dinge sorgf\u00e4ltiger, damit sie l\u00e4nger halten, und versuchen Sie, ihnen eine zweite Chance zu geben, wenn sie haupts\u00e4chlich ausgehen. Werfen Sie kaputte und zerrissene Dinge nicht weg, versuchen Sie, sie zu reparieren.<\/p>\n\n\n\n<p>Verschenken Sie Dinge, die Sie nicht brauchen. Dies gilt f\u00fcr \u00fcbersch\u00fcssige Kleidung und Utensilien. In sozialen Netzwerken gibt es Communities, in denen Sie Produkte verschenken k\u00f6nnen. B\u00fccher k\u00f6nnen an der B\u00fccherkreuzung entsorgt oder in die Bibliothek gebracht werden.<\/p>\n\n\n\n<p>Das aktive Wachstum von M\u00fcll beeintr\u00e4chtigt die Lebensqualit\u00e4t jedes Menschen stark, nicht nur Menschen leiden unter M\u00fcll, sondern auch die Tierwelt, die uns umgibt. Wir m\u00fcssen die Natur sch\u00fctzen und versuchen, unsere Welt so gut wie m\u00f6glich zu retten.<\/p>\n","protected":false},"excerpt":{"rendered":"<p>Wir kaufen jeden Tag ein. Wir brauchen Lebensmittel, wir brauchen neue Schuhe, Klamotten, Schulranzen und Tiernahrung. Alle diese Produkte sind in etwas verpackt und diese Verpackungen verschwinden nach Gebrauch irgendwo. Es stellt sich heraus, dass jeder von uns jeden Tag M\u00fcll produziert. Und dieser M\u00fcll muss irgendwohin kommen. Vor 100 Jahren haben wir nicht wirklich [&hellip;]<\/p>\n","protected":false},"author":2,"featured_media":2402,"comment_status":"closed","ping_status":"open","sticky":false,"template":"","format":"standard","meta":[],"categories":[17],"tags":[],"yoast_head":"<!-- This site is optimized with the Yoast SEO plugin v14.9 - https:\/\/yoast.com\/wordpress\/plugins\/seo\/ -->\n<title>Elina Grams, Jaroslawl - Deutsche Tage in der Region Jaroslawl<\/title>\n<meta name=\"robots\" content=\"index, follow, max-snippet:-1, max-image-preview:large, max-video-preview:-1\" \/>\n<link rel=\"canonical\" href=\"https:\/\/yar.deutschetage.ru\/eleonora-grams-yapek\/\" \/>\n<meta property=\"og:locale\" content=\"de_DE\" \/>\n<meta property=\"og:type\" content=\"article\" \/>\n<meta property=\"og:title\" content=\"Elina Grams, Jaroslawl - Deutsche Tage in der Region Jaroslawl\" \/>\n<meta property=\"og:url\" content=\"https:\/\/yar.deutschetage.ru\/eleonora-grams-yapek\/\" \/>\n<meta property=\"og:site_name\" content=\"Deutsche Tage in der Region Jaroslawl\" \/>\n<meta property=\"article:publisher\" content=\"https:\/\/www.facebook.com\/groups\/druzjagermanii\" \/>\n<meta property=\"article:published_time\" content=\"2022-03-11T13:13:21+00:00\" \/>\n<meta property=\"article:modified_time\" content=\"2022-05-26T13:18:54+00:00\" \/>\n<meta property=\"og:image\" content=\"https:\/\/yar.deutschetage.ru\/wp-content\/uploads\/2022\/03\/grams-elina-e1647247955126.jpg\" \/>\n\t<meta property=\"og:image:width\" content=\"865\" \/>\n\t<meta property=\"og:image:height\" content=\"649\" \/>\n<meta name=\"twitter:card\" content=\"summary_large_image\" \/>\n<script type=\"application\/ld+json\" class=\"yoast-schema-graph\">{\"@context\":\"https:\/\/schema.org\",\"@graph\":[{\"@type\":\"WebSite\",\"@id\":\"https:\/\/yar.deutschetage.ru\/de\/#website\",\"url\":\"https:\/\/yar.deutschetage.ru\/de\/\",\"name\":\"Deutsche Tage in der Region Jaroslawl\",\"description\":\"Wissenschaftliche Fantastik oder fantastische Wissenschaft\",\"potentialAction\":[{\"@type\":\"SearchAction\",\"target\":\"https:\/\/yar.deutschetage.ru\/de\/?s={search_term_string}\",\"query-input\":\"required name=search_term_string\"}],\"inLanguage\":\"de-DE\"},{\"@type\":\"ImageObject\",\"@id\":\"https:\/\/yar.deutschetage.ru\/eleonora-grams-yapek\/#primaryimage\",\"inLanguage\":\"de-DE\",\"url\":\"https:\/\/yar.deutschetage.ru\/wp-content\/uploads\/2022\/03\/grams-elina-e1647247955126.jpg\",\"width\":865,\"height\":649},{\"@type\":\"WebPage\",\"@id\":\"https:\/\/yar.deutschetage.ru\/eleonora-grams-yapek\/#webpage\",\"url\":\"https:\/\/yar.deutschetage.ru\/eleonora-grams-yapek\/\",\"name\":\"Elina Grams, Jaroslawl - Deutsche Tage in der Region Jaroslawl\",\"isPartOf\":{\"@id\":\"https:\/\/yar.deutschetage.ru\/de\/#website\"},\"primaryImageOfPage\":{\"@id\":\"https:\/\/yar.deutschetage.ru\/eleonora-grams-yapek\/#primaryimage\"},\"datePublished\":\"2022-03-11T13:13:21+00:00\",\"dateModified\":\"2022-05-26T13:18:54+00:00\",\"author\":{\"@id\":\"https:\/\/yar.deutschetage.ru\/de\/#\/schema\/person\/4f39fe90cebbcc93ada07890317ab455\"},\"breadcrumb\":{\"@id\":\"https:\/\/yar.deutschetage.ru\/eleonora-grams-yapek\/#breadcrumb\"},\"inLanguage\":\"de-DE\",\"potentialAction\":[{\"@type\":\"ReadAction\",\"target\":[\"https:\/\/yar.deutschetage.ru\/eleonora-grams-yapek\/\"]}]},{\"@type\":\"BreadcrumbList\",\"@id\":\"https:\/\/yar.deutschetage.ru\/eleonora-grams-yapek\/#breadcrumb\",\"itemListElement\":[{\"@type\":\"ListItem\",\"position\":1,\"item\":{\"@type\":\"WebPage\",\"@id\":\"https:\/\/yar.deutschetage.ru\/\",\"url\":\"https:\/\/yar.deutschetage.ru\/\",\"name\":\"\\u0413\\u043b\\u0430\\u0432\\u043d\\u0430\\u044f\"}},{\"@type\":\"ListItem\",\"position\":2,\"item\":{\"@type\":\"WebPage\",\"@id\":\"https:\/\/yar.deutschetage.ru\/eleonora-grams-yapek\/\",\"url\":\"https:\/\/yar.deutschetage.ru\/eleonora-grams-yapek\/\",\"name\":\"\\u042d\\u043b\\u0438\\u043d\\u0430 \\u0413\\u0440\\u0430\\u043c\\u0441, \\u042f\\u041f\\u042d\\u041a\"}}]},{\"@type\":\"Person\",\"@id\":\"https:\/\/yar.deutschetage.ru\/de\/#\/schema\/person\/4f39fe90cebbcc93ada07890317ab455\",\"name\":\"\\u0412\\u0430\\u043b\\u0435\\u043d\\u0442\\u0438\\u043d\\u0430\",\"image\":{\"@type\":\"ImageObject\",\"@id\":\"https:\/\/yar.deutschetage.ru\/de\/#personlogo\",\"inLanguage\":\"de-DE\",\"url\":\"https:\/\/secure.gravatar.com\/avatar\/1fe39c6a447b1a4ad661671d48304a9e?s=96&d=mm&r=g\",\"caption\":\"\\u0412\\u0430\\u043b\\u0435\\u043d\\u0442\\u0438\\u043d\\u0430\"}}]}<\/script>\n<!-- \/ Yoast SEO plugin. -->","_links":{"self":[{"href":"https:\/\/yar.deutschetage.ru\/de\/wp-json\/wp\/v2\/posts\/2354"}],"collection":[{"href":"https:\/\/yar.deutschetage.ru\/de\/wp-json\/wp\/v2\/posts"}],"about":[{"href":"https:\/\/yar.deutschetage.ru\/de\/wp-json\/wp\/v2\/types\/post"}],"author":[{"embeddable":true,"href":"https:\/\/yar.deutschetage.ru\/de\/wp-json\/wp\/v2\/users\/2"}],"replies":[{"embeddable":true,"href":"https:\/\/yar.deutschetage.ru\/de\/wp-json\/wp\/v2\/comments?post=2354"}],"version-history":[{"count":5,"href":"https:\/\/yar.deutschetage.ru\/de\/wp-json\/wp\/v2\/posts\/2354\/revisions"}],"predecessor-version":[{"id":2404,"href":"https:\/\/yar.deutschetage.ru\/de\/wp-json\/wp\/v2\/posts\/2354\/revisions\/2404"}],"wp:featuredmedia":[{"embeddable":true,"href":"https:\/\/yar.deutschetage.ru\/de\/wp-json\/wp\/v2\/media\/2402"}],"wp:attachment":[{"href":"https:\/\/yar.deutschetage.ru\/de\/wp-json\/wp\/v2\/media?parent=2354"}],"wp:term":[{"taxonomy":"category","embeddable":true,"href":"https:\/\/yar.deutschetage.ru\/de\/wp-json\/wp\/v2\/categories?post=2354"},{"taxonomy":"post_tag","embeddable":true,"href":"https:\/\/yar.deutschetage.ru\/de\/wp-json\/wp\/v2\/tags?post=2354"}],"curies":[{"name":"wp","href":"https:\/\/api.w.org\/{rel}","templated":true}]}}