{"id":2366,"date":"2022-03-13T11:18:14","date_gmt":"2022-03-13T11:18:14","guid":{"rendered":"https:\/\/yar.deutschetage.ru\/?p=2366"},"modified":"2022-05-26T13:17:35","modified_gmt":"2022-05-26T13:17:35","slug":"eleonora-bilalova-pk-rostov","status":"publish","type":"post","link":"https:\/\/yar.deutschetage.ru\/de\/eleonora-bilalova-pk-rostov\/","title":{"rendered":"Eleonora Bilalowa, PK Rostow"},"content":{"rendered":"\n<p><strong>ZERO WASTE<\/strong><\/p>\n\n\n\n<p><em>&#8222;Wenn du M\u00fcll um dich herum hast, hast du M\u00fcll in deiner Seele.<\/em><\/p>\n\n\n\n<p><em>Und mit einer schmutzigen Seele kann man nicht sauber leben&#8220;.<\/em><\/p>\n\n\n\n<p><em>&nbsp;\u00a9 Swjatoslaw Loginow<\/em><\/p>\n\n\n\n<p>Das Problem des M\u00fclls und der Abf\u00e4lle ist ein ziemlich ernstes Problem der modernen Gesellschaft. Wenn wir die Stra\u00dfe entlang gehen, k\u00f6nnen wir oft den M\u00fcll sehen: Verpackungen, Schachteln, T\u00fcten, Plastikflaschen und vieles mehr. In der Vergangenheit konnten fast alle Abf\u00e4lle recycelt werden, aber jetzt hat sich die Situation ge\u00e4ndert, weil es neue Arten von Materialien gibt, die nicht recycelt werden k\u00f6nnen.<\/p>\n\n\n\n<p>Seit ich ein Kind war, habe ich mir Gedanken \u00fcber die Umwelt gemacht. Ich wollte immer eine saubere und frische Umgebung um mich herum haben. Leider war ich von Menschen umgeben, die mit ihrem Verhalten genau das Gegenteil vorlebten. Mir wurde oft gesagt, ich solle keine Dinge wegwerfen, unter dem Vorwand: &#8222;Was ist, wenn du sie brauchst? Es gab also einen riesigen Haufen M\u00fcll in meinem Kleiderschrank, den ich oft loswerden wollte. In Zeiten wie diesen wird man unruhig. &#8222;Was, wenn ich wirklich etwas Wertvolles wegwerfe?&#8220;, dachte ich. Und warum beh\u00e4lt man eigentlich unn\u00f6tige Dinge? Ist es, weil sie Mitleid mit ihnen haben? Oder sind wir es vielleicht gewohnt, sparsam zu sein? Oder haben wir vielleicht nur Angst, mit nichts zur\u00fcckgelassen zu werden? Die Gr\u00fcnde sind vielf\u00e4ltig, jeder hat seine eigenen. Aber eines wei\u00df ich mit Sicherheit: Wenn Sie die Welt ver\u00e4ndern wollen, um Ihre Umwelt sauberer und gr\u00fcner zu machen, m\u00fcssen Sie bei sich selbst anfangen. Das ist genau das, was ich getan habe.<\/p>\n\n\n\n<p>Mein erster Schritt in Richtung Sauberkeit bestand darin, mich mit der internationalen Zero-Waste-Bewegung vertraut zu machen, deren Ziel es ist, die Abfallmenge durch die Wiederverwendung von Gegenst\u00e4nden und Dingen zu reduzieren. Die Bewegung st\u00fctzt sich auf f\u00fcnf Grunds\u00e4tze:<\/p>\n\n\n\n<p>Ablehnen. Ich habe gelernt, dass ich Dinge, die ich in meinem Leben nie wieder anfassen werde, nicht aufbewahren muss. Dinge kommen und gehen in unserem Leben, wir m\u00fcssen in der Lage sein, uns von ihnen zu trennen. Jede Woche befreie ich mein Zimmer von unn\u00f6tigem M\u00fcll und werfe mutig alles weg, was ich nie wieder brauche. Diese Art der &#8222;Reinigung&#8220; ist eigentlich eine sehr lohnende T\u00e4tigkeit, die mich mit neuer, leichter und positiver Energie erf\u00fcllt.<\/p>\n\n\n\n<p>Reduzieren. Oft konnte ich eine einzige, aber teure und v\u00f6llig unn\u00f6tige Anschaffung t\u00e4tigen, die ich dann lange Zeit bereute. &#8222;Um gl\u00fccklich zu sein, muss man viele Dinge f\u00fcr alle Gelegenheiten haben&#8220;, dachte ich. Schlie\u00dflich wurde mir klar, dass dies nicht der Fall ist. Jetzt frage ich mich jedes Mal, bevor ich etwas kaufe: &#8222;Brauche ich das wirklich?&#8220;. Keine sinnlosen Ausgaben mehr in meinem Leben. Das Prinzip des Downsizing verbessert das Leben sp\u00fcrbar, weil es Geld und Zeit spart.<\/p>\n\n\n\n<p>Wiederverwendung. Jetzt versuche ich, alle Einwegartikel durch ihre Gegenst\u00fccke zu ersetzen, die mehr als einmal verwendet werden k\u00f6nnen. Anstelle von Supermarktt\u00fcten verwende ich wiederverwendbare \u00d6ko-Taschen, die auch besser aussehen. Ich habe eine wiederverwendbare Wasserflasche, Stofftaschent\u00fccher, einen \u00d6koflanell und eine wiederverwendbare Rasierpresse gekauft.<\/p>\n\n\n\n<p>Recyceln. Fr\u00fcher oder sp\u00e4ter hat jeder Gegenstand, auch ein langlebiger, ein Ende, aber dieses Ende sollte idealerweise der Beginn des Lebens eines neuen Gegenstandes sein. Deshalb versuche ich, in meinem Leben so wenig Plastik wie m\u00f6glich zu verwenden und eine kleine Menge davon zu recyceln, von Abf\u00e4llen, f\u00fcr die ich keine Verwendung finden kann.<\/p>\n\n\n\n<p>Kompost. Sogar Schalen und St\u00fcmpfe k\u00f6nnen mit einem Hauskomposter, der alle organischen Abf\u00e4lle in Pflanzend\u00fcnger verwandelt, sinnvoll genutzt werden. Leider habe ich dieses Prinzip aufgrund der Umst\u00e4nde in meinem Leben noch nicht angewendet.<\/p>\n\n\n\n<p>Es war mir wichtig, meinen Teil zum Umweltschutz beizutragen, und ich bin jetzt mit meinem Lebensstil sehr zufrieden. Wenn man sich nicht scheut, unn\u00f6tige Dinge wegzuwerfen, wird das Leben viel einfacher, es f\u00fchlt sich an wie ein frischer Wind, neue Energie und die Freude dar\u00fcber, dass man die Welt jeden Tag ein St\u00fcckchen besser macht. Ich habe gelernt, mich nicht mehr an Dinge zu h\u00e4ngen und mich leicht von ihnen zu trennen, meine Ausgaben sind merklich gesunken und ich habe mehr freie Zeit. Dieses Engagement f\u00fcr Nachhaltigkeit ist sehr inspirierend und macht mich gl\u00fccklich.<\/p>\n\n\n\n<p>Ich denke, dass die Zero-Waste-Bewegung f\u00fcr viele Menschen zug\u00e4nglich ist, und ich glaube, dass das Wichtigste ist, diese Bewegung bekannt zu machen, damit m\u00f6glichst viele Menschen davon erfahren und ihren Lebensstil \u00e4ndern, denn wenn jeder von uns mindestens ein \u00f6kologisches Prinzip in seinem Leben anwendet, wird unsere Welt sichtbar aufbl\u00fchen, die Natur wird sich verbessern, die Luft wird sauberer und das menschliche Leben wird ges\u00fcnder werden.<\/p>\n\n\n\n<figure class=\"wp-block-image size-large\"><img loading=\"lazy\" width=\"589\" height=\"887\" src=\"https:\/\/yar.deutschetage.ru\/wp-content\/uploads\/2022\/03\/bez-zagolovka-1.png\" alt=\"\" class=\"wp-image-2382\" srcset=\"https:\/\/yar.deutschetage.ru\/wp-content\/uploads\/2022\/03\/bez-zagolovka-1.png 589w, https:\/\/yar.deutschetage.ru\/wp-content\/uploads\/2022\/03\/bez-zagolovka-1-199x300.png 199w\" sizes=\"(max-width: 589px) 100vw, 589px\" \/><figcaption>Verwendung eines wiederverwendbaren H\u00e4ckselbeutels, einer Trinkflasche, von\u00a0\u00a0\u00a0 Baumwolltuchscheiben, Papierhandt\u00fcchern<\/figcaption><\/figure>\n\n\n\n<p><\/p>\n","protected":false},"excerpt":{"rendered":"<p>ZERO WASTE &#8222;Wenn du M\u00fcll um dich herum hast, hast du M\u00fcll in deiner Seele. Und mit einer schmutzigen Seele kann man nicht sauber leben&#8220;. &nbsp;\u00a9 Swjatoslaw Loginow Das Problem des M\u00fclls und der Abf\u00e4lle ist ein ziemlich ernstes Problem der modernen Gesellschaft. Wenn wir die Stra\u00dfe entlang gehen, k\u00f6nnen wir oft den M\u00fcll sehen: [&hellip;]<\/p>\n","protected":false},"author":2,"featured_media":2367,"comment_status":"closed","ping_status":"open","sticky":false,"template":"","format":"standard","meta":[],"categories":[17],"tags":[],"yoast_head":"<!-- This site is optimized with the Yoast SEO plugin v14.9 - https:\/\/yoast.com\/wordpress\/plugins\/seo\/ -->\n<title>Eleonora Bilalowa, PK Rostow - Deutsche Tage in der Region Jaroslawl<\/title>\n<meta name=\"robots\" content=\"index, follow, max-snippet:-1, max-image-preview:large, max-video-preview:-1\" \/>\n<link rel=\"canonical\" href=\"https:\/\/yar.deutschetage.ru\/eleonora-bilalova-pk-rostov\/\" \/>\n<meta property=\"og:locale\" content=\"de_DE\" \/>\n<meta property=\"og:type\" content=\"article\" \/>\n<meta property=\"og:title\" content=\"Eleonora Bilalowa, PK Rostow - Deutsche Tage in der Region Jaroslawl\" \/>\n<meta property=\"og:url\" content=\"https:\/\/yar.deutschetage.ru\/eleonora-bilalova-pk-rostov\/\" \/>\n<meta property=\"og:site_name\" content=\"Deutsche Tage in der Region Jaroslawl\" \/>\n<meta property=\"article:publisher\" content=\"https:\/\/www.facebook.com\/groups\/druzjagermanii\" \/>\n<meta property=\"article:published_time\" content=\"2022-03-13T11:18:14+00:00\" \/>\n<meta property=\"article:modified_time\" content=\"2022-05-26T13:17:35+00:00\" \/>\n<meta property=\"og:image\" content=\"https:\/\/yar.deutschetage.ru\/wp-content\/uploads\/2022\/03\/bez-zagolovka-e1647170278283.png\" \/>\n\t<meta property=\"og:image:width\" content=\"589\" \/>\n\t<meta property=\"og:image:height\" content=\"452\" \/>\n<meta name=\"twitter:card\" content=\"summary_large_image\" \/>\n<script type=\"application\/ld+json\" class=\"yoast-schema-graph\">{\"@context\":\"https:\/\/schema.org\",\"@graph\":[{\"@type\":\"WebSite\",\"@id\":\"https:\/\/yar.deutschetage.ru\/de\/#website\",\"url\":\"https:\/\/yar.deutschetage.ru\/de\/\",\"name\":\"Deutsche Tage in der Region Jaroslawl\",\"description\":\"Wissenschaftliche Fantastik oder fantastische Wissenschaft\",\"potentialAction\":[{\"@type\":\"SearchAction\",\"target\":\"https:\/\/yar.deutschetage.ru\/de\/?s={search_term_string}\",\"query-input\":\"required name=search_term_string\"}],\"inLanguage\":\"de-DE\"},{\"@type\":\"ImageObject\",\"@id\":\"https:\/\/yar.deutschetage.ru\/eleonora-bilalova-pk-rostov\/#primaryimage\",\"inLanguage\":\"de-DE\",\"url\":\"https:\/\/yar.deutschetage.ru\/wp-content\/uploads\/2022\/03\/bez-zagolovka-e1647170278283.png\",\"width\":589,\"height\":452},{\"@type\":\"WebPage\",\"@id\":\"https:\/\/yar.deutschetage.ru\/eleonora-bilalova-pk-rostov\/#webpage\",\"url\":\"https:\/\/yar.deutschetage.ru\/eleonora-bilalova-pk-rostov\/\",\"name\":\"Eleonora Bilalowa, PK Rostow - Deutsche Tage in der Region Jaroslawl\",\"isPartOf\":{\"@id\":\"https:\/\/yar.deutschetage.ru\/de\/#website\"},\"primaryImageOfPage\":{\"@id\":\"https:\/\/yar.deutschetage.ru\/eleonora-bilalova-pk-rostov\/#primaryimage\"},\"datePublished\":\"2022-03-13T11:18:14+00:00\",\"dateModified\":\"2022-05-26T13:17:35+00:00\",\"author\":{\"@id\":\"https:\/\/yar.deutschetage.ru\/de\/#\/schema\/person\/4f39fe90cebbcc93ada07890317ab455\"},\"breadcrumb\":{\"@id\":\"https:\/\/yar.deutschetage.ru\/eleonora-bilalova-pk-rostov\/#breadcrumb\"},\"inLanguage\":\"de-DE\",\"potentialAction\":[{\"@type\":\"ReadAction\",\"target\":[\"https:\/\/yar.deutschetage.ru\/eleonora-bilalova-pk-rostov\/\"]}]},{\"@type\":\"BreadcrumbList\",\"@id\":\"https:\/\/yar.deutschetage.ru\/eleonora-bilalova-pk-rostov\/#breadcrumb\",\"itemListElement\":[{\"@type\":\"ListItem\",\"position\":1,\"item\":{\"@type\":\"WebPage\",\"@id\":\"https:\/\/yar.deutschetage.ru\/\",\"url\":\"https:\/\/yar.deutschetage.ru\/\",\"name\":\"\\u0413\\u043b\\u0430\\u0432\\u043d\\u0430\\u044f\"}},{\"@type\":\"ListItem\",\"position\":2,\"item\":{\"@type\":\"WebPage\",\"@id\":\"https:\/\/yar.deutschetage.ru\/eleonora-bilalova-pk-rostov\/\",\"url\":\"https:\/\/yar.deutschetage.ru\/eleonora-bilalova-pk-rostov\/\",\"name\":\"\\u042d\\u043b\\u0435\\u043e\\u043d\\u043e\\u0440\\u0430 \\u0411\\u0438\\u043b\\u0430\\u043b\\u043e\\u0432\\u0430, \\u041f\\u041a \\u0420\\u043e\\u0441\\u0442\\u043e\\u0432\"}}]},{\"@type\":\"Person\",\"@id\":\"https:\/\/yar.deutschetage.ru\/de\/#\/schema\/person\/4f39fe90cebbcc93ada07890317ab455\",\"name\":\"\\u0412\\u0430\\u043b\\u0435\\u043d\\u0442\\u0438\\u043d\\u0430\",\"image\":{\"@type\":\"ImageObject\",\"@id\":\"https:\/\/yar.deutschetage.ru\/de\/#personlogo\",\"inLanguage\":\"de-DE\",\"url\":\"https:\/\/secure.gravatar.com\/avatar\/1fe39c6a447b1a4ad661671d48304a9e?s=96&d=mm&r=g\",\"caption\":\"\\u0412\\u0430\\u043b\\u0435\\u043d\\u0442\\u0438\\u043d\\u0430\"}}]}<\/script>\n<!-- \/ Yoast SEO plugin. -->","_links":{"self":[{"href":"https:\/\/yar.deutschetage.ru\/de\/wp-json\/wp\/v2\/posts\/2366"}],"collection":[{"href":"https:\/\/yar.deutschetage.ru\/de\/wp-json\/wp\/v2\/posts"}],"about":[{"href":"https:\/\/yar.deutschetage.ru\/de\/wp-json\/wp\/v2\/types\/post"}],"author":[{"embeddable":true,"href":"https:\/\/yar.deutschetage.ru\/de\/wp-json\/wp\/v2\/users\/2"}],"replies":[{"embeddable":true,"href":"https:\/\/yar.deutschetage.ru\/de\/wp-json\/wp\/v2\/comments?post=2366"}],"version-history":[{"count":3,"href":"https:\/\/yar.deutschetage.ru\/de\/wp-json\/wp\/v2\/posts\/2366\/revisions"}],"predecessor-version":[{"id":2414,"href":"https:\/\/yar.deutschetage.ru\/de\/wp-json\/wp\/v2\/posts\/2366\/revisions\/2414"}],"wp:featuredmedia":[{"embeddable":true,"href":"https:\/\/yar.deutschetage.ru\/de\/wp-json\/wp\/v2\/media\/2367"}],"wp:attachment":[{"href":"https:\/\/yar.deutschetage.ru\/de\/wp-json\/wp\/v2\/media?parent=2366"}],"wp:term":[{"taxonomy":"category","embeddable":true,"href":"https:\/\/yar.deutschetage.ru\/de\/wp-json\/wp\/v2\/categories?post=2366"},{"taxonomy":"post_tag","embeddable":true,"href":"https:\/\/yar.deutschetage.ru\/de\/wp-json\/wp\/v2\/tags?post=2366"}],"curies":[{"name":"wp","href":"https:\/\/api.w.org\/{rel}","templated":true}]}}