{"id":2369,"date":"2022-03-13T11:21:08","date_gmt":"2022-03-13T11:21:08","guid":{"rendered":"https:\/\/yar.deutschetage.ru\/?p=2369"},"modified":"2022-05-26T13:16:41","modified_gmt":"2022-05-26T13:16:41","slug":"natalya-vursta-pk-rostov","status":"publish","type":"post","link":"https:\/\/yar.deutschetage.ru\/de\/natalya-vursta-pk-rostov\/","title":{"rendered":"Natalia Wursta, PK Rostow"},"content":{"rendered":"\n<figure class=\"wp-block-image size-large\"><img loading=\"lazy\" width=\"1024\" height=\"768\" src=\"https:\/\/yar.deutschetage.ru\/wp-content\/uploads\/2022\/03\/vursta-foto-1024x768.jpg\" alt=\"\" class=\"wp-image-2370\" srcset=\"https:\/\/yar.deutschetage.ru\/wp-content\/uploads\/2022\/03\/vursta-foto-1024x768.jpg 1024w, https:\/\/yar.deutschetage.ru\/wp-content\/uploads\/2022\/03\/vursta-foto-300x225.jpg 300w, https:\/\/yar.deutschetage.ru\/wp-content\/uploads\/2022\/03\/vursta-foto-768x576.jpg 768w, https:\/\/yar.deutschetage.ru\/wp-content\/uploads\/2022\/03\/vursta-foto.jpg 1280w\" sizes=\"(max-width: 1024px) 100vw, 1024px\" \/><\/figure>\n\n\n\n<p>Heute, wenn man nach drau\u00dfen geht, ist es unm\u00f6glich, den M\u00fcll nicht zu sehen. Nat\u00fcrlich gibt es jetzt viele M\u00f6glichkeiten, den M\u00fcll zu entsorgen, aber das reicht nicht aus. Die Hauptsache ist der Wunsch, die Natur und die Welt um sie herum zu sch\u00fctzen.<\/p>\n\n\n\n<p>Ich lebe in einer kleinen Stadt Ljubim in der Region Jaroslawl. Hier legen nicht alle Menschen Wert darauf, dass die Natur gesch\u00fctzt und gepflegt werden muss. Selbst einige wissen nicht, was \u00abM\u00fcllentsorgung\u00bb ist. Nat\u00fcrlich haben sie an einigen stellen versucht, M\u00fcllcontainer aufzustellen, aber f\u00fcr viele ist das kein Hindernis, also werfen sie den M\u00fcll weg, wohin sie wollen.<\/p>\n\n\n\n<p>Fr\u00fcher habe ich auch nicht daran gedacht, dass man den M\u00fcll sortieren kann. Als ich noch in der 7. Klasse war, kamen Freiwillige zu uns und sie begannen zu erkl\u00e4ren, dass es viele M\u00f6glichkeiten gab, M\u00fcll zu sortieren\u044e Sie gaben Brosch\u00fcren oder Brosch\u00fcren mit Informationen und riefen die \u00f6kologische Abteilung \u00abWaldarbeiter\u00bb an. In unserer Familie versuchen wir alle zusammen, den M\u00fcll in den entsprechenden Containern zu sortieren, dann bringen ich und mein Vater ihn in den Bereich der Stadt, in dem die notwendigen Container vorhanden sind. Wenn wir den Laden besuchen, versuchen wir, das Material der Produkth\u00fclle zu w\u00e4hlen, das leichter zu sortieren ist und recycelt werden kann. Die Neuheit, die ich k\u00fcrzlich in den L\u00e4den gefunden habe, ist Tee in \u00ab\u00d6ko\u2013Beuteln\u00bb. Die umweltfreundliche Produktion findet in allen Phasen der Teeproduktion statt. Biologisch abbaubare Teebeutel bestehen aus einem Material auf Maisbasis, die Befestigung von Etiketten und F\u00e4den wird ohne B\u00fcroklammern verwendet, der gesamte Teebeutel besteht aus pflanzlichen Materialien. Jetzt sind in den Schaufenstern des Ladens immer mehr \u00ab\u00d6ko-H\u00fcllen\u00bb von Produkten zu sehen.<\/p>\n\n\n\n<p>&nbsp;Man muss \u00fcber die M\u00fcllentsorgung unter Vertretern verschiedener Generationen wissen.<\/p>\n\n\n\n<p>In den Kinderg\u00e4rten kann man Klassen, Feste zum Schutz der Natur, Malwettbewerbe oder Plakate \u00abBewahre die Natur\u00bb veranstalten und Gespr\u00e4che oder Spiele f\u00fchren, die den Kindern in einer spielbaren und f\u00fcr sie verst\u00e4ndlichen Form alle Informationen \u00fcber den Zustand der Umwelt vermitteln k\u00f6nnen.<\/p>\n\n\n\n<p>Die n\u00e4chste Generation sind Schulkinder. Hier k\u00f6nnen Sie spezielle Freizeitaktivit\u00e4ten zum Schutz der Natur durchf\u00fchren und so viele Organisationen wie m\u00f6glich einladen, um ihnen zu sagen, welchen Schaden sie dem Zustand der Natur ihrer Heimat bringen. Man kann auch Foren zu organisieren, Trupps zu schaffen, die alle Informationen \u00fcber den Naturschutz in ihrer Region weitergeben k\u00f6nnen.<\/p>\n\n\n\n<p>Die Schl\u00fcsselgeneration ist die Jugendlichen. Sie sind es, die nicht verstehen, dass es notwendig und wichtig ist, sich um die Natur zu k\u00fcmmern, anstatt sie zu verschmutzen. Sie haben das Recht, die Wahl zu treffen: sich vielen Umweltorganisationen zu stellen und sich um die Natur zu k\u00fcmmern oder das Gel\u00e4nde weiter zu verschmutzen, was es sp\u00e4ter unkenntlich machen wird, dass es einst eine Stadt war und jetzt eine \u00abM\u00fcllkippe\u00bb ist.<\/p>\n\n\n\n<p>Eine erwachsene Kategorie von Menschen sind Menschen, die bereits \u00fcber 30 Jahre alt sind. Hier ist der Mensch als Elternteil verpflichtet, seiner kleinen Generation ein Beispiel zu geben, dass die Natur gesch\u00fctzt und gesch\u00fctzt werden sollte, indem er ein Beispiel zeigt, das Kind wird diese Gewohnheit sp\u00e4ter von seinen Eltern nehmen und sie in seinem Leben weiterentwickeln.<\/p>\n\n\n\n<p>Die \u00e4lteste Generation sind unsere Gro\u00dfeltern. Diese Menschen k\u00fcmmern sich am meisten um die Natur, sie sorgen sich um sie, sie wissen, dass die \u00d6kologie fr\u00fcher besser war.<\/p>\n\n\n\n<p>Es spielt also keine Rolle, zu welcher Generation Sie geh\u00f6ren. Sie m\u00fcssen an die Welt um sich herum denken, die Sie umgibt. Sie m\u00fcssen \u00fcber den Zustand der Umwelt nachdenken, sich um sie k\u00fcmmern.<\/p>\n","protected":false},"excerpt":{"rendered":"<p>Heute, wenn man nach drau\u00dfen geht, ist es unm\u00f6glich, den M\u00fcll nicht zu sehen. Nat\u00fcrlich gibt es jetzt viele M\u00f6glichkeiten, den M\u00fcll zu entsorgen, aber das reicht nicht aus. Die Hauptsache ist der Wunsch, die Natur und die Welt um sie herum zu sch\u00fctzen. Ich lebe in einer kleinen Stadt Ljubim in der Region Jaroslawl. [&hellip;]<\/p>\n","protected":false},"author":2,"featured_media":2370,"comment_status":"closed","ping_status":"open","sticky":false,"template":"","format":"standard","meta":[],"categories":[17],"tags":[],"yoast_head":"<!-- This site is optimized with the Yoast SEO plugin v14.9 - https:\/\/yoast.com\/wordpress\/plugins\/seo\/ -->\n<title>Natalia Wursta, PK Rostow - Deutsche Tage in der Region Jaroslawl<\/title>\n<meta name=\"robots\" content=\"index, follow, max-snippet:-1, max-image-preview:large, max-video-preview:-1\" \/>\n<link rel=\"canonical\" href=\"https:\/\/yar.deutschetage.ru\/natalya-vursta-pk-rostov\/\" \/>\n<meta property=\"og:locale\" content=\"de_DE\" \/>\n<meta property=\"og:type\" content=\"article\" \/>\n<meta property=\"og:title\" content=\"Natalia Wursta, PK Rostow - Deutsche Tage in der Region Jaroslawl\" \/>\n<meta property=\"og:url\" content=\"https:\/\/yar.deutschetage.ru\/natalya-vursta-pk-rostov\/\" \/>\n<meta property=\"og:site_name\" content=\"Deutsche Tage in der Region Jaroslawl\" \/>\n<meta property=\"article:publisher\" content=\"https:\/\/www.facebook.com\/groups\/druzjagermanii\" \/>\n<meta property=\"article:published_time\" content=\"2022-03-13T11:21:08+00:00\" \/>\n<meta property=\"article:modified_time\" content=\"2022-05-26T13:16:41+00:00\" \/>\n<meta property=\"og:image\" content=\"https:\/\/yar.deutschetage.ru\/wp-content\/uploads\/2022\/03\/vursta-foto.jpg\" \/>\n\t<meta property=\"og:image:width\" content=\"1280\" \/>\n\t<meta property=\"og:image:height\" content=\"960\" \/>\n<meta name=\"twitter:card\" content=\"summary_large_image\" \/>\n<script type=\"application\/ld+json\" class=\"yoast-schema-graph\">{\"@context\":\"https:\/\/schema.org\",\"@graph\":[{\"@type\":\"WebSite\",\"@id\":\"https:\/\/yar.deutschetage.ru\/de\/#website\",\"url\":\"https:\/\/yar.deutschetage.ru\/de\/\",\"name\":\"Deutsche Tage in der Region Jaroslawl\",\"description\":\"Wissenschaftliche Fantastik oder fantastische Wissenschaft\",\"potentialAction\":[{\"@type\":\"SearchAction\",\"target\":\"https:\/\/yar.deutschetage.ru\/de\/?s={search_term_string}\",\"query-input\":\"required name=search_term_string\"}],\"inLanguage\":\"de-DE\"},{\"@type\":\"ImageObject\",\"@id\":\"https:\/\/yar.deutschetage.ru\/natalya-vursta-pk-rostov\/#primaryimage\",\"inLanguage\":\"de-DE\",\"url\":\"https:\/\/yar.deutschetage.ru\/wp-content\/uploads\/2022\/03\/vursta-foto.jpg\",\"width\":1280,\"height\":960},{\"@type\":\"WebPage\",\"@id\":\"https:\/\/yar.deutschetage.ru\/natalya-vursta-pk-rostov\/#webpage\",\"url\":\"https:\/\/yar.deutschetage.ru\/natalya-vursta-pk-rostov\/\",\"name\":\"Natalia Wursta, PK Rostow - Deutsche Tage in der Region Jaroslawl\",\"isPartOf\":{\"@id\":\"https:\/\/yar.deutschetage.ru\/de\/#website\"},\"primaryImageOfPage\":{\"@id\":\"https:\/\/yar.deutschetage.ru\/natalya-vursta-pk-rostov\/#primaryimage\"},\"datePublished\":\"2022-03-13T11:21:08+00:00\",\"dateModified\":\"2022-05-26T13:16:41+00:00\",\"author\":{\"@id\":\"https:\/\/yar.deutschetage.ru\/de\/#\/schema\/person\/4f39fe90cebbcc93ada07890317ab455\"},\"breadcrumb\":{\"@id\":\"https:\/\/yar.deutschetage.ru\/natalya-vursta-pk-rostov\/#breadcrumb\"},\"inLanguage\":\"de-DE\",\"potentialAction\":[{\"@type\":\"ReadAction\",\"target\":[\"https:\/\/yar.deutschetage.ru\/natalya-vursta-pk-rostov\/\"]}]},{\"@type\":\"BreadcrumbList\",\"@id\":\"https:\/\/yar.deutschetage.ru\/natalya-vursta-pk-rostov\/#breadcrumb\",\"itemListElement\":[{\"@type\":\"ListItem\",\"position\":1,\"item\":{\"@type\":\"WebPage\",\"@id\":\"https:\/\/yar.deutschetage.ru\/\",\"url\":\"https:\/\/yar.deutschetage.ru\/\",\"name\":\"\\u0413\\u043b\\u0430\\u0432\\u043d\\u0430\\u044f\"}},{\"@type\":\"ListItem\",\"position\":2,\"item\":{\"@type\":\"WebPage\",\"@id\":\"https:\/\/yar.deutschetage.ru\/natalya-vursta-pk-rostov\/\",\"url\":\"https:\/\/yar.deutschetage.ru\/natalya-vursta-pk-rostov\/\",\"name\":\"\\u041d\\u0430\\u0442\\u0430\\u043b\\u044c\\u044f \\u0412\\u0443\\u0440\\u0441\\u0442\\u0430, \\u041f\\u041a \\u0420\\u043e\\u0441\\u0442\\u043e\\u0432\"}}]},{\"@type\":\"Person\",\"@id\":\"https:\/\/yar.deutschetage.ru\/de\/#\/schema\/person\/4f39fe90cebbcc93ada07890317ab455\",\"name\":\"\\u0412\\u0430\\u043b\\u0435\\u043d\\u0442\\u0438\\u043d\\u0430\",\"image\":{\"@type\":\"ImageObject\",\"@id\":\"https:\/\/yar.deutschetage.ru\/de\/#personlogo\",\"inLanguage\":\"de-DE\",\"url\":\"https:\/\/secure.gravatar.com\/avatar\/1fe39c6a447b1a4ad661671d48304a9e?s=96&d=mm&r=g\",\"caption\":\"\\u0412\\u0430\\u043b\\u0435\\u043d\\u0442\\u0438\\u043d\\u0430\"}}]}<\/script>\n<!-- \/ Yoast SEO plugin. -->","_links":{"self":[{"href":"https:\/\/yar.deutschetage.ru\/de\/wp-json\/wp\/v2\/posts\/2369"}],"collection":[{"href":"https:\/\/yar.deutschetage.ru\/de\/wp-json\/wp\/v2\/posts"}],"about":[{"href":"https:\/\/yar.deutschetage.ru\/de\/wp-json\/wp\/v2\/types\/post"}],"author":[{"embeddable":true,"href":"https:\/\/yar.deutschetage.ru\/de\/wp-json\/wp\/v2\/users\/2"}],"replies":[{"embeddable":true,"href":"https:\/\/yar.deutschetage.ru\/de\/wp-json\/wp\/v2\/comments?post=2369"}],"version-history":[{"count":4,"href":"https:\/\/yar.deutschetage.ru\/de\/wp-json\/wp\/v2\/posts\/2369\/revisions"}],"predecessor-version":[{"id":2413,"href":"https:\/\/yar.deutschetage.ru\/de\/wp-json\/wp\/v2\/posts\/2369\/revisions\/2413"}],"wp:featuredmedia":[{"embeddable":true,"href":"https:\/\/yar.deutschetage.ru\/de\/wp-json\/wp\/v2\/media\/2370"}],"wp:attachment":[{"href":"https:\/\/yar.deutschetage.ru\/de\/wp-json\/wp\/v2\/media?parent=2369"}],"wp:term":[{"taxonomy":"category","embeddable":true,"href":"https:\/\/yar.deutschetage.ru\/de\/wp-json\/wp\/v2\/categories?post=2369"},{"taxonomy":"post_tag","embeddable":true,"href":"https:\/\/yar.deutschetage.ru\/de\/wp-json\/wp\/v2\/tags?post=2369"}],"curies":[{"name":"wp","href":"https:\/\/api.w.org\/{rel}","templated":true}]}}