{"id":2372,"date":"2022-03-13T11:25:21","date_gmt":"2022-03-13T11:25:21","guid":{"rendered":"https:\/\/yar.deutschetage.ru\/?p=2372"},"modified":"2022-05-26T13:16:15","modified_gmt":"2022-05-26T13:16:15","slug":"ekaterina-haritonova-pk-rostov","status":"publish","type":"post","link":"https:\/\/yar.deutschetage.ru\/de\/ekaterina-haritonova-pk-rostov\/","title":{"rendered":"Ekaterina Kharitonova, PK Rostow"},"content":{"rendered":"\n<figure class=\"wp-block-image size-large\"><img loading=\"lazy\" width=\"1024\" height=\"768\" src=\"https:\/\/yar.deutschetage.ru\/wp-content\/uploads\/2022\/03\/foto-4-1024x768.jpg\" alt=\"\" class=\"wp-image-2373\" srcset=\"https:\/\/yar.deutschetage.ru\/wp-content\/uploads\/2022\/03\/foto-4-1024x768.jpg 1024w, https:\/\/yar.deutschetage.ru\/wp-content\/uploads\/2022\/03\/foto-4-300x225.jpg 300w, https:\/\/yar.deutschetage.ru\/wp-content\/uploads\/2022\/03\/foto-4-768x576.jpg 768w, https:\/\/yar.deutschetage.ru\/wp-content\/uploads\/2022\/03\/foto-4.jpg 1280w\" sizes=\"(max-width: 1024px) 100vw, 1024px\" \/><\/figure>\n\n\n\n<p>Globale Umweltprobleme sind f\u00fcr die Region Jaroslawl relevant. Dies wirkt sich auf die Lebensqualit\u00e4t aus und beeintr\u00e4chtigt die Gesundheit der Menschen.<\/p>\n\n\n\n<p>Meine Familie hat mit \u00d6kologie zu tun.&nbsp; Meine Mutter ist Maschinenbedienerin des Melkens, sie k\u00fcmmert sich um die Tiere; f\u00fcttert und behandelt sie. Mein Vater ist ein Mechaniker. Er m\u00e4ht Gras, Heu f\u00fcr Tiere. Und wir haben auch unsere eigene Wirtschaft. Bei uns leben Ziegen, Schafe, Stiere, H\u00fchner und zwei Ferkel. Sie brauchen Pflege. Wir versuchen jeden Monat, in ihrem Haus aufzur\u00e4umen, neues Futter zu bringen. Und jetzt m\u00f6chte ich \u00fcber mein Dorf sprechen.<\/p>\n\n\n\n<p>Ich bin ein Patriot meiner Heimat und muss sie sch\u00fctzen, indem ich sie vor Verunreinigung bewahre. Ich trage dazu bei, dass wir uns jedes Jahr im ganzen Dorf versammeln und anfangen, unsere Heimat zu reinigen. Papier, Wrapper, selbst der kleinste M\u00fcll tr\u00e4gt einen gro\u00dfen Schaden f\u00fcr die Umwelt!!!<\/p>\n\n\n\n<p>Der Kindergarten hilft auch der Heimat. Die kleinen Bewohner versuchen, den M\u00fcll nicht wegzuwerfen und zu pflanzen Blumen. Sie reinigen jedes Fr\u00fchjahr ihr Territorium von Bl\u00e4ttern und Tr\u00fcmmern. Die Jugendlichen wollen ihre Heimat sch\u00f6n und wohlhabend sehen, sie pflanzen Blumen und B\u00e4ume.<\/p>\n\n\n\n<p>Auf dem Territorium meines Dorfes befand sich eine verlassene Baustelle. Es gab eine gro\u00dfe Ansammlung von M\u00fcll und das sch\u00e4digte die Natur sehr. Und das Objekt selbst war besonders gef\u00e4hrlich f\u00fcr Menschen. Aber im Jahr 2019 wurde beschlossen, es abzurei\u00dfen.<\/p>\n\n\n\n<p>Und auch im Dorf gibt es Gew\u00e4sser. Aber leider sind sie kontaminiert. Menschen haben lange Zeit M\u00fcll, Flaschen hineingeworfen und es ist gef\u00e4hrlich f\u00fcr Menschen geworden. Die Bewohner blieben ohne einen Ort, an dem sie ihre Sachen sp\u00fclen, baden konnten und sie in ein Nachbardorf fahren mussten.<\/p>\n\n\n\n<p>Die Stra\u00dfen sind ebenfalls besch\u00e4digt, da dies zu schrecklichen Folgen f\u00fchren kann. Das Dorf braucht Stra\u00dfenreparaturen.<\/p>\n\n\n\n<p>Ich glaube, dass Pruschinino im Allgemeinen ein umweltfreundlicher Ort ist, aber es gibt viel zu \u00e4ndern. Ich hoffe, dass es mit der Zeit Innovationen im Dorf geben wird. Ich liebe meine Heimat und m\u00f6chte sie zu einem umweltfreundlichen Ort machen.<\/p>\n\n\n\n<figure class=\"wp-block-gallery columns-3 is-cropped\"><ul class=\"blocks-gallery-grid\"><li class=\"blocks-gallery-item\"><figure><img loading=\"lazy\" width=\"768\" height=\"1024\" src=\"https:\/\/yar.deutschetage.ru\/wp-content\/uploads\/2022\/03\/foto-3-768x1024.jpg\" alt=\"\" data-id=\"2376\" data-full-url=\"https:\/\/yar.deutschetage.ru\/wp-content\/uploads\/2022\/03\/foto-3.jpg\" data-link=\"https:\/\/yar.deutschetage.ru\/ekaterina-haritonova-pk-rostov\/foto-3\/\" class=\"wp-image-2376\" srcset=\"https:\/\/yar.deutschetage.ru\/wp-content\/uploads\/2022\/03\/foto-3-768x1024.jpg 768w, https:\/\/yar.deutschetage.ru\/wp-content\/uploads\/2022\/03\/foto-3-225x300.jpg 225w, https:\/\/yar.deutschetage.ru\/wp-content\/uploads\/2022\/03\/foto-3.jpg 810w\" sizes=\"(max-width: 768px) 100vw, 768px\" \/><\/figure><\/li><li class=\"blocks-gallery-item\"><figure><img loading=\"lazy\" width=\"768\" height=\"1024\" src=\"https:\/\/yar.deutschetage.ru\/wp-content\/uploads\/2022\/03\/foto-1-768x1024.jpg\" alt=\"\" data-id=\"2374\" data-full-url=\"https:\/\/yar.deutschetage.ru\/wp-content\/uploads\/2022\/03\/foto-1.jpg\" data-link=\"https:\/\/yar.deutschetage.ru\/ekaterina-haritonova-pk-rostov\/foto-1\/\" class=\"wp-image-2374\" srcset=\"https:\/\/yar.deutschetage.ru\/wp-content\/uploads\/2022\/03\/foto-1-768x1024.jpg 768w, https:\/\/yar.deutschetage.ru\/wp-content\/uploads\/2022\/03\/foto-1-225x300.jpg 225w, https:\/\/yar.deutschetage.ru\/wp-content\/uploads\/2022\/03\/foto-1.jpg 810w\" sizes=\"(max-width: 768px) 100vw, 768px\" \/><\/figure><\/li><li class=\"blocks-gallery-item\"><figure><img loading=\"lazy\" width=\"768\" height=\"1024\" src=\"https:\/\/yar.deutschetage.ru\/wp-content\/uploads\/2022\/03\/foto-2-768x1024.jpg\" alt=\"\" data-id=\"2375\" data-full-url=\"https:\/\/yar.deutschetage.ru\/wp-content\/uploads\/2022\/03\/foto-2.jpg\" data-link=\"https:\/\/yar.deutschetage.ru\/ekaterina-haritonova-pk-rostov\/foto-2\/\" class=\"wp-image-2375\" srcset=\"https:\/\/yar.deutschetage.ru\/wp-content\/uploads\/2022\/03\/foto-2-768x1024.jpg 768w, https:\/\/yar.deutschetage.ru\/wp-content\/uploads\/2022\/03\/foto-2-225x300.jpg 225w, https:\/\/yar.deutschetage.ru\/wp-content\/uploads\/2022\/03\/foto-2.jpg 810w\" sizes=\"(max-width: 768px) 100vw, 768px\" \/><\/figure><\/li><\/ul><\/figure>\n","protected":false},"excerpt":{"rendered":"<p>Globale Umweltprobleme sind f\u00fcr die Region Jaroslawl relevant. Dies wirkt sich auf die Lebensqualit\u00e4t aus und beeintr\u00e4chtigt die Gesundheit der Menschen. Meine Familie hat mit \u00d6kologie zu tun.&nbsp; Meine Mutter ist Maschinenbedienerin des Melkens, sie k\u00fcmmert sich um die Tiere; f\u00fcttert und behandelt sie. Mein Vater ist ein Mechaniker. Er m\u00e4ht Gras, Heu f\u00fcr Tiere. [&hellip;]<\/p>\n","protected":false},"author":2,"featured_media":2373,"comment_status":"closed","ping_status":"open","sticky":false,"template":"","format":"standard","meta":[],"categories":[17],"tags":[],"yoast_head":"<!-- This site is optimized with the Yoast SEO plugin v14.9 - https:\/\/yoast.com\/wordpress\/plugins\/seo\/ -->\n<title>Ekaterina Kharitonova, PK Rostow - Deutsche Tage in der Region Jaroslawl<\/title>\n<meta name=\"robots\" content=\"index, follow, max-snippet:-1, max-image-preview:large, max-video-preview:-1\" \/>\n<link rel=\"canonical\" href=\"https:\/\/yar.deutschetage.ru\/ekaterina-haritonova-pk-rostov\/\" \/>\n<meta property=\"og:locale\" content=\"de_DE\" \/>\n<meta property=\"og:type\" content=\"article\" \/>\n<meta property=\"og:title\" content=\"Ekaterina Kharitonova, PK Rostow - Deutsche Tage in der Region Jaroslawl\" \/>\n<meta property=\"og:url\" content=\"https:\/\/yar.deutschetage.ru\/ekaterina-haritonova-pk-rostov\/\" \/>\n<meta property=\"og:site_name\" content=\"Deutsche Tage in der Region Jaroslawl\" \/>\n<meta property=\"article:publisher\" content=\"https:\/\/www.facebook.com\/groups\/druzjagermanii\" \/>\n<meta property=\"article:published_time\" content=\"2022-03-13T11:25:21+00:00\" \/>\n<meta property=\"article:modified_time\" content=\"2022-05-26T13:16:15+00:00\" \/>\n<meta property=\"og:image\" content=\"https:\/\/yar.deutschetage.ru\/wp-content\/uploads\/2022\/03\/foto-4.jpg\" \/>\n\t<meta property=\"og:image:width\" content=\"1280\" \/>\n\t<meta property=\"og:image:height\" content=\"960\" \/>\n<meta name=\"twitter:card\" content=\"summary_large_image\" \/>\n<script type=\"application\/ld+json\" class=\"yoast-schema-graph\">{\"@context\":\"https:\/\/schema.org\",\"@graph\":[{\"@type\":\"WebSite\",\"@id\":\"https:\/\/yar.deutschetage.ru\/de\/#website\",\"url\":\"https:\/\/yar.deutschetage.ru\/de\/\",\"name\":\"Deutsche Tage in der Region Jaroslawl\",\"description\":\"Wissenschaftliche Fantastik oder fantastische Wissenschaft\",\"potentialAction\":[{\"@type\":\"SearchAction\",\"target\":\"https:\/\/yar.deutschetage.ru\/de\/?s={search_term_string}\",\"query-input\":\"required name=search_term_string\"}],\"inLanguage\":\"de-DE\"},{\"@type\":\"ImageObject\",\"@id\":\"https:\/\/yar.deutschetage.ru\/ekaterina-haritonova-pk-rostov\/#primaryimage\",\"inLanguage\":\"de-DE\",\"url\":\"https:\/\/yar.deutschetage.ru\/wp-content\/uploads\/2022\/03\/foto-4.jpg\",\"width\":1280,\"height\":960},{\"@type\":\"WebPage\",\"@id\":\"https:\/\/yar.deutschetage.ru\/ekaterina-haritonova-pk-rostov\/#webpage\",\"url\":\"https:\/\/yar.deutschetage.ru\/ekaterina-haritonova-pk-rostov\/\",\"name\":\"Ekaterina Kharitonova, PK Rostow - Deutsche Tage in der Region Jaroslawl\",\"isPartOf\":{\"@id\":\"https:\/\/yar.deutschetage.ru\/de\/#website\"},\"primaryImageOfPage\":{\"@id\":\"https:\/\/yar.deutschetage.ru\/ekaterina-haritonova-pk-rostov\/#primaryimage\"},\"datePublished\":\"2022-03-13T11:25:21+00:00\",\"dateModified\":\"2022-05-26T13:16:15+00:00\",\"author\":{\"@id\":\"https:\/\/yar.deutschetage.ru\/de\/#\/schema\/person\/4f39fe90cebbcc93ada07890317ab455\"},\"breadcrumb\":{\"@id\":\"https:\/\/yar.deutschetage.ru\/ekaterina-haritonova-pk-rostov\/#breadcrumb\"},\"inLanguage\":\"de-DE\",\"potentialAction\":[{\"@type\":\"ReadAction\",\"target\":[\"https:\/\/yar.deutschetage.ru\/ekaterina-haritonova-pk-rostov\/\"]}]},{\"@type\":\"BreadcrumbList\",\"@id\":\"https:\/\/yar.deutschetage.ru\/ekaterina-haritonova-pk-rostov\/#breadcrumb\",\"itemListElement\":[{\"@type\":\"ListItem\",\"position\":1,\"item\":{\"@type\":\"WebPage\",\"@id\":\"https:\/\/yar.deutschetage.ru\/\",\"url\":\"https:\/\/yar.deutschetage.ru\/\",\"name\":\"\\u0413\\u043b\\u0430\\u0432\\u043d\\u0430\\u044f\"}},{\"@type\":\"ListItem\",\"position\":2,\"item\":{\"@type\":\"WebPage\",\"@id\":\"https:\/\/yar.deutschetage.ru\/ekaterina-haritonova-pk-rostov\/\",\"url\":\"https:\/\/yar.deutschetage.ru\/ekaterina-haritonova-pk-rostov\/\",\"name\":\"\\u0415\\u043a\\u0430\\u0442\\u0435\\u0440\\u0438\\u043d\\u0430 \\u0425\\u0430\\u0440\\u0438\\u0442\\u043e\\u043d\\u043e\\u0432\\u0430, \\u041f\\u041a \\u0420\\u043e\\u0441\\u0442\\u043e\\u0432\"}}]},{\"@type\":\"Person\",\"@id\":\"https:\/\/yar.deutschetage.ru\/de\/#\/schema\/person\/4f39fe90cebbcc93ada07890317ab455\",\"name\":\"\\u0412\\u0430\\u043b\\u0435\\u043d\\u0442\\u0438\\u043d\\u0430\",\"image\":{\"@type\":\"ImageObject\",\"@id\":\"https:\/\/yar.deutschetage.ru\/de\/#personlogo\",\"inLanguage\":\"de-DE\",\"url\":\"https:\/\/secure.gravatar.com\/avatar\/1fe39c6a447b1a4ad661671d48304a9e?s=96&d=mm&r=g\",\"caption\":\"\\u0412\\u0430\\u043b\\u0435\\u043d\\u0442\\u0438\\u043d\\u0430\"}}]}<\/script>\n<!-- \/ Yoast SEO plugin. -->","_links":{"self":[{"href":"https:\/\/yar.deutschetage.ru\/de\/wp-json\/wp\/v2\/posts\/2372"}],"collection":[{"href":"https:\/\/yar.deutschetage.ru\/de\/wp-json\/wp\/v2\/posts"}],"about":[{"href":"https:\/\/yar.deutschetage.ru\/de\/wp-json\/wp\/v2\/types\/post"}],"author":[{"embeddable":true,"href":"https:\/\/yar.deutschetage.ru\/de\/wp-json\/wp\/v2\/users\/2"}],"replies":[{"embeddable":true,"href":"https:\/\/yar.deutschetage.ru\/de\/wp-json\/wp\/v2\/comments?post=2372"}],"version-history":[{"count":4,"href":"https:\/\/yar.deutschetage.ru\/de\/wp-json\/wp\/v2\/posts\/2372\/revisions"}],"predecessor-version":[{"id":2411,"href":"https:\/\/yar.deutschetage.ru\/de\/wp-json\/wp\/v2\/posts\/2372\/revisions\/2411"}],"wp:featuredmedia":[{"embeddable":true,"href":"https:\/\/yar.deutschetage.ru\/de\/wp-json\/wp\/v2\/media\/2373"}],"wp:attachment":[{"href":"https:\/\/yar.deutschetage.ru\/de\/wp-json\/wp\/v2\/media?parent=2372"}],"wp:term":[{"taxonomy":"category","embeddable":true,"href":"https:\/\/yar.deutschetage.ru\/de\/wp-json\/wp\/v2\/categories?post=2372"},{"taxonomy":"post_tag","embeddable":true,"href":"https:\/\/yar.deutschetage.ru\/de\/wp-json\/wp\/v2\/tags?post=2372"}],"curies":[{"name":"wp","href":"https:\/\/api.w.org\/{rel}","templated":true}]}}