{"id":2415,"date":"2022-03-15T07:41:05","date_gmt":"2022-03-15T07:41:05","guid":{"rendered":"https:\/\/yar.deutschetage.ru\/?p=2415"},"modified":"2022-05-26T13:12:22","modified_gmt":"2022-05-26T13:12:22","slug":"zarina-shuhieva-yapek","status":"publish","type":"post","link":"https:\/\/yar.deutschetage.ru\/de\/zarina-shuhieva-yapek\/","title":{"rendered":"Zarina Schukhiewa"},"content":{"rendered":"\n<p><strong><span class=\"has-inline-color has-vivid-green-cyan-color\">Die Natur ist unser Leben<\/span><\/strong><\/p>\n\n\n\n<p>Es gibt ein Problem, dessen L\u00f6sung noch nicht beobachtet wurde .Das ist ein \u00f6kologisches Problem. Die \u00d6kologie begann sich schnell zu verschlechtern. Und dieser Prozess h\u00f6rt nicht auf, sondern wird immer intensiver. Schon in Gro\u00dfst\u00e4dten tragen die Menschen Gaze-Krawatten. Es stellt sich die Frage: Was soll ich tun?<\/p>\n\n\n\n<p>Meiner Meinung nach betrifft der Schutz der nat\u00fcrlichen Reicht\u00fcmer alle. Menschen verschmutzen die Umwelt, verbrauchen gedankenlos Energie und nat\u00fcrliche Ressourcen und wollen nicht zugeben, dass sie etwas Schlechtes tun. Der Planet ist in Gefahr, seine einzigartige Sch\u00f6nheit verblasst, das Klima \u00e4ndert sich dramatisch. Die Ausbeutung nat\u00fcrlicher Ressourcen f\u00fchrt zum Tod von Lebewesen. Es gibt viele M\u00f6glichkeiten, umweltfreundlicher zu handeln. Zum einen kann die \u00f6kologische Erziehung der Jugendlichen dazu beitragen. Zweitens k\u00f6nnen zahlreiche Umweltschutzma\u00dfnahmen ergriffen werden, die alle Menschen auf diese Probleme aufmerksam machen.<\/p>\n\n\n\n<p>Manche Leute glauben, dass es keine Umweltprobleme gibt und die Umwelt weiterhin verschmutzen Mittwoch. Was ich tue, um die Umweltverschmutzung zu bek\u00e4mpfen:<\/p>\n\n\n\n<p>1. Wir gehen mit Freunden und wollen in die Firma, und gingen durch die Stadt sammeln verschiedene M\u00fcll( Flaschen, Packungen von Chips, Glas&#8230;)<\/p>\n\n\n\n<p>2. Bevor ich den M\u00fcll entsorge, sortiere ich ihn immer aus<\/p>\n\n\n\n<p>3. Ich fordere meine Freunde immer auf, den M\u00fcll nicht auf der Stra\u00dfe zu verteilen, sondern alles nur in den M\u00fcll zu werfen.<\/p>\n\n\n\n<p>4. Ich \u00fcbergebe Altpapier zur Verarbeitung. Wenn Sie mindestens eine Zeitung pro Woche zur Verarbeitung schicken, wird dies viele B\u00e4ume retten.<\/p>\n\n\n\n<p>5. Ich pflanze B\u00e4ume und Str\u00e4ucher, um die Luft zu verbessern<\/p>\n\n\n\n<p>6. Verbrauchte Batterien sollten an spezielle Recyclingstellen abgegeben werden<\/p>\n\n\n\n<p>Und vieles mehr. Aber ich fordere alle auf, dieses Problem zu bek\u00e4mpfen. Nur wenn wir dieses Problem gemeinsam bek\u00e4mpfen, k\u00f6nnen wir es \u00fcberwinden. Und unser Leben wird viel gl\u00fccklicher und unser Leben viel l\u00e4nger.<\/p>\n\n\n\n<p>Die Natur ist unser Leben mit Ihnen.<\/p>\n\n\n\n<p>Es gibt ein Problem, dessen L\u00f6sung noch nicht beobachtet wurde .Das ist ein \u00f6kologisches Problem. Die \u00d6kologie begann sich schnell zu verschlechtern. Und dieser Prozess h\u00f6rt nicht auf, sondern wird immer intensiver. Schon in Gro\u00dfst\u00e4dten tragen die Menschen Gaze-Krawatten. Es stellt sich die Frage: Was soll ich tun?<\/p>\n\n\n\n<p>Meiner Meinung nach betrifft der Schutz der nat\u00fcrlichen Reicht\u00fcmer alle. Menschen verschmutzen die Umwelt, verbrauchen gedankenlos Energie und nat\u00fcrliche Ressourcen und wollen nicht zugeben, dass sie etwas Schlechtes tun. Der Planet ist in Gefahr, seine einzigartige Sch\u00f6nheit verblasst, das Klima \u00e4ndert sich dramatisch. Die Ausbeutung nat\u00fcrlicher Ressourcen f\u00fchrt zum Tod von Lebewesen. Es gibt viele M\u00f6glichkeiten, umweltfreundlicher zu handeln. Zum einen kann die \u00f6kologische Erziehung der Jugendlichen dazu beitragen. Zweitens k\u00f6nnen zahlreiche Umweltschutzma\u00dfnahmen ergriffen werden, die alle Menschen auf diese Probleme aufmerksam machen.<\/p>\n\n\n\n<p>Manche Leute glauben, dass es keine Umweltprobleme gibt und die Umwelt weiterhin verschmutzen Mittwoch. Was ich tue, um die Umweltverschmutzung zu bek\u00e4mpfen:<\/p>\n\n\n\n<p>1. Wir gehen mit Freunden und wollen in die Firma, und gingen durch die Stadt sammeln verschiedene M\u00fcll( Flaschen, Packungen von Chips, Glas&#8230;)<\/p>\n\n\n\n<p>2. Bevor ich den M\u00fcll entsorge, sortiere ich ihn immer aus<\/p>\n\n\n\n<p>3. Ich fordere meine Freunde immer auf, den M\u00fcll nicht auf der Stra\u00dfe zu verteilen, sondern alles nur in den M\u00fcll zu werfen.<\/p>\n\n\n\n<figure class=\"wp-block-image size-large\"><img loading=\"lazy\" width=\"605\" height=\"807\" src=\"https:\/\/yar.deutschetage.ru\/wp-content\/uploads\/2022\/03\/shuhieva-z-1.jpg\" alt=\"\" class=\"wp-image-2418\" srcset=\"https:\/\/yar.deutschetage.ru\/wp-content\/uploads\/2022\/03\/shuhieva-z-1.jpg 605w, https:\/\/yar.deutschetage.ru\/wp-content\/uploads\/2022\/03\/shuhieva-z-1-225x300.jpg 225w\" sizes=\"(max-width: 605px) 100vw, 605px\" \/><\/figure>\n","protected":false},"excerpt":{"rendered":"<p>Die Natur ist unser Leben Es gibt ein Problem, dessen L\u00f6sung noch nicht beobachtet wurde .Das ist ein \u00f6kologisches Problem. Die \u00d6kologie begann sich schnell zu verschlechtern. Und dieser Prozess h\u00f6rt nicht auf, sondern wird immer intensiver. Schon in Gro\u00dfst\u00e4dten tragen die Menschen Gaze-Krawatten. Es stellt sich die Frage: Was soll ich tun? Meiner Meinung [&hellip;]<\/p>\n","protected":false},"author":2,"featured_media":2416,"comment_status":"closed","ping_status":"open","sticky":false,"template":"","format":"standard","meta":[],"categories":[17],"tags":[],"yoast_head":"<!-- This site is optimized with the Yoast SEO plugin v14.9 - https:\/\/yoast.com\/wordpress\/plugins\/seo\/ -->\n<title>Zarina Schukhiewa - Deutsche Tage in der Region Jaroslawl<\/title>\n<meta name=\"robots\" content=\"index, follow, max-snippet:-1, max-image-preview:large, max-video-preview:-1\" \/>\n<link rel=\"canonical\" href=\"https:\/\/yar.deutschetage.ru\/zarina-shuhieva-yapek\/\" \/>\n<meta property=\"og:locale\" content=\"de_DE\" \/>\n<meta property=\"og:type\" content=\"article\" \/>\n<meta property=\"og:title\" content=\"Zarina Schukhiewa - Deutsche Tage in der Region Jaroslawl\" \/>\n<meta property=\"og:url\" content=\"https:\/\/yar.deutschetage.ru\/zarina-shuhieva-yapek\/\" \/>\n<meta property=\"og:site_name\" content=\"Deutsche Tage in der Region Jaroslawl\" \/>\n<meta property=\"article:publisher\" content=\"https:\/\/www.facebook.com\/groups\/druzjagermanii\" \/>\n<meta property=\"article:published_time\" content=\"2022-03-15T07:41:05+00:00\" \/>\n<meta property=\"article:modified_time\" content=\"2022-05-26T13:12:22+00:00\" \/>\n<meta property=\"og:image\" content=\"https:\/\/yar.deutschetage.ru\/wp-content\/uploads\/2022\/03\/shuhieva-z-e1647330054126.jpg\" \/>\n\t<meta property=\"og:image:width\" content=\"601\" \/>\n\t<meta property=\"og:image:height\" content=\"453\" \/>\n<meta name=\"twitter:card\" content=\"summary_large_image\" \/>\n<script type=\"application\/ld+json\" class=\"yoast-schema-graph\">{\"@context\":\"https:\/\/schema.org\",\"@graph\":[{\"@type\":\"WebSite\",\"@id\":\"https:\/\/yar.deutschetage.ru\/de\/#website\",\"url\":\"https:\/\/yar.deutschetage.ru\/de\/\",\"name\":\"Deutsche Tage in der Region Jaroslawl\",\"description\":\"Wissenschaftliche Fantastik oder fantastische Wissenschaft\",\"potentialAction\":[{\"@type\":\"SearchAction\",\"target\":\"https:\/\/yar.deutschetage.ru\/de\/?s={search_term_string}\",\"query-input\":\"required name=search_term_string\"}],\"inLanguage\":\"de-DE\"},{\"@type\":\"ImageObject\",\"@id\":\"https:\/\/yar.deutschetage.ru\/zarina-shuhieva-yapek\/#primaryimage\",\"inLanguage\":\"de-DE\",\"url\":\"https:\/\/yar.deutschetage.ru\/wp-content\/uploads\/2022\/03\/shuhieva-z-e1647330054126.jpg\",\"width\":601,\"height\":453},{\"@type\":\"WebPage\",\"@id\":\"https:\/\/yar.deutschetage.ru\/zarina-shuhieva-yapek\/#webpage\",\"url\":\"https:\/\/yar.deutschetage.ru\/zarina-shuhieva-yapek\/\",\"name\":\"Zarina Schukhiewa - Deutsche Tage in der Region Jaroslawl\",\"isPartOf\":{\"@id\":\"https:\/\/yar.deutschetage.ru\/de\/#website\"},\"primaryImageOfPage\":{\"@id\":\"https:\/\/yar.deutschetage.ru\/zarina-shuhieva-yapek\/#primaryimage\"},\"datePublished\":\"2022-03-15T07:41:05+00:00\",\"dateModified\":\"2022-05-26T13:12:22+00:00\",\"author\":{\"@id\":\"https:\/\/yar.deutschetage.ru\/de\/#\/schema\/person\/4f39fe90cebbcc93ada07890317ab455\"},\"breadcrumb\":{\"@id\":\"https:\/\/yar.deutschetage.ru\/zarina-shuhieva-yapek\/#breadcrumb\"},\"inLanguage\":\"de-DE\",\"potentialAction\":[{\"@type\":\"ReadAction\",\"target\":[\"https:\/\/yar.deutschetage.ru\/zarina-shuhieva-yapek\/\"]}]},{\"@type\":\"BreadcrumbList\",\"@id\":\"https:\/\/yar.deutschetage.ru\/zarina-shuhieva-yapek\/#breadcrumb\",\"itemListElement\":[{\"@type\":\"ListItem\",\"position\":1,\"item\":{\"@type\":\"WebPage\",\"@id\":\"https:\/\/yar.deutschetage.ru\/\",\"url\":\"https:\/\/yar.deutschetage.ru\/\",\"name\":\"\\u0413\\u043b\\u0430\\u0432\\u043d\\u0430\\u044f\"}},{\"@type\":\"ListItem\",\"position\":2,\"item\":{\"@type\":\"WebPage\",\"@id\":\"https:\/\/yar.deutschetage.ru\/zarina-shuhieva-yapek\/\",\"url\":\"https:\/\/yar.deutschetage.ru\/zarina-shuhieva-yapek\/\",\"name\":\"\\u0417\\u0430\\u0440\\u0438\\u043d\\u0430 \\u0428\\u0443\\u0445\\u0438\\u0435\\u0432\\u0430, \\u042f\\u041f\\u042d\\u041a\"}}]},{\"@type\":\"Person\",\"@id\":\"https:\/\/yar.deutschetage.ru\/de\/#\/schema\/person\/4f39fe90cebbcc93ada07890317ab455\",\"name\":\"\\u0412\\u0430\\u043b\\u0435\\u043d\\u0442\\u0438\\u043d\\u0430\",\"image\":{\"@type\":\"ImageObject\",\"@id\":\"https:\/\/yar.deutschetage.ru\/de\/#personlogo\",\"inLanguage\":\"de-DE\",\"url\":\"https:\/\/secure.gravatar.com\/avatar\/1fe39c6a447b1a4ad661671d48304a9e?s=96&d=mm&r=g\",\"caption\":\"\\u0412\\u0430\\u043b\\u0435\\u043d\\u0442\\u0438\\u043d\\u0430\"}}]}<\/script>\n<!-- \/ Yoast SEO plugin. -->","_links":{"self":[{"href":"https:\/\/yar.deutschetage.ru\/de\/wp-json\/wp\/v2\/posts\/2415"}],"collection":[{"href":"https:\/\/yar.deutschetage.ru\/de\/wp-json\/wp\/v2\/posts"}],"about":[{"href":"https:\/\/yar.deutschetage.ru\/de\/wp-json\/wp\/v2\/types\/post"}],"author":[{"embeddable":true,"href":"https:\/\/yar.deutschetage.ru\/de\/wp-json\/wp\/v2\/users\/2"}],"replies":[{"embeddable":true,"href":"https:\/\/yar.deutschetage.ru\/de\/wp-json\/wp\/v2\/comments?post=2415"}],"version-history":[{"count":3,"href":"https:\/\/yar.deutschetage.ru\/de\/wp-json\/wp\/v2\/posts\/2415\/revisions"}],"predecessor-version":[{"id":2420,"href":"https:\/\/yar.deutschetage.ru\/de\/wp-json\/wp\/v2\/posts\/2415\/revisions\/2420"}],"wp:featuredmedia":[{"embeddable":true,"href":"https:\/\/yar.deutschetage.ru\/de\/wp-json\/wp\/v2\/media\/2416"}],"wp:attachment":[{"href":"https:\/\/yar.deutschetage.ru\/de\/wp-json\/wp\/v2\/media?parent=2415"}],"wp:term":[{"taxonomy":"category","embeddable":true,"href":"https:\/\/yar.deutschetage.ru\/de\/wp-json\/wp\/v2\/categories?post=2415"},{"taxonomy":"post_tag","embeddable":true,"href":"https:\/\/yar.deutschetage.ru\/de\/wp-json\/wp\/v2\/tags?post=2415"}],"curies":[{"name":"wp","href":"https:\/\/api.w.org\/{rel}","templated":true}]}}