{"id":2422,"date":"2022-03-15T14:52:09","date_gmt":"2022-03-15T14:52:09","guid":{"rendered":"https:\/\/yar.deutschetage.ru\/?p=2422"},"modified":"2022-05-26T13:11:56","modified_gmt":"2022-05-26T13:11:56","slug":"evgenij-shorenkov","status":"publish","type":"post","link":"https:\/\/yar.deutschetage.ru\/de\/evgenij-shorenkov\/","title":{"rendered":"Ewgenij Schorenkow, Jaroslawl"},"content":{"rendered":"\n<p><strong>Jeder von uns ist f\u00fcr die Umwelt verantwortlich<\/strong><\/p>\n\n\n\n<p>In der heutigen Welt gibt es ein gro\u00dfes Umwelt- und Recyclingproblem. Eine wichtige Voraussetzung ist die Sammlung und Sortierung von Abf\u00e4llen nach ihrer Herkunft und ihrer Eignung f\u00fcr Recycling oder Wiederverwendung. Durch die Abfalltrennung kann ein Maximum an Material in die Industrie zur\u00fcckgef\u00fchrt werden, die Kosten f\u00fcr die Abfallentsorgung werden gesenkt und die Umweltbelastung wird insgesamt verringert. Das System der getrennten Sammlung ist in den europ\u00e4ischen L\u00e4ndern weit verbreitet. Schweden ist einer der f\u00fchrenden Recycler der Welt. Fast die H\u00e4lfte der Abf\u00e4lle im Land wird verbrannt (nur nach sorgf\u00e4ltiger Sortierung). Plastik, Papier und Lebensmittelabf\u00e4lle werden recycelt oder f\u00fcr die Biogaserzeugung verwendet. Im Jahr 2021 begann Schweden sogar, M\u00fcll aus anderen L\u00e4ndern zu kaufen.<\/p>\n\n\n\n<p>Ich habe mir folgende Fragen gestellt: Wie kann ich den Abfall minimieren? Wie kann ich Abfall minimieren?<\/p>\n\n\n\n<p>Um die Verschwendung zu minimieren, tippe ich auf meinem Computer, sortiere den Abfall und verzichte auf Quittungen in Banken und Gesch\u00e4ften. Ich versuche, recycelte Materialien zu verwenden; zum Beispiel kann ich \u00fcbrig gebliebene Bretter von der Baustelle verwenden, um Blumenst\u00e4nder zu bauen. Auf diese Weise erspare ich mir das Zerkratzen von Blument\u00f6pfen auf den Fensterb\u00e4nken und muss nicht so viel Wasser f\u00fcr die Reinigung ausgeben.<\/p>\n\n\n\n<p>Auf diese Weise versuche ich, die Verschwendung zu minimieren und ein Beispiel von Weltklasse zu geben.<\/p>\n","protected":false},"excerpt":{"rendered":"<p>Jeder von uns ist f\u00fcr die Umwelt verantwortlich In der heutigen Welt gibt es ein gro\u00dfes Umwelt- und Recyclingproblem. Eine wichtige Voraussetzung ist die Sammlung und Sortierung von Abf\u00e4llen nach ihrer Herkunft und ihrer Eignung f\u00fcr Recycling oder Wiederverwendung. Durch die Abfalltrennung kann ein Maximum an Material in die Industrie zur\u00fcckgef\u00fchrt werden, die Kosten f\u00fcr [&hellip;]<\/p>\n","protected":false},"author":2,"featured_media":1721,"comment_status":"closed","ping_status":"open","sticky":false,"template":"","format":"standard","meta":[],"categories":[17],"tags":[],"yoast_head":"<!-- This site is optimized with the Yoast SEO plugin v14.9 - https:\/\/yoast.com\/wordpress\/plugins\/seo\/ -->\n<title>Ewgenij Schorenkow, Jaroslawl - Deutsche Tage in der Region Jaroslawl<\/title>\n<meta name=\"robots\" content=\"index, follow, max-snippet:-1, max-image-preview:large, max-video-preview:-1\" \/>\n<link rel=\"canonical\" href=\"https:\/\/yar.deutschetage.ru\/evgenij-shorenkov\/\" \/>\n<meta property=\"og:locale\" content=\"de_DE\" \/>\n<meta property=\"og:type\" content=\"article\" \/>\n<meta property=\"og:title\" content=\"Ewgenij Schorenkow, Jaroslawl - Deutsche Tage in der Region Jaroslawl\" \/>\n<meta property=\"og:url\" content=\"https:\/\/yar.deutschetage.ru\/evgenij-shorenkov\/\" \/>\n<meta property=\"og:site_name\" content=\"Deutsche Tage in der Region Jaroslawl\" \/>\n<meta property=\"article:publisher\" content=\"https:\/\/www.facebook.com\/groups\/druzjagermanii\" \/>\n<meta property=\"article:published_time\" content=\"2022-03-15T14:52:09+00:00\" \/>\n<meta property=\"article:modified_time\" content=\"2022-05-26T13:11:56+00:00\" \/>\n<meta property=\"og:image\" content=\"https:\/\/yar.deutschetage.ru\/wp-content\/uploads\/2021\/10\/shorenkov-e.-1-e1634404795911.jpeg\" \/>\n\t<meta property=\"og:image:width\" content=\"1196\" \/>\n\t<meta property=\"og:image:height\" content=\"924\" \/>\n<meta name=\"twitter:card\" content=\"summary_large_image\" \/>\n<script type=\"application\/ld+json\" class=\"yoast-schema-graph\">{\"@context\":\"https:\/\/schema.org\",\"@graph\":[{\"@type\":\"WebSite\",\"@id\":\"https:\/\/yar.deutschetage.ru\/de\/#website\",\"url\":\"https:\/\/yar.deutschetage.ru\/de\/\",\"name\":\"Deutsche Tage in der Region Jaroslawl\",\"description\":\"Wissenschaftliche Fantastik oder fantastische Wissenschaft\",\"potentialAction\":[{\"@type\":\"SearchAction\",\"target\":\"https:\/\/yar.deutschetage.ru\/de\/?s={search_term_string}\",\"query-input\":\"required name=search_term_string\"}],\"inLanguage\":\"de-DE\"},{\"@type\":\"ImageObject\",\"@id\":\"https:\/\/yar.deutschetage.ru\/evgenij-shorenkov\/#primaryimage\",\"inLanguage\":\"de-DE\",\"url\":\"https:\/\/yar.deutschetage.ru\/wp-content\/uploads\/2021\/10\/shorenkov-e.-1-e1634404795911.jpeg\",\"width\":1196,\"height\":924},{\"@type\":\"WebPage\",\"@id\":\"https:\/\/yar.deutschetage.ru\/evgenij-shorenkov\/#webpage\",\"url\":\"https:\/\/yar.deutschetage.ru\/evgenij-shorenkov\/\",\"name\":\"Ewgenij Schorenkow, Jaroslawl - Deutsche Tage in der Region Jaroslawl\",\"isPartOf\":{\"@id\":\"https:\/\/yar.deutschetage.ru\/de\/#website\"},\"primaryImageOfPage\":{\"@id\":\"https:\/\/yar.deutschetage.ru\/evgenij-shorenkov\/#primaryimage\"},\"datePublished\":\"2022-03-15T14:52:09+00:00\",\"dateModified\":\"2022-05-26T13:11:56+00:00\",\"author\":{\"@id\":\"https:\/\/yar.deutschetage.ru\/de\/#\/schema\/person\/4f39fe90cebbcc93ada07890317ab455\"},\"breadcrumb\":{\"@id\":\"https:\/\/yar.deutschetage.ru\/evgenij-shorenkov\/#breadcrumb\"},\"inLanguage\":\"de-DE\",\"potentialAction\":[{\"@type\":\"ReadAction\",\"target\":[\"https:\/\/yar.deutschetage.ru\/evgenij-shorenkov\/\"]}]},{\"@type\":\"BreadcrumbList\",\"@id\":\"https:\/\/yar.deutschetage.ru\/evgenij-shorenkov\/#breadcrumb\",\"itemListElement\":[{\"@type\":\"ListItem\",\"position\":1,\"item\":{\"@type\":\"WebPage\",\"@id\":\"https:\/\/yar.deutschetage.ru\/\",\"url\":\"https:\/\/yar.deutschetage.ru\/\",\"name\":\"\\u0413\\u043b\\u0430\\u0432\\u043d\\u0430\\u044f\"}},{\"@type\":\"ListItem\",\"position\":2,\"item\":{\"@type\":\"WebPage\",\"@id\":\"https:\/\/yar.deutschetage.ru\/evgenij-shorenkov\/\",\"url\":\"https:\/\/yar.deutschetage.ru\/evgenij-shorenkov\/\",\"name\":\"\\u0415\\u0432\\u0433\\u0435\\u043d\\u0438\\u0439 \\u0428\\u043e\\u0440\\u0435\\u043d\\u043a\\u043e\\u0432, \\u042f\\u041f\\u042d\\u041a\"}}]},{\"@type\":\"Person\",\"@id\":\"https:\/\/yar.deutschetage.ru\/de\/#\/schema\/person\/4f39fe90cebbcc93ada07890317ab455\",\"name\":\"\\u0412\\u0430\\u043b\\u0435\\u043d\\u0442\\u0438\\u043d\\u0430\",\"image\":{\"@type\":\"ImageObject\",\"@id\":\"https:\/\/yar.deutschetage.ru\/de\/#personlogo\",\"inLanguage\":\"de-DE\",\"url\":\"https:\/\/secure.gravatar.com\/avatar\/1fe39c6a447b1a4ad661671d48304a9e?s=96&d=mm&r=g\",\"caption\":\"\\u0412\\u0430\\u043b\\u0435\\u043d\\u0442\\u0438\\u043d\\u0430\"}}]}<\/script>\n<!-- \/ Yoast SEO plugin. -->","_links":{"self":[{"href":"https:\/\/yar.deutschetage.ru\/de\/wp-json\/wp\/v2\/posts\/2422"}],"collection":[{"href":"https:\/\/yar.deutschetage.ru\/de\/wp-json\/wp\/v2\/posts"}],"about":[{"href":"https:\/\/yar.deutschetage.ru\/de\/wp-json\/wp\/v2\/types\/post"}],"author":[{"embeddable":true,"href":"https:\/\/yar.deutschetage.ru\/de\/wp-json\/wp\/v2\/users\/2"}],"replies":[{"embeddable":true,"href":"https:\/\/yar.deutschetage.ru\/de\/wp-json\/wp\/v2\/comments?post=2422"}],"version-history":[{"count":3,"href":"https:\/\/yar.deutschetage.ru\/de\/wp-json\/wp\/v2\/posts\/2422\/revisions"}],"predecessor-version":[{"id":2425,"href":"https:\/\/yar.deutschetage.ru\/de\/wp-json\/wp\/v2\/posts\/2422\/revisions\/2425"}],"wp:featuredmedia":[{"embeddable":true,"href":"https:\/\/yar.deutschetage.ru\/de\/wp-json\/wp\/v2\/media\/1721"}],"wp:attachment":[{"href":"https:\/\/yar.deutschetage.ru\/de\/wp-json\/wp\/v2\/media?parent=2422"}],"wp:term":[{"taxonomy":"category","embeddable":true,"href":"https:\/\/yar.deutschetage.ru\/de\/wp-json\/wp\/v2\/categories?post=2422"},{"taxonomy":"post_tag","embeddable":true,"href":"https:\/\/yar.deutschetage.ru\/de\/wp-json\/wp\/v2\/tags?post=2422"}],"curies":[{"name":"wp","href":"https:\/\/api.w.org\/{rel}","templated":true}]}}