{"id":2426,"date":"2022-03-15T15:06:22","date_gmt":"2022-03-15T15:06:22","guid":{"rendered":"https:\/\/yar.deutschetage.ru\/?p=2426"},"modified":"2022-05-26T13:11:18","modified_gmt":"2022-05-26T13:11:18","slug":"natalya-baglaeva-yapek","status":"publish","type":"post","link":"https:\/\/yar.deutschetage.ru\/de\/natalya-baglaeva-yapek\/","title":{"rendered":"Natalia Baglajewa, Jaroslawl"},"content":{"rendered":"\n<figure class=\"wp-block-image size-large\"><img loading=\"lazy\" width=\"1024\" height=\"774\" src=\"https:\/\/yar.deutschetage.ru\/wp-content\/uploads\/2022\/03\/baglaevan-e1647356771827-1024x774.jpg\" alt=\"\" class=\"wp-image-2427\" srcset=\"https:\/\/yar.deutschetage.ru\/wp-content\/uploads\/2022\/03\/baglaevan-e1647356771827-1024x774.jpg 1024w, https:\/\/yar.deutschetage.ru\/wp-content\/uploads\/2022\/03\/baglaevan-e1647356771827-300x227.jpg 300w, https:\/\/yar.deutschetage.ru\/wp-content\/uploads\/2022\/03\/baglaevan-e1647356771827-768x580.jpg 768w, https:\/\/yar.deutschetage.ru\/wp-content\/uploads\/2022\/03\/baglaevan-e1647356771827.jpg 1196w\" sizes=\"(max-width: 1024px) 100vw, 1024px\" \/><\/figure>\n\n\n\n<p><a><strong>Harmonie ist das Wichtigste in der Welt<\/strong><\/a><strong><\/strong><\/p>\n\n\n\n<p>Mensch und Natur sind eines der wichtigsten Themen in unserem Leben, weil der Mensch ein Teil der Natur ist. Viele Menschen sch\u00e4tzen nicht, was die Natur Ihnen gibt. Der Mensch muss lernen, in Harmonie mit der Natur zu leben, denn die Natur st\u00e4ndig braucht auch die Hilfe und Unterst\u00fctzung, in einer sorgf\u00e4ltigen Einstellung zu ihr. In perfekter Harmonie mit der Natur wird die Seele leicht und frei. In solchen Momenten merkt man, dass die Natur die Hauptrolle in der Existenz aller Lebewesen auf der Erde einnimmt.<br>Ich bin 16 Jahre alt. Seit meiner fr\u00fchen Kindheit lehrte mich meine Mutter, die Welt um mich herum sorgf\u00e4ltig zu behandeln. Ich leiste einen kleinen Beitrag zum Erhalt der Natur. Ich werfe keinen M\u00fcll weg, gie\u00dfe kein Wasser aus dem Wasserhahn, breche keine \u00c4ste und Str\u00e4ucher, rei\u00dfe keine Blumen ab, ruiniere keine Ameisenhaufen und Vogelnester, verschmutze keine Gew\u00e4sser. Dadurch k\u00f6nnen Sie zumindest einen Teil des nat\u00fcrlichen Reichtums erhalten.<br>Man muss die Natur f\u00fcr ihre Perfektion, Sch\u00f6nheit, f\u00fcr ihre Harmonie lieben, denn wenn man sie liebt und sch\u00e4tzt, wird man niemals schaden anrichten.<\/p>\n","protected":false},"excerpt":{"rendered":"<p>Harmonie ist das Wichtigste in der Welt Mensch und Natur sind eines der wichtigsten Themen in unserem Leben, weil der Mensch ein Teil der Natur ist. Viele Menschen sch\u00e4tzen nicht, was die Natur Ihnen gibt. Der Mensch muss lernen, in Harmonie mit der Natur zu leben, denn die Natur st\u00e4ndig braucht auch die Hilfe und [&hellip;]<\/p>\n","protected":false},"author":2,"featured_media":2427,"comment_status":"closed","ping_status":"open","sticky":false,"template":"","format":"standard","meta":[],"categories":[17],"tags":[],"yoast_head":"<!-- This site is optimized with the Yoast SEO plugin v14.9 - https:\/\/yoast.com\/wordpress\/plugins\/seo\/ -->\n<title>Natalia Baglajewa, Jaroslawl - Deutsche Tage in der Region Jaroslawl<\/title>\n<meta name=\"robots\" content=\"index, follow, max-snippet:-1, max-image-preview:large, max-video-preview:-1\" \/>\n<link rel=\"canonical\" href=\"https:\/\/yar.deutschetage.ru\/natalya-baglaeva-yapek\/\" \/>\n<meta property=\"og:locale\" content=\"de_DE\" \/>\n<meta property=\"og:type\" content=\"article\" \/>\n<meta property=\"og:title\" content=\"Natalia Baglajewa, Jaroslawl - Deutsche Tage in der Region Jaroslawl\" \/>\n<meta property=\"og:url\" content=\"https:\/\/yar.deutschetage.ru\/natalya-baglaeva-yapek\/\" \/>\n<meta property=\"og:site_name\" content=\"Deutsche Tage in der Region Jaroslawl\" \/>\n<meta property=\"article:publisher\" content=\"https:\/\/www.facebook.com\/groups\/druzjagermanii\" \/>\n<meta property=\"article:published_time\" content=\"2022-03-15T15:06:22+00:00\" \/>\n<meta property=\"article:modified_time\" content=\"2022-05-26T13:11:18+00:00\" \/>\n<meta property=\"og:image\" content=\"https:\/\/yar.deutschetage.ru\/wp-content\/uploads\/2022\/03\/baglaevan-e1647356771827.jpg\" \/>\n\t<meta property=\"og:image:width\" content=\"1196\" \/>\n\t<meta property=\"og:image:height\" content=\"904\" \/>\n<meta name=\"twitter:card\" content=\"summary_large_image\" \/>\n<script type=\"application\/ld+json\" class=\"yoast-schema-graph\">{\"@context\":\"https:\/\/schema.org\",\"@graph\":[{\"@type\":\"WebSite\",\"@id\":\"https:\/\/yar.deutschetage.ru\/de\/#website\",\"url\":\"https:\/\/yar.deutschetage.ru\/de\/\",\"name\":\"Deutsche Tage in der Region Jaroslawl\",\"description\":\"Wissenschaftliche Fantastik oder fantastische Wissenschaft\",\"potentialAction\":[{\"@type\":\"SearchAction\",\"target\":\"https:\/\/yar.deutschetage.ru\/de\/?s={search_term_string}\",\"query-input\":\"required name=search_term_string\"}],\"inLanguage\":\"de-DE\"},{\"@type\":\"ImageObject\",\"@id\":\"https:\/\/yar.deutschetage.ru\/natalya-baglaeva-yapek\/#primaryimage\",\"inLanguage\":\"de-DE\",\"url\":\"https:\/\/yar.deutschetage.ru\/wp-content\/uploads\/2022\/03\/baglaevan-e1647356771827.jpg\",\"width\":1196,\"height\":904},{\"@type\":\"WebPage\",\"@id\":\"https:\/\/yar.deutschetage.ru\/natalya-baglaeva-yapek\/#webpage\",\"url\":\"https:\/\/yar.deutschetage.ru\/natalya-baglaeva-yapek\/\",\"name\":\"Natalia Baglajewa, Jaroslawl - Deutsche Tage in der Region Jaroslawl\",\"isPartOf\":{\"@id\":\"https:\/\/yar.deutschetage.ru\/de\/#website\"},\"primaryImageOfPage\":{\"@id\":\"https:\/\/yar.deutschetage.ru\/natalya-baglaeva-yapek\/#primaryimage\"},\"datePublished\":\"2022-03-15T15:06:22+00:00\",\"dateModified\":\"2022-05-26T13:11:18+00:00\",\"author\":{\"@id\":\"https:\/\/yar.deutschetage.ru\/de\/#\/schema\/person\/4f39fe90cebbcc93ada07890317ab455\"},\"breadcrumb\":{\"@id\":\"https:\/\/yar.deutschetage.ru\/natalya-baglaeva-yapek\/#breadcrumb\"},\"inLanguage\":\"de-DE\",\"potentialAction\":[{\"@type\":\"ReadAction\",\"target\":[\"https:\/\/yar.deutschetage.ru\/natalya-baglaeva-yapek\/\"]}]},{\"@type\":\"BreadcrumbList\",\"@id\":\"https:\/\/yar.deutschetage.ru\/natalya-baglaeva-yapek\/#breadcrumb\",\"itemListElement\":[{\"@type\":\"ListItem\",\"position\":1,\"item\":{\"@type\":\"WebPage\",\"@id\":\"https:\/\/yar.deutschetage.ru\/\",\"url\":\"https:\/\/yar.deutschetage.ru\/\",\"name\":\"\\u0413\\u043b\\u0430\\u0432\\u043d\\u0430\\u044f\"}},{\"@type\":\"ListItem\",\"position\":2,\"item\":{\"@type\":\"WebPage\",\"@id\":\"https:\/\/yar.deutschetage.ru\/natalya-baglaeva-yapek\/\",\"url\":\"https:\/\/yar.deutschetage.ru\/natalya-baglaeva-yapek\/\",\"name\":\"\\u041d\\u0430\\u0442\\u0430\\u043b\\u044c\\u044f \\u0411\\u0430\\u0433\\u043b\\u0430\\u0435\\u0432\\u0430, \\u042f\\u041f\\u042d\\u041a\"}}]},{\"@type\":\"Person\",\"@id\":\"https:\/\/yar.deutschetage.ru\/de\/#\/schema\/person\/4f39fe90cebbcc93ada07890317ab455\",\"name\":\"\\u0412\\u0430\\u043b\\u0435\\u043d\\u0442\\u0438\\u043d\\u0430\",\"image\":{\"@type\":\"ImageObject\",\"@id\":\"https:\/\/yar.deutschetage.ru\/de\/#personlogo\",\"inLanguage\":\"de-DE\",\"url\":\"https:\/\/secure.gravatar.com\/avatar\/1fe39c6a447b1a4ad661671d48304a9e?s=96&d=mm&r=g\",\"caption\":\"\\u0412\\u0430\\u043b\\u0435\\u043d\\u0442\\u0438\\u043d\\u0430\"}}]}<\/script>\n<!-- \/ Yoast SEO plugin. -->","_links":{"self":[{"href":"https:\/\/yar.deutschetage.ru\/de\/wp-json\/wp\/v2\/posts\/2426"}],"collection":[{"href":"https:\/\/yar.deutschetage.ru\/de\/wp-json\/wp\/v2\/posts"}],"about":[{"href":"https:\/\/yar.deutschetage.ru\/de\/wp-json\/wp\/v2\/types\/post"}],"author":[{"embeddable":true,"href":"https:\/\/yar.deutschetage.ru\/de\/wp-json\/wp\/v2\/users\/2"}],"replies":[{"embeddable":true,"href":"https:\/\/yar.deutschetage.ru\/de\/wp-json\/wp\/v2\/comments?post=2426"}],"version-history":[{"count":2,"href":"https:\/\/yar.deutschetage.ru\/de\/wp-json\/wp\/v2\/posts\/2426\/revisions"}],"predecessor-version":[{"id":2429,"href":"https:\/\/yar.deutschetage.ru\/de\/wp-json\/wp\/v2\/posts\/2426\/revisions\/2429"}],"wp:featuredmedia":[{"embeddable":true,"href":"https:\/\/yar.deutschetage.ru\/de\/wp-json\/wp\/v2\/media\/2427"}],"wp:attachment":[{"href":"https:\/\/yar.deutschetage.ru\/de\/wp-json\/wp\/v2\/media?parent=2426"}],"wp:term":[{"taxonomy":"category","embeddable":true,"href":"https:\/\/yar.deutschetage.ru\/de\/wp-json\/wp\/v2\/categories?post=2426"},{"taxonomy":"post_tag","embeddable":true,"href":"https:\/\/yar.deutschetage.ru\/de\/wp-json\/wp\/v2\/tags?post=2426"}],"curies":[{"name":"wp","href":"https:\/\/api.w.org\/{rel}","templated":true}]}}