{"id":2434,"date":"2022-03-15T15:25:15","date_gmt":"2022-03-15T15:25:15","guid":{"rendered":"https:\/\/yar.deutschetage.ru\/?p=2434"},"modified":"2022-05-26T13:10:18","modified_gmt":"2022-05-26T13:10:18","slug":"nataliya-palshkova-yapek","status":"publish","type":"post","link":"https:\/\/yar.deutschetage.ru\/de\/nataliya-palshkova-yapek\/","title":{"rendered":"Natalia Palschkowa, Jaroslawl"},"content":{"rendered":"\n<figure class=\"wp-block-image size-large\"><img loading=\"lazy\" width=\"1024\" height=\"682\" src=\"https:\/\/yar.deutschetage.ru\/wp-content\/uploads\/2022\/03\/dsc08457-1024x682.jpg\" alt=\"\" class=\"wp-image-2435\" srcset=\"https:\/\/yar.deutschetage.ru\/wp-content\/uploads\/2022\/03\/dsc08457-1024x682.jpg 1024w, https:\/\/yar.deutschetage.ru\/wp-content\/uploads\/2022\/03\/dsc08457-300x200.jpg 300w, https:\/\/yar.deutschetage.ru\/wp-content\/uploads\/2022\/03\/dsc08457-768x511.jpg 768w, https:\/\/yar.deutschetage.ru\/wp-content\/uploads\/2022\/03\/dsc08457.jpg 1323w\" sizes=\"(max-width: 1024px) 100vw, 1024px\" \/><\/figure>\n\n\n\n<p>Die Natur ist alles, was uns umgibt. Das sind Tiere, Pflanzen, Wasser, Himmel und Erde. Wenn wir die Natur nicht sch\u00fctzen und uns um sie k\u00fcmmern, wird sie am Ende sterben und wir haben einfach keinen Platz zum Leben. Die Welt um uns herum spielt in unserem Leben eine gro\u00dfe Rolle: Sie gibt uns Nahrung, Erde, Luft und vieles mehr. All diese Dinge sind miteinander verbunden, und wenn es keine gibt, wird es auch keine andere geben.<\/p>\n\n\n\n<p>Die Anzahl der Umweltprobleme in unserer Zeit ist einfach zu hoch. Dies sind Umweltverschmutzung, das Aussterben bestimmter Arten, die Ersch\u00f6pfung von Mineralressourcen und die W\u00fcstenbildung. Die Menschen verwenden gedankenlos Mineralien, extrahieren \u00d6l und Gas in gro\u00dfen Mengen und wundern sich dann, dass die verbleibenden Reserven nur f\u00fcr ein paar hundert Jahre ausreichen werden.<\/p>\n\n\n\n<p>In einigen L\u00e4ndern sind die Wasservorr\u00e4te kaum ausreichend, in anderen Regionen lassen die Menschen den Wasserhahn eingeschaltet und gie\u00dfen die lebensspendenden Tropfen einfach so aus. Eine gro\u00dfe Anzahl von Fabriken und Fabriken wirkt sich negativ auf die Umwelt aus und verschmutzt sie mit Abf\u00e4llen. Abgase, die von Autos und Z\u00fcgen emittiert werden, sowie Menschen, die gedankenlos Etiketten und Wrapper wegwerfen, wo sie hinkommen, sind auch Faktoren, die zu Umweltproblemen f\u00fchren. Abholzung, Vernichtung und Jagd auf einzelne Tierarten \u2013 das alles verw\u00fcstet die Natur. Und in diesem Tempo wird nichts von ihr \u00fcbrig bleiben.<\/p>\n\n\n\n<p>Um die Natur nicht endg\u00fcltig zu t\u00f6ten, werden auf der ganzen Welt \u00f6kologische Gemeinschaften geschaffen, die die Welt um uns herum sch\u00fctzen. Aber damit die Umweltprobleme weniger werden, m\u00fcssen alle Menschen auf dem Planeten \u00fcber ihre Handlungen nachdenken. Es ist notwendig, das Wasser sorgf\u00e4ltig zu behandeln, Mineralien und Waldressourcen zu sparen, sich um Arten zu k\u00fcmmern, die vom Aussterben bedroht sind. Wenn jeder Mensch mindestens einen kleinen Beitrag zum Schutz der Natur leistet, wird die Welt um uns herum gedeihen und noch viele Jahrhunderte und Generationen bestehen.<\/p>\n","protected":false},"excerpt":{"rendered":"<p>Die Natur ist alles, was uns umgibt. Das sind Tiere, Pflanzen, Wasser, Himmel und Erde. Wenn wir die Natur nicht sch\u00fctzen und uns um sie k\u00fcmmern, wird sie am Ende sterben und wir haben einfach keinen Platz zum Leben. Die Welt um uns herum spielt in unserem Leben eine gro\u00dfe Rolle: Sie gibt uns Nahrung, [&hellip;]<\/p>\n","protected":false},"author":2,"featured_media":2435,"comment_status":"closed","ping_status":"open","sticky":false,"template":"","format":"standard","meta":[],"categories":[17],"tags":[],"yoast_head":"<!-- This site is optimized with the Yoast SEO plugin v14.9 - https:\/\/yoast.com\/wordpress\/plugins\/seo\/ -->\n<title>Natalia Palschkowa, Jaroslawl - Deutsche Tage in der Region Jaroslawl<\/title>\n<meta name=\"robots\" content=\"index, follow, max-snippet:-1, max-image-preview:large, max-video-preview:-1\" \/>\n<link rel=\"canonical\" href=\"https:\/\/yar.deutschetage.ru\/nataliya-palshkova-yapek\/\" \/>\n<meta property=\"og:locale\" content=\"de_DE\" \/>\n<meta property=\"og:type\" content=\"article\" \/>\n<meta property=\"og:title\" content=\"Natalia Palschkowa, Jaroslawl - Deutsche Tage in der Region Jaroslawl\" \/>\n<meta property=\"og:url\" content=\"https:\/\/yar.deutschetage.ru\/nataliya-palshkova-yapek\/\" \/>\n<meta property=\"og:site_name\" content=\"Deutsche Tage in der Region Jaroslawl\" \/>\n<meta property=\"article:publisher\" content=\"https:\/\/www.facebook.com\/groups\/druzjagermanii\" \/>\n<meta property=\"article:published_time\" content=\"2022-03-15T15:25:15+00:00\" \/>\n<meta property=\"article:modified_time\" content=\"2022-05-26T13:10:18+00:00\" \/>\n<meta property=\"og:image\" content=\"https:\/\/yar.deutschetage.ru\/wp-content\/uploads\/2022\/03\/dsc08457.jpg\" \/>\n\t<meta property=\"og:image:width\" content=\"1323\" \/>\n\t<meta property=\"og:image:height\" content=\"881\" \/>\n<meta name=\"twitter:card\" content=\"summary_large_image\" \/>\n<script type=\"application\/ld+json\" class=\"yoast-schema-graph\">{\"@context\":\"https:\/\/schema.org\",\"@graph\":[{\"@type\":\"WebSite\",\"@id\":\"https:\/\/yar.deutschetage.ru\/de\/#website\",\"url\":\"https:\/\/yar.deutschetage.ru\/de\/\",\"name\":\"Deutsche Tage in der Region Jaroslawl\",\"description\":\"Wissenschaftliche Fantastik oder fantastische Wissenschaft\",\"potentialAction\":[{\"@type\":\"SearchAction\",\"target\":\"https:\/\/yar.deutschetage.ru\/de\/?s={search_term_string}\",\"query-input\":\"required name=search_term_string\"}],\"inLanguage\":\"de-DE\"},{\"@type\":\"ImageObject\",\"@id\":\"https:\/\/yar.deutschetage.ru\/nataliya-palshkova-yapek\/#primaryimage\",\"inLanguage\":\"de-DE\",\"url\":\"https:\/\/yar.deutschetage.ru\/wp-content\/uploads\/2022\/03\/dsc08457.jpg\",\"width\":1323,\"height\":881},{\"@type\":\"WebPage\",\"@id\":\"https:\/\/yar.deutschetage.ru\/nataliya-palshkova-yapek\/#webpage\",\"url\":\"https:\/\/yar.deutschetage.ru\/nataliya-palshkova-yapek\/\",\"name\":\"Natalia Palschkowa, Jaroslawl - Deutsche Tage in der Region Jaroslawl\",\"isPartOf\":{\"@id\":\"https:\/\/yar.deutschetage.ru\/de\/#website\"},\"primaryImageOfPage\":{\"@id\":\"https:\/\/yar.deutschetage.ru\/nataliya-palshkova-yapek\/#primaryimage\"},\"datePublished\":\"2022-03-15T15:25:15+00:00\",\"dateModified\":\"2022-05-26T13:10:18+00:00\",\"author\":{\"@id\":\"https:\/\/yar.deutschetage.ru\/de\/#\/schema\/person\/4f39fe90cebbcc93ada07890317ab455\"},\"breadcrumb\":{\"@id\":\"https:\/\/yar.deutschetage.ru\/nataliya-palshkova-yapek\/#breadcrumb\"},\"inLanguage\":\"de-DE\",\"potentialAction\":[{\"@type\":\"ReadAction\",\"target\":[\"https:\/\/yar.deutschetage.ru\/nataliya-palshkova-yapek\/\"]}]},{\"@type\":\"BreadcrumbList\",\"@id\":\"https:\/\/yar.deutschetage.ru\/nataliya-palshkova-yapek\/#breadcrumb\",\"itemListElement\":[{\"@type\":\"ListItem\",\"position\":1,\"item\":{\"@type\":\"WebPage\",\"@id\":\"https:\/\/yar.deutschetage.ru\/\",\"url\":\"https:\/\/yar.deutschetage.ru\/\",\"name\":\"\\u0413\\u043b\\u0430\\u0432\\u043d\\u0430\\u044f\"}},{\"@type\":\"ListItem\",\"position\":2,\"item\":{\"@type\":\"WebPage\",\"@id\":\"https:\/\/yar.deutschetage.ru\/nataliya-palshkova-yapek\/\",\"url\":\"https:\/\/yar.deutschetage.ru\/nataliya-palshkova-yapek\/\",\"name\":\"\\u041d\\u0430\\u0442\\u0430\\u043b\\u044c\\u044f \\u041f\\u0430\\u043b\\u0448\\u043a\\u043e\\u0432\\u0430, \\u042f\\u041f\\u042d\\u041a\"}}]},{\"@type\":\"Person\",\"@id\":\"https:\/\/yar.deutschetage.ru\/de\/#\/schema\/person\/4f39fe90cebbcc93ada07890317ab455\",\"name\":\"\\u0412\\u0430\\u043b\\u0435\\u043d\\u0442\\u0438\\u043d\\u0430\",\"image\":{\"@type\":\"ImageObject\",\"@id\":\"https:\/\/yar.deutschetage.ru\/de\/#personlogo\",\"inLanguage\":\"de-DE\",\"url\":\"https:\/\/secure.gravatar.com\/avatar\/1fe39c6a447b1a4ad661671d48304a9e?s=96&d=mm&r=g\",\"caption\":\"\\u0412\\u0430\\u043b\\u0435\\u043d\\u0442\\u0438\\u043d\\u0430\"}}]}<\/script>\n<!-- \/ Yoast SEO plugin. -->","_links":{"self":[{"href":"https:\/\/yar.deutschetage.ru\/de\/wp-json\/wp\/v2\/posts\/2434"}],"collection":[{"href":"https:\/\/yar.deutschetage.ru\/de\/wp-json\/wp\/v2\/posts"}],"about":[{"href":"https:\/\/yar.deutschetage.ru\/de\/wp-json\/wp\/v2\/types\/post"}],"author":[{"embeddable":true,"href":"https:\/\/yar.deutschetage.ru\/de\/wp-json\/wp\/v2\/users\/2"}],"replies":[{"embeddable":true,"href":"https:\/\/yar.deutschetage.ru\/de\/wp-json\/wp\/v2\/comments?post=2434"}],"version-history":[{"count":3,"href":"https:\/\/yar.deutschetage.ru\/de\/wp-json\/wp\/v2\/posts\/2434\/revisions"}],"predecessor-version":[{"id":2438,"href":"https:\/\/yar.deutschetage.ru\/de\/wp-json\/wp\/v2\/posts\/2434\/revisions\/2438"}],"wp:featuredmedia":[{"embeddable":true,"href":"https:\/\/yar.deutschetage.ru\/de\/wp-json\/wp\/v2\/media\/2435"}],"wp:attachment":[{"href":"https:\/\/yar.deutschetage.ru\/de\/wp-json\/wp\/v2\/media?parent=2434"}],"wp:term":[{"taxonomy":"category","embeddable":true,"href":"https:\/\/yar.deutschetage.ru\/de\/wp-json\/wp\/v2\/categories?post=2434"},{"taxonomy":"post_tag","embeddable":true,"href":"https:\/\/yar.deutschetage.ru\/de\/wp-json\/wp\/v2\/tags?post=2434"}],"curies":[{"name":"wp","href":"https:\/\/api.w.org\/{rel}","templated":true}]}}