{"id":2501,"date":"2022-05-26T12:58:16","date_gmt":"2022-05-26T12:58:16","guid":{"rendered":"https:\/\/yar.deutschetage.ru\/?p=2501"},"modified":"2022-09-12T09:05:44","modified_gmt":"2022-09-12T09:05:44","slug":"15-sentyabrya-15-dekabrya-osennyaya-programma","status":"publish","type":"post","link":"https:\/\/yar.deutschetage.ru\/de\/15-sentyabrya-15-dekabrya-osennyaya-programma\/","title":{"rendered":"15.September &#8211; 15.November  &#8211; Herbstprogramm"},"content":{"rendered":"\n<p class=\"has-text-align-center\"><strong><span class=\"has-inline-color has-vivid-purple-color\">GOLDENE ZEIT DER EUROP\u00c4ISCHEN ROMANTIK <\/span><\/strong><\/p>\n\n\n\n<p class=\"has-text-align-center\"><strong><span class=\"has-inline-color has-vivid-purple-color\">AUF DER KARTE VON  JAROSLAWL<\/span><\/strong><\/p>\n\n\n\n<figure class=\"wp-block-gallery columns-3 is-cropped\"><ul class=\"blocks-gallery-grid\"><li class=\"blocks-gallery-item\"><figure><img loading=\"lazy\" width=\"240\" height=\"400\" src=\"https:\/\/yar.deutschetage.ru\/wp-content\/uploads\/2022\/05\/heine-2.jpeg\" alt=\"\" data-id=\"2508\" data-full-url=\"https:\/\/yar.deutschetage.ru\/wp-content\/uploads\/2022\/05\/heine-2.jpeg\" data-link=\"https:\/\/yar.deutschetage.ru\/15-sentyabrya-15-dekabrya-osennyaya-programma\/heine-2\/\" class=\"wp-image-2508\" srcset=\"https:\/\/yar.deutschetage.ru\/wp-content\/uploads\/2022\/05\/heine-2.jpeg 240w, https:\/\/yar.deutschetage.ru\/wp-content\/uploads\/2022\/05\/heine-2-180x300.jpeg 180w\" sizes=\"(max-width: 240px) 100vw, 240px\" \/><\/figure><\/li><li class=\"blocks-gallery-item\"><figure><img loading=\"lazy\" width=\"194\" height=\"259\" src=\"https:\/\/yar.deutschetage.ru\/wp-content\/uploads\/2022\/05\/lermontov.jpeg\" alt=\"\" data-id=\"2505\" data-full-url=\"https:\/\/yar.deutschetage.ru\/wp-content\/uploads\/2022\/05\/lermontov.jpeg\" data-link=\"https:\/\/yar.deutschetage.ru\/15-sentyabrya-15-dekabrya-osennyaya-programma\/lermontov\/\" class=\"wp-image-2505\"\/><\/figure><\/li><li class=\"blocks-gallery-item\"><figure><img loading=\"lazy\" width=\"820\" height=\"1024\" src=\"https:\/\/yar.deutschetage.ru\/wp-content\/uploads\/2022\/05\/hugo75-820x1024.jpeg\" alt=\"\" data-id=\"2506\" data-full-url=\"https:\/\/yar.deutschetage.ru\/wp-content\/uploads\/2022\/05\/hugo75.jpeg\" data-link=\"https:\/\/yar.deutschetage.ru\/15-sentyabrya-15-dekabrya-osennyaya-programma\/hugo75\/\" class=\"wp-image-2506\" srcset=\"https:\/\/yar.deutschetage.ru\/wp-content\/uploads\/2022\/05\/hugo75-820x1024.jpeg 820w, https:\/\/yar.deutschetage.ru\/wp-content\/uploads\/2022\/05\/hugo75-240x300.jpeg 240w, https:\/\/yar.deutschetage.ru\/wp-content\/uploads\/2022\/05\/hugo75-768x959.jpeg 768w, https:\/\/yar.deutschetage.ru\/wp-content\/uploads\/2022\/05\/hugo75.jpeg 950w\" sizes=\"(max-width: 820px) 100vw, 820px\" \/><\/figure><\/li><\/ul><\/figure>\n\n\n\n<p>Das Herbstprogramm \u201eDie goldene Zeit der europ\u00e4ischen Romantik auf der Karte von Jaroslawl\u201c ist eine Fortsetzung des \u00f6ffentlichen Programms \u201eDialog der Epochen, Dialog der Kulturen\u201c, das wir im Rahmen des Festivals \u201eDeutsche Tage in der Region Jaroslawl 2021\u201c er\u00f6ffnet haben.<\/p>\n\n\n\n<p>Die Autoren des Programms standen vor einer dringenden Frage: Wie kann man das Publikum f\u00fcr die nationale Geschichte und eine interessierte Auseinandersetzung mit der eigenen nationalen Identit\u00e4t gewinnen? Diese Frage ist im Jahr des immateriellen Kulturerbes  Russlands umso relevanter.<\/p>\n\n\n\n<p>Der gew\u00e4hlte Weg zur Erreichung des Ziels besteht darin, die reichste Quelle an Ideen und Mechanismen der Romantik als kulturelle Str\u00f6mung in der Geschichte dreier L\u00e4nder &#8211; Russland, Deutschland und Frankreich &#8211; zu nutzen, um den Zuschauer (Zuh\u00f6rer), meist junge, anzuziehen Welterkenntnis und Selbsterkenntnis. Die Ideen der nationalen Identit\u00e4t stehen im Mittelpunkt der Arbeit der Romantiker, sie sind auch zum Hauptthema auf der aktuellen Agenda unseres Landes geworden, so dass die Untersuchung der Mechanismen, die die Romantiker vor 200 Jahren verwendeten, als Ausgangspunkt f\u00fcr die dienen wird Bildung eines besonderen Publikumsinteresses an nationaler Geschichte.<\/p>\n\n\n\n<p><strong><span class=\"has-inline-color has-vivid-purple-color\">ZIELE UND AUFGABEN DES PROJEKTS:<\/span><\/strong><\/p>\n\n\n\n<p>F\u00f6rderung der Popularisierung des Wissens \u00fcber die Romantik als kulturelle Str\u00f6mung in der Geschichte Russlands, Deutschlands und Frankreichs durch das Prisma ihres gesellschaftspolitischen Einflusses auf die nationale Geschichte. Tragen Sie zur Bildung des Wunsches bei, die Geschichte ihres Volkes zu lernen und stolz auf ihre Erfolge zu sein.<\/p>\n\n\n\n<p>Gleichzeitig werden folgende kulturelle und p\u00e4dagogische Aufgaben gel\u00f6st:<\/p>\n\n\n\n<p>\u2013 dem Publikum k\u00fcnstlerische Bilder zu pr\u00e4sentieren, die von romantischen Meistern geschaffen wurden, um sich selbst zu verstehen, Harmonie zu erreichen, die pers\u00f6nliche und soziale Stabilit\u00e4t verleiht;<\/p>\n\n\n\n<p>&#8211;  durch die Bekanntschaft mit den besten k\u00fcnstlerischen Beispielen die Kultur der individuellen, wirksamen Verhaltensweisen in der Gesellschaft zu erziehen;<\/p>\n\n\n\n<p>\u2013 Erforschung der Philosophie der Romantik, Verteidigung der humanistischen Natur der modernen Gesellschaft, des Wunsches nach Frieden, Freundlichkeit und gegenseitigem Verst\u00e4ndnis der V\u00f6lker.<\/p>\n\n\n\n<p><strong><span class=\"has-inline-color has-vivid-purple-color\">VERANSTALTUNGPLAN:<\/span><\/strong><\/p>\n\n\n\n<p>Der Veranstaltungsplan des Projekts besteht aus zwei Routen:<\/p>\n\n\n\n<p>\u2014 Die deutsche Route basiert auf dem Programm &#8222;Tage der deutschen Sprache und deutschen Kultur&#8220; gewidmet dem  deutschen Romantiker H. Heine;<\/p>\n\n\n\n<p>\u2013 Die franz\u00f6sische Route f\u00fchrt die Teilnehmer durch die Seiten der Werke von V. Hugo, A. Dumas, A. de Musset.<\/p>\n\n\n\n<p>Das Gesamtprogramm ist so gestaltet, dass die Teilnehmer viele wichtige kulturelle und touristische Sehensw\u00fcrdigkeiten der Stadt Jaroslawl besuchen und sich ein Bild  in der Romantik des 19. Jahrhunderts machen k\u00f6nnen.<\/p>\n\n\n\n<figure class=\"wp-block-image size-large\"><img loading=\"lazy\" width=\"800\" height=\"600\" src=\"https:\/\/yar.deutschetage.ru\/wp-content\/uploads\/2022\/05\/kopiya-yaroslavl-foto.jpeg\" alt=\"\" class=\"wp-image-2512\" srcset=\"https:\/\/yar.deutschetage.ru\/wp-content\/uploads\/2022\/05\/kopiya-yaroslavl-foto.jpeg 800w, https:\/\/yar.deutschetage.ru\/wp-content\/uploads\/2022\/05\/kopiya-yaroslavl-foto-300x225.jpeg 300w, https:\/\/yar.deutschetage.ru\/wp-content\/uploads\/2022\/05\/kopiya-yaroslavl-foto-768x576.jpeg 768w\" sizes=\"(max-width: 800px) 100vw, 800px\" \/><figcaption>Processed with VSCO with c3 preset<\/figcaption><\/figure>\n\n\n\n<p><\/p>\n","protected":false},"excerpt":{"rendered":"<p>GOLDENE ZEIT DER EUROP\u00c4ISCHEN ROMANTIK AUF DER KARTE VON JAROSLAWL Das Herbstprogramm \u201eDie goldene Zeit der europ\u00e4ischen Romantik auf der Karte von Jaroslawl\u201c ist eine Fortsetzung des \u00f6ffentlichen Programms \u201eDialog der Epochen, Dialog der Kulturen\u201c, das wir im Rahmen des Festivals \u201eDeutsche Tage in der Region Jaroslawl 2021\u201c er\u00f6ffnet haben. Die Autoren des Programms standen [&hellip;]<\/p>\n","protected":false},"author":2,"featured_media":2512,"comment_status":"closed","ping_status":"open","sticky":false,"template":"","format":"standard","meta":[],"categories":[15],"tags":[],"yoast_head":"<!-- This site is optimized with the Yoast SEO plugin v14.9 - https:\/\/yoast.com\/wordpress\/plugins\/seo\/ -->\n<title>15.September - 15.November - Herbstprogramm - Deutsche Tage in der Region Jaroslawl<\/title>\n<meta name=\"robots\" content=\"index, follow, max-snippet:-1, max-image-preview:large, max-video-preview:-1\" \/>\n<link rel=\"canonical\" href=\"https:\/\/yar.deutschetage.ru\/15-sentyabrya-15-dekabrya-osennyaya-programma\/\" \/>\n<meta property=\"og:locale\" content=\"de_DE\" \/>\n<meta property=\"og:type\" content=\"article\" \/>\n<meta property=\"og:title\" content=\"15.September - 15.November - Herbstprogramm - Deutsche Tage in der Region Jaroslawl\" \/>\n<meta property=\"og:url\" content=\"https:\/\/yar.deutschetage.ru\/15-sentyabrya-15-dekabrya-osennyaya-programma\/\" \/>\n<meta property=\"og:site_name\" content=\"Deutsche Tage in der Region Jaroslawl\" \/>\n<meta property=\"article:publisher\" content=\"https:\/\/www.facebook.com\/groups\/druzjagermanii\" \/>\n<meta property=\"article:published_time\" content=\"2022-05-26T12:58:16+00:00\" \/>\n<meta property=\"article:modified_time\" content=\"2022-09-12T09:05:44+00:00\" \/>\n<meta property=\"og:image\" content=\"https:\/\/yar.deutschetage.ru\/wp-content\/uploads\/2022\/05\/kopiya-yaroslavl-foto.jpeg\" \/>\n\t<meta property=\"og:image:width\" content=\"800\" \/>\n\t<meta property=\"og:image:height\" content=\"600\" \/>\n<meta name=\"twitter:card\" content=\"summary_large_image\" \/>\n<script type=\"application\/ld+json\" class=\"yoast-schema-graph\">{\"@context\":\"https:\/\/schema.org\",\"@graph\":[{\"@type\":\"WebSite\",\"@id\":\"https:\/\/yar.deutschetage.ru\/de\/#website\",\"url\":\"https:\/\/yar.deutschetage.ru\/de\/\",\"name\":\"Deutsche Tage in der Region Jaroslawl\",\"description\":\"Wissenschaftliche Fantastik oder fantastische Wissenschaft\",\"potentialAction\":[{\"@type\":\"SearchAction\",\"target\":\"https:\/\/yar.deutschetage.ru\/de\/?s={search_term_string}\",\"query-input\":\"required name=search_term_string\"}],\"inLanguage\":\"de-DE\"},{\"@type\":\"ImageObject\",\"@id\":\"https:\/\/yar.deutschetage.ru\/15-sentyabrya-15-dekabrya-osennyaya-programma\/#primaryimage\",\"inLanguage\":\"de-DE\",\"url\":\"https:\/\/yar.deutschetage.ru\/wp-content\/uploads\/2022\/05\/kopiya-yaroslavl-foto.jpeg\",\"width\":800,\"height\":600,\"caption\":\"Processed with VSCO with c3 preset\"},{\"@type\":\"WebPage\",\"@id\":\"https:\/\/yar.deutschetage.ru\/15-sentyabrya-15-dekabrya-osennyaya-programma\/#webpage\",\"url\":\"https:\/\/yar.deutschetage.ru\/15-sentyabrya-15-dekabrya-osennyaya-programma\/\",\"name\":\"15.September - 15.November - Herbstprogramm - Deutsche Tage in der Region Jaroslawl\",\"isPartOf\":{\"@id\":\"https:\/\/yar.deutschetage.ru\/de\/#website\"},\"primaryImageOfPage\":{\"@id\":\"https:\/\/yar.deutschetage.ru\/15-sentyabrya-15-dekabrya-osennyaya-programma\/#primaryimage\"},\"datePublished\":\"2022-05-26T12:58:16+00:00\",\"dateModified\":\"2022-09-12T09:05:44+00:00\",\"author\":{\"@id\":\"https:\/\/yar.deutschetage.ru\/de\/#\/schema\/person\/4f39fe90cebbcc93ada07890317ab455\"},\"breadcrumb\":{\"@id\":\"https:\/\/yar.deutschetage.ru\/15-sentyabrya-15-dekabrya-osennyaya-programma\/#breadcrumb\"},\"inLanguage\":\"de-DE\",\"potentialAction\":[{\"@type\":\"ReadAction\",\"target\":[\"https:\/\/yar.deutschetage.ru\/15-sentyabrya-15-dekabrya-osennyaya-programma\/\"]}]},{\"@type\":\"BreadcrumbList\",\"@id\":\"https:\/\/yar.deutschetage.ru\/15-sentyabrya-15-dekabrya-osennyaya-programma\/#breadcrumb\",\"itemListElement\":[{\"@type\":\"ListItem\",\"position\":1,\"item\":{\"@type\":\"WebPage\",\"@id\":\"https:\/\/yar.deutschetage.ru\/\",\"url\":\"https:\/\/yar.deutschetage.ru\/\",\"name\":\"\\u0413\\u043b\\u0430\\u0432\\u043d\\u0430\\u044f\"}},{\"@type\":\"ListItem\",\"position\":2,\"item\":{\"@type\":\"WebPage\",\"@id\":\"https:\/\/yar.deutschetage.ru\/15-sentyabrya-15-dekabrya-osennyaya-programma\/\",\"url\":\"https:\/\/yar.deutschetage.ru\/15-sentyabrya-15-dekabrya-osennyaya-programma\/\",\"name\":\"15 \\u0441\\u0435\\u043d\\u0442\\u044f\\u0431\\u0440\\u044f &#8212; 15 \\u0434\\u0435\\u043a\\u0430\\u0431\\u0440\\u044f: \\u041e\\u0441\\u0435\\u043d\\u043d\\u044f\\u044f \\u043f\\u0440\\u043e\\u0433\\u0440\\u0430\\u043c\\u043c\\u0430\"}}]},{\"@type\":\"Person\",\"@id\":\"https:\/\/yar.deutschetage.ru\/de\/#\/schema\/person\/4f39fe90cebbcc93ada07890317ab455\",\"name\":\"\\u0412\\u0430\\u043b\\u0435\\u043d\\u0442\\u0438\\u043d\\u0430\",\"image\":{\"@type\":\"ImageObject\",\"@id\":\"https:\/\/yar.deutschetage.ru\/de\/#personlogo\",\"inLanguage\":\"de-DE\",\"url\":\"https:\/\/secure.gravatar.com\/avatar\/1fe39c6a447b1a4ad661671d48304a9e?s=96&d=mm&r=g\",\"caption\":\"\\u0412\\u0430\\u043b\\u0435\\u043d\\u0442\\u0438\\u043d\\u0430\"}}]}<\/script>\n<!-- \/ Yoast SEO plugin. -->","_links":{"self":[{"href":"https:\/\/yar.deutschetage.ru\/de\/wp-json\/wp\/v2\/posts\/2501"}],"collection":[{"href":"https:\/\/yar.deutschetage.ru\/de\/wp-json\/wp\/v2\/posts"}],"about":[{"href":"https:\/\/yar.deutschetage.ru\/de\/wp-json\/wp\/v2\/types\/post"}],"author":[{"embeddable":true,"href":"https:\/\/yar.deutschetage.ru\/de\/wp-json\/wp\/v2\/users\/2"}],"replies":[{"embeddable":true,"href":"https:\/\/yar.deutschetage.ru\/de\/wp-json\/wp\/v2\/comments?post=2501"}],"version-history":[{"count":4,"href":"https:\/\/yar.deutschetage.ru\/de\/wp-json\/wp\/v2\/posts\/2501\/revisions"}],"predecessor-version":[{"id":2529,"href":"https:\/\/yar.deutschetage.ru\/de\/wp-json\/wp\/v2\/posts\/2501\/revisions\/2529"}],"wp:featuredmedia":[{"embeddable":true,"href":"https:\/\/yar.deutschetage.ru\/de\/wp-json\/wp\/v2\/media\/2512"}],"wp:attachment":[{"href":"https:\/\/yar.deutschetage.ru\/de\/wp-json\/wp\/v2\/media?parent=2501"}],"wp:term":[{"taxonomy":"category","embeddable":true,"href":"https:\/\/yar.deutschetage.ru\/de\/wp-json\/wp\/v2\/categories?post=2501"},{"taxonomy":"post_tag","embeddable":true,"href":"https:\/\/yar.deutschetage.ru\/de\/wp-json\/wp\/v2\/tags?post=2501"}],"curies":[{"name":"wp","href":"https:\/\/api.w.org\/{rel}","templated":true}]}}