{"id":2518,"date":"2022-09-12T07:45:27","date_gmt":"2022-09-12T07:45:27","guid":{"rendered":"https:\/\/yar.deutschetage.ru\/?p=2518"},"modified":"2022-11-18T09:31:22","modified_gmt":"2022-11-18T09:31:22","slug":"10-oktyabrya-otkrytie-osennego-sezona","status":"publish","type":"post","link":"https:\/\/yar.deutschetage.ru\/de\/10-oktyabrya-otkrytie-osennego-sezona\/","title":{"rendered":"10.Oktober &#8211; Start der Herbstsaison"},"content":{"rendered":"\n<figure class=\"wp-block-image size-large\"><img loading=\"lazy\" width=\"1024\" height=\"768\" src=\"https:\/\/yar.deutschetage.ru\/wp-content\/uploads\/2022\/09\/255982431_4461365183984197_1045817156844397328_n-1024x768.jpeg\" alt=\"\" class=\"wp-image-2520\" srcset=\"https:\/\/yar.deutschetage.ru\/wp-content\/uploads\/2022\/09\/255982431_4461365183984197_1045817156844397328_n-1024x768.jpeg 1024w, https:\/\/yar.deutschetage.ru\/wp-content\/uploads\/2022\/09\/255982431_4461365183984197_1045817156844397328_n-300x225.jpeg 300w, https:\/\/yar.deutschetage.ru\/wp-content\/uploads\/2022\/09\/255982431_4461365183984197_1045817156844397328_n-768x576.jpeg 768w, https:\/\/yar.deutschetage.ru\/wp-content\/uploads\/2022\/09\/255982431_4461365183984197_1045817156844397328_n-1536x1152.jpeg 1536w, https:\/\/yar.deutschetage.ru\/wp-content\/uploads\/2022\/09\/255982431_4461365183984197_1045817156844397328_n.jpeg 1984w\" sizes=\"(max-width: 1024px) 100vw, 1024px\" \/><\/figure>\n\n\n\n<p>Wir bieten Ihnen das Programm der Herbstsaison des Festivals der deutschen Sprache und deutschen Kultur.<\/p>\n\n\n\n<p><strong>Das Programm ist eine Fortsetzung des 2021-Projekts \u201eDialog der Kulturen, Dialog der Epochen\u201c und widmet sich der deutschen Romantik des 19. Jahrhunderts und ihrer Reflexion in der russischen Kultur.<\/strong><\/p>\n\n\n\n<p>Im Mittelpunkt des Programms steht das Werk des deutschen Lyrikers und Denkers Heinrich Heine. Mehrere Veranstaltungen widmen sich seinem Leben und Werk: Literaturlesungen, Kreativwettbewerbe und Quizze. Dabei kommt das Programm nicht an den von unseren Teilnehmern so geliebten deutschen M\u00e4rchen vorbei. Im Rahmen des Programms findet der Kost\u00fcmwettbewerb \u201eCosplay\u201c statt, der erstmals 2021 an den Spielorten des Festivals Deutsche Sprache und Deutsche Kultur durchgef\u00fchrt wurde und auf gro\u00dfes Interesse bei Teilnehmern und Zuschauern stie\u00df.<\/p>\n\n\n\n<p><strong>Das Festival wird in Zusammenarbeit mit folgenden Organisationen vorbereitet und durchgef\u00fchrt:<\/strong><\/p>\n\n\n\n<p>\u2014 Regionale \u00f6ffentliche Organisation Jaroslawl \u201eVerein der russisch-deutsch-franz\u00f6sischen Freundschaft\u201c<\/p>\n\n\n\n<p>\u2014 Jaroslawl Regionale Wissenschaftliche Nekrassow-Bibliothek <\/p>\n\n\n\n<p>\u2014 Pastukhov-Berufsschule Jaroslawl f\u00fcr Industrie und Wirtschafts<\/p>\n\n\n\n<p>\u2014 Waldorfschule  Jaroslawl<\/p>\n\n\n\n<p>\u2013 Puschkin-Schule Jaroslawl<\/p>\n\n\n\n<p>\u2013 Schule Nr. 52 Jaroslawl<\/p>\n\n\n\n<p>\u2013 Schule Nr. 18 Jaroslawl<\/p>\n\n\n\n<p>Folgen Sie unseren Ank\u00fcndigungen und wir erwarten Sie auf unseren Seiten!<\/p>\n\n\n\n<div class=\"wp-block-file\"><a href=\"https:\/\/yar.deutschetage.ru\/wp-content\/uploads\/2022\/11\/programm-dttage-2022-deu.pdf\">Programm DtTage 2022 deu<\/a><a href=\"https:\/\/yar.deutschetage.ru\/wp-content\/uploads\/2022\/11\/programm-dttage-2022-deu.pdf\" class=\"wp-block-file__button\" download>Download<\/a><\/div>\n","protected":false},"excerpt":{"rendered":"<p>Wir bieten Ihnen das Programm der Herbstsaison des Festivals der deutschen Sprache und deutschen Kultur. Das Programm ist eine Fortsetzung des 2021-Projekts \u201eDialog der Kulturen, Dialog der Epochen\u201c und widmet sich der deutschen Romantik des 19. Jahrhunderts und ihrer Reflexion in der russischen Kultur. Im Mittelpunkt des Programms steht das Werk des deutschen Lyrikers und [&hellip;]<\/p>\n","protected":false},"author":2,"featured_media":2520,"comment_status":"closed","ping_status":"open","sticky":false,"template":"","format":"standard","meta":[],"categories":[15],"tags":[],"yoast_head":"<!-- This site is optimized with the Yoast SEO plugin v14.9 - https:\/\/yoast.com\/wordpress\/plugins\/seo\/ -->\n<title>10.Oktober - Start der Herbstsaison - Deutsche Tage in der Region Jaroslawl<\/title>\n<meta name=\"robots\" content=\"index, follow, max-snippet:-1, max-image-preview:large, max-video-preview:-1\" \/>\n<link rel=\"canonical\" href=\"https:\/\/yar.deutschetage.ru\/10-oktyabrya-otkrytie-osennego-sezona\/\" \/>\n<meta property=\"og:locale\" content=\"de_DE\" \/>\n<meta property=\"og:type\" content=\"article\" \/>\n<meta property=\"og:title\" content=\"10.Oktober - Start der Herbstsaison - Deutsche Tage in der Region Jaroslawl\" \/>\n<meta property=\"og:url\" content=\"https:\/\/yar.deutschetage.ru\/10-oktyabrya-otkrytie-osennego-sezona\/\" \/>\n<meta property=\"og:site_name\" content=\"Deutsche Tage in der Region Jaroslawl\" \/>\n<meta property=\"article:publisher\" content=\"https:\/\/www.facebook.com\/groups\/druzjagermanii\" \/>\n<meta property=\"article:published_time\" content=\"2022-09-12T07:45:27+00:00\" \/>\n<meta property=\"article:modified_time\" content=\"2022-11-18T09:31:22+00:00\" \/>\n<meta property=\"og:image\" content=\"https:\/\/yar.deutschetage.ru\/wp-content\/uploads\/2022\/09\/255982431_4461365183984197_1045817156844397328_n.jpeg\" \/>\n\t<meta property=\"og:image:width\" content=\"1984\" \/>\n\t<meta property=\"og:image:height\" content=\"1488\" \/>\n<meta name=\"twitter:card\" content=\"summary_large_image\" \/>\n<script type=\"application\/ld+json\" class=\"yoast-schema-graph\">{\"@context\":\"https:\/\/schema.org\",\"@graph\":[{\"@type\":\"WebSite\",\"@id\":\"https:\/\/yar.deutschetage.ru\/de\/#website\",\"url\":\"https:\/\/yar.deutschetage.ru\/de\/\",\"name\":\"Deutsche Tage in der Region Jaroslawl\",\"description\":\"Wissenschaftliche Fantastik oder fantastische Wissenschaft\",\"potentialAction\":[{\"@type\":\"SearchAction\",\"target\":\"https:\/\/yar.deutschetage.ru\/de\/?s={search_term_string}\",\"query-input\":\"required name=search_term_string\"}],\"inLanguage\":\"de-DE\"},{\"@type\":\"ImageObject\",\"@id\":\"https:\/\/yar.deutschetage.ru\/10-oktyabrya-otkrytie-osennego-sezona\/#primaryimage\",\"inLanguage\":\"de-DE\",\"url\":\"https:\/\/yar.deutschetage.ru\/wp-content\/uploads\/2022\/09\/255982431_4461365183984197_1045817156844397328_n.jpeg\",\"width\":1984,\"height\":1488},{\"@type\":\"WebPage\",\"@id\":\"https:\/\/yar.deutschetage.ru\/10-oktyabrya-otkrytie-osennego-sezona\/#webpage\",\"url\":\"https:\/\/yar.deutschetage.ru\/10-oktyabrya-otkrytie-osennego-sezona\/\",\"name\":\"10.Oktober - Start der Herbstsaison - Deutsche Tage in der Region Jaroslawl\",\"isPartOf\":{\"@id\":\"https:\/\/yar.deutschetage.ru\/de\/#website\"},\"primaryImageOfPage\":{\"@id\":\"https:\/\/yar.deutschetage.ru\/10-oktyabrya-otkrytie-osennego-sezona\/#primaryimage\"},\"datePublished\":\"2022-09-12T07:45:27+00:00\",\"dateModified\":\"2022-11-18T09:31:22+00:00\",\"author\":{\"@id\":\"https:\/\/yar.deutschetage.ru\/de\/#\/schema\/person\/4f39fe90cebbcc93ada07890317ab455\"},\"breadcrumb\":{\"@id\":\"https:\/\/yar.deutschetage.ru\/10-oktyabrya-otkrytie-osennego-sezona\/#breadcrumb\"},\"inLanguage\":\"de-DE\",\"potentialAction\":[{\"@type\":\"ReadAction\",\"target\":[\"https:\/\/yar.deutschetage.ru\/10-oktyabrya-otkrytie-osennego-sezona\/\"]}]},{\"@type\":\"BreadcrumbList\",\"@id\":\"https:\/\/yar.deutschetage.ru\/10-oktyabrya-otkrytie-osennego-sezona\/#breadcrumb\",\"itemListElement\":[{\"@type\":\"ListItem\",\"position\":1,\"item\":{\"@type\":\"WebPage\",\"@id\":\"https:\/\/yar.deutschetage.ru\/\",\"url\":\"https:\/\/yar.deutschetage.ru\/\",\"name\":\"\\u0413\\u043b\\u0430\\u0432\\u043d\\u0430\\u044f\"}},{\"@type\":\"ListItem\",\"position\":2,\"item\":{\"@type\":\"WebPage\",\"@id\":\"https:\/\/yar.deutschetage.ru\/10-oktyabrya-otkrytie-osennego-sezona\/\",\"url\":\"https:\/\/yar.deutschetage.ru\/10-oktyabrya-otkrytie-osennego-sezona\/\",\"name\":\"10 \\u043e\\u043a\\u0442\\u044f\\u0431\\u0440\\u044f &#8212; \\u041e\\u0442\\u043a\\u0440\\u044b\\u0442\\u0438\\u0435 \\u043e\\u0441\\u0435\\u043d\\u043d\\u0435\\u0433\\u043e \\u0441\\u0435\\u0437\\u043e\\u043d\\u0430\"}}]},{\"@type\":\"Person\",\"@id\":\"https:\/\/yar.deutschetage.ru\/de\/#\/schema\/person\/4f39fe90cebbcc93ada07890317ab455\",\"name\":\"\\u0412\\u0430\\u043b\\u0435\\u043d\\u0442\\u0438\\u043d\\u0430\",\"image\":{\"@type\":\"ImageObject\",\"@id\":\"https:\/\/yar.deutschetage.ru\/de\/#personlogo\",\"inLanguage\":\"de-DE\",\"url\":\"https:\/\/secure.gravatar.com\/avatar\/1fe39c6a447b1a4ad661671d48304a9e?s=96&d=mm&r=g\",\"caption\":\"\\u0412\\u0430\\u043b\\u0435\\u043d\\u0442\\u0438\\u043d\\u0430\"}}]}<\/script>\n<!-- \/ Yoast SEO plugin. -->","_links":{"self":[{"href":"https:\/\/yar.deutschetage.ru\/de\/wp-json\/wp\/v2\/posts\/2518"}],"collection":[{"href":"https:\/\/yar.deutschetage.ru\/de\/wp-json\/wp\/v2\/posts"}],"about":[{"href":"https:\/\/yar.deutschetage.ru\/de\/wp-json\/wp\/v2\/types\/post"}],"author":[{"embeddable":true,"href":"https:\/\/yar.deutschetage.ru\/de\/wp-json\/wp\/v2\/users\/2"}],"replies":[{"embeddable":true,"href":"https:\/\/yar.deutschetage.ru\/de\/wp-json\/wp\/v2\/comments?post=2518"}],"version-history":[{"count":9,"href":"https:\/\/yar.deutschetage.ru\/de\/wp-json\/wp\/v2\/posts\/2518\/revisions"}],"predecessor-version":[{"id":2961,"href":"https:\/\/yar.deutschetage.ru\/de\/wp-json\/wp\/v2\/posts\/2518\/revisions\/2961"}],"wp:featuredmedia":[{"embeddable":true,"href":"https:\/\/yar.deutschetage.ru\/de\/wp-json\/wp\/v2\/media\/2520"}],"wp:attachment":[{"href":"https:\/\/yar.deutschetage.ru\/de\/wp-json\/wp\/v2\/media?parent=2518"}],"wp:term":[{"taxonomy":"category","embeddable":true,"href":"https:\/\/yar.deutschetage.ru\/de\/wp-json\/wp\/v2\/categories?post=2518"},{"taxonomy":"post_tag","embeddable":true,"href":"https:\/\/yar.deutschetage.ru\/de\/wp-json\/wp\/v2\/tags?post=2518"}],"curies":[{"name":"wp","href":"https:\/\/api.w.org\/{rel}","templated":true}]}}