{"id":2582,"date":"2022-10-18T09:04:16","date_gmt":"2022-10-18T09:04:16","guid":{"rendered":"https:\/\/yar.deutschetage.ru\/?p=2582"},"modified":"2022-11-04T16:20:11","modified_gmt":"2022-11-04T16:20:11","slug":"tatyana-kuzneczova-15-let","status":"publish","type":"post","link":"https:\/\/yar.deutschetage.ru\/de\/tatyana-kuzneczova-15-let\/","title":{"rendered":"\u0422\u0430\u0442\u044c\u044f\u043d\u0430 \u041a\u0443\u0437\u043d\u0435\u0446\u043e\u0432\u0430, 15 \u043b\u0435\u0442"},"content":{"rendered":"\n<figure class=\"wp-block-image size-large\"><img loading=\"lazy\" width=\"1024\" height=\"748\" src=\"https:\/\/yar.deutschetage.ru\/wp-content\/uploads\/2022\/10\/kuzneczova-1024x748.jpg\" alt=\"\" class=\"wp-image-2583\" srcset=\"https:\/\/yar.deutschetage.ru\/wp-content\/uploads\/2022\/10\/kuzneczova-1024x748.jpg 1024w, https:\/\/yar.deutschetage.ru\/wp-content\/uploads\/2022\/10\/kuzneczova-300x219.jpg 300w, https:\/\/yar.deutschetage.ru\/wp-content\/uploads\/2022\/10\/kuzneczova-768x561.jpg 768w, https:\/\/yar.deutschetage.ru\/wp-content\/uploads\/2022\/10\/kuzneczova-1536x1122.jpg 1536w, https:\/\/yar.deutschetage.ru\/wp-content\/uploads\/2022\/10\/kuzneczova-2048x1496.jpg 2048w\" sizes=\"(max-width: 1024px) 100vw, 1024px\" \/><\/figure>\n\n\n\n<p><em><strong>\u0420\u0430\u0431\u043e\u0442\u0443 \u0432\u044b\u043f\u043e\u043b\u043d\u0438\u043b\u0430 \u041a\u0443\u0437\u043d\u0435\u0446\u043e\u0432\u0430 \u0422\u0430\u0442\u044c\u044f\u043d\u0430, 15 \u043b\u0435\u0442, \u0421\u041e\u0428 \u2116 52 \u0433. \u042f\u0440\u043e\u0441\u043b\u0430\u0432\u043b\u044c<\/strong><\/em><\/p>\n\n\n\n<p><strong><em>Tatiana Kusnetzowa, Schule Nr.52 Jaroslawl<\/em><\/strong><\/p>\n\n\n\n<p>\u041d\u0430\u0437\u0432\u0430\u043d\u0438\u0435 \u0440\u0430\u0431\u043e\u0442\u044b: <strong>\u00ab\u0410\u0440\u043e\u043c\u0430\u0442\u044b \u0432\u0435\u0441\u043d\u044b\u00bb \u043a \u0441\u0431\u043e\u0440\u043d\u0438\u043a\u0443 \u0413\u0435\u043d\u0440\u0438\u0445\u0430 \u0413\u0435\u0439\u043d\u0435 \u00ab\u041d\u043e\u0432\u0430\u044f \u0432\u0435\u0441\u043d\u0430\u00bb.<\/strong><\/p>\n\n\n\n<p>Titel: \u201eFr\u00fchlingblumen\u201c zu Heinrich Heines Gedichtsammlung \u201eNeuer Fr\u00fchling\u201c<\/p>\n\n\n\n<p>\u041f\u043e\u0437\u043d\u0430\u043a\u043e\u043c\u0438\u0432\u0448\u0438\u0441\u044c \u0441 \u0442\u0432\u043e\u0440\u0447\u0435\u0441\u0442\u0432\u043e\u043c \u0413\u0435\u043d\u0440\u0438\u0445\u0430 \u0413\u0435\u0439\u043d\u0435, \u044f \u0440\u0435\u0448\u0438\u043b\u0430 \u0438\u0437\u043e\u0431\u0440\u0430\u0437\u0438\u0442\u044c \u043d\u0430 \u0441\u0432\u043e\u0435\u043c \u0440\u0438\u0441\u0443\u043d\u043a\u0435 \u043f\u043e\u043b\u0435\u0432\u044b\u0435 \u0446\u0432\u0435\u0442\u044b. \u042d\u0442\u043e\u0442 \u0440\u0438\u0441\u0443\u043d\u043e\u043a \u2013 \u0438\u043b\u043b\u044e\u0441\u0442\u0440\u0430\u0446\u0438\u044f \u043a \u0441\u0442\u0438\u0445\u043e\u0442\u0432\u043e\u0440\u0435\u043d\u0438\u044e \u00ab\u0412\u0435\u0441\u0435\u043d\u043d\u0438\u0435 \u0446\u0432\u0435\u0442\u044b\u00bb. \u0414\u0430\u043d\u043d\u043e\u0435 \u0441\u0442\u0438\u0445\u043e\u0442\u0432\u043e\u0440\u0435\u043d\u0438\u0435 \u043e \u0442\u043e\u043c, \u043a\u0430\u043a \u0433\u0435\u0440\u043e\u0439 \u0441\u043e\u0431\u0438\u0440\u0430\u0435\u0442 \u0431\u0443\u043a\u0435\u0442 \u0438\u0437 \u043a\u0440\u0430\u0441\u0438\u0432\u044b\u0445 \u043f\u043e\u043b\u0435\u0432\u044b\u0445 \u0446\u0432\u0435\u0442\u043e\u0432. \u0421\u0435\u0439\u0447\u0430\u0441, \u043a\u043e\u0433\u0434\u0430 \u043e\u0441\u0435\u043d\u044c \u0443\u0436\u0435 \u043f\u043e\u043b\u043d\u043e\u0441\u0442\u044c\u044e \u0432\u0441\u0442\u0443\u043f\u0438\u043b\u0430 \u0432 \u0441\u0432\u043e\u0438 \u043f\u0440\u0430\u0432\u0430, \u0432\u0441\u0435 \u0435\u0449\u0435 \u0441\u0432\u0435\u0436\u0438 \u0432\u043e\u0441\u043f\u043e\u043c\u0438\u043d\u0430\u043d\u0438\u044f \u043e \u0442\u0435\u043f\u043b\u043e\u043c \u043b\u0435\u0442\u0435. \u0412\u0435\u0434\u044c \u0438\u043c\u0435\u043d\u043d\u043e \u043b\u0435\u0442\u043e\u043c \u0432\u0441\u0451 \u0432\u043e\u043a\u0440\u0443\u0433 \u0440\u0430\u0441\u0446\u0432\u0435\u0442\u0430\u0435\u0442 \u0438 \u0434\u044b\u0448\u0438\u0442 \u0436\u0438\u0437\u043d\u044c\u044e. \u0412\u043e\u0442 \u0438 \u0433\u043b\u044f\u0434\u044f \u043d\u0430 \u044d\u0442\u0438 \u044f\u0440\u043a\u0438\u0435 \u0446\u0432\u0435\u0442\u044b, \u043c\u043e\u0436\u043d\u043e \u043f\u043e\u0447\u0443\u0432\u0441\u0442\u0432\u043e\u0432\u0430\u0442\u044c \u0437\u0430\u043f\u0430\u0445 \u043f\u043e\u043b\u044f, \u043b\u0443\u0433\u0430 \u0438 \u0441\u0432\u0435\u0436\u0435\u0433\u043e \u0432\u043e\u0437\u0434\u0443\u0445\u0430. \u0425\u043e\u0447\u0435\u0442\u0441\u044f \u043a\u0430\u043a \u043c\u043e\u0436\u043d\u043e \u0431\u044b\u0441\u0442\u0440\u0435\u0435 \u043e\u043a\u0430\u0437\u0430\u0442\u044c\u0441\u044f \u043d\u0430 \u044d\u0442\u043e\u043c \u043b\u0443\u0433\u0443 \u0438 \u0432\u0434\u044b\u0445\u0430\u0442\u044c \u0430\u0440\u043e\u043c\u0430\u0442 \u044d\u0442\u0438\u0445 \u043f\u0440\u0435\u043b\u0435\u0441\u0442\u043d\u044b\u0445 \u0446\u0432\u0435\u0442\u043e\u0432.<\/p>\n\n\n\n<p>\u0413\u0435\u043d\u0440\u0438\u0445 \u0413\u0435\u0439\u043d\u0435 \u0432 \u0441\u0432\u043e\u0438\u0445 \u0441\u0442\u0438\u0445\u0430\u0445 \u0447\u0430\u0441\u0442\u043e \u043e\u043f\u0438\u0441\u044b\u0432\u0430\u0435\u0442 \u043f\u0440\u0438\u0440\u043e\u0434\u0443, \u0432\u0440\u0435\u043c\u0435\u043d\u0430 \u0433\u043e\u0434\u0430, \u0430 \u0438\u043c\u0435\u043d\u043d\u043e \u043b\u0435\u0442\u043e. \u041b\u0435\u0442\u043e \u0432\u0441\u0435\u0433\u0434\u0430 \u0430\u0441\u0441\u043e\u0446\u0438\u0438\u0440\u0443\u0435\u0442\u0441\u044f \u0441 \u044f\u0440\u043a\u0438\u043c\u0438 \u043a\u0440\u0430\u0441\u043a\u0430\u043c\u0438. \u041b\u0435\u0442\u043e \u043d\u0430\u043f\u043e\u043b\u043d\u044f\u0435\u0442 \u043c\u0438\u0440 \u0441\u0432\u0435\u0436\u0438\u043c\u0438 \u043a\u0440\u0430\u0441\u043a\u0430\u043c\u0438 \u0438 \u044f\u0440\u043a\u0438\u043c\u0438 \u0437\u0432\u0443\u043a\u0430\u043c\u0438. \u0412\u043e\u0442 \u0438 \u043c\u043e\u0439 \u0440\u0438\u0441\u0443\u043d\u043e\u043a \u0432\u044b\u043f\u043e\u043b\u043d\u0435\u043d \u0432 \u044f\u0440\u043a\u0438\u0445 \u0442\u043e\u043d\u0430\u0445 &#8211; \u043e\u0442 \u0441\u0432\u0435\u0442\u043b\u043e- \u0437\u0435\u043b\u0435\u043d\u043e\u0433\u043e \u0434\u043e \u043d\u0430\u0441\u044b\u0449\u0435\u043d\u043d\u043e-\u0438\u0437\u0443\u043c\u0440\u0443\u0434\u043d\u043e\u0433\u043e, \u043e\u0442 \u043d\u0435\u0436\u043d\u043e-\u0440\u043e\u0437\u043e\u0432\u043e\u0433\u043e \u0434\u043e \u0444\u0438\u043e\u043b\u0435\u0442\u043e\u0432\u043e\u0433\u043e. \u0412\u0438\u0434\u0438\u043c\u043e, \u0430\u0432\u0442\u043e\u0440 \u0413\u0435\u043d\u0440\u0438\u0445 \u0413\u0435\u0439\u043d\u0435 \u0442\u043e\u0436\u0435 \u043b\u044e\u0431\u0438\u043b \u0442\u0430\u043a\u0438\u0435 \u043b\u0435\u0442\u043d\u0438\u0435 \u043c\u043e\u043c\u0435\u043d\u0442\u044b, \u0447\u0435\u0433\u043e \u0438 \u043e\u0442\u0440\u0430\u0437\u0438\u043b \u0432 \u0441\u0432\u043e\u0438\u0445 \u0441\u0442\u0438\u0445\u0430\u0445. \u0421\u043f\u0430\u0441\u0438\u0431\u043e \u0437\u0430 \u0432\u043d\u0438\u043c\u0430\u043d\u0438\u0435.<\/p>\n\n\n\n<p>Nachdem ich die Arbeit von Heinrich Heine kennengelernt hatte, beschloss ich, Wildblumen in meiner Zeichnung darzustellen. Diese Zeichnung ist eine Illustration zum Gedicht &#8222;Fr\u00fchlingsblumen&#8220;. Dieses Gedicht dar\u00fcber, wie der Held einen Blumenstrau\u00df aus sch\u00f6nen Wildblumen sammelt. Jetzt, da der Herbst bereits vollst\u00e4ndig in seine Rechte eingegangen ist, sind die Erinnerungen an den warmen Sommer noch frisch. Schlie\u00dflich bl\u00fcht im Sommer alles rundherum und atmet Leben. Wenn Sie diese hellen Blumen betrachten, k\u00f6nnen Sie das Feld, die Wiesen und die frische Luft riechen. Ich m\u00f6chte so schnell wie m\u00f6glich auf dieser Wiese sein und den Duft dieser sch\u00f6nen Blumen einatmen.<\/p>\n\n\n\n<p>Heinrich Heine beschreibt in seinen Gedichten oft die Natur, die Jahreszeiten, n\u00e4mlich den Sommer. Sommer ist immer mit hellen Farben verbunden. Der Sommer f\u00fcllt die Welt mit frischen Farben und hellen Kl\u00e4ngen. Also ist meine Zeichnung in hellen Farben gehalten &#8211; von hellgr\u00fcn bis reich-smaragd, von zartrosa bis violett. Offenbar hat der Autor Heinrich Heine solche Sommermomente auch geliebt, was er in seinen Gedichten widerspiegelt. Danke f\u00fcr die Aufmerksamkeit.<\/p>\n\n\n\n<p><\/p>\n\n\n\n<figure class=\"wp-block-image size-large\"><img loading=\"lazy\" width=\"1024\" height=\"513\" src=\"https:\/\/yar.deutschetage.ru\/wp-content\/uploads\/2022\/10\/snimok-ekrana-2022-10-13-v-20.27.22-1024x513.png\" alt=\"\" class=\"wp-image-2585\" srcset=\"https:\/\/yar.deutschetage.ru\/wp-content\/uploads\/2022\/10\/snimok-ekrana-2022-10-13-v-20.27.22-1024x513.png 1024w, https:\/\/yar.deutschetage.ru\/wp-content\/uploads\/2022\/10\/snimok-ekrana-2022-10-13-v-20.27.22-300x150.png 300w, https:\/\/yar.deutschetage.ru\/wp-content\/uploads\/2022\/10\/snimok-ekrana-2022-10-13-v-20.27.22-768x385.png 768w, https:\/\/yar.deutschetage.ru\/wp-content\/uploads\/2022\/10\/snimok-ekrana-2022-10-13-v-20.27.22.png 1102w\" sizes=\"(max-width: 1024px) 100vw, 1024px\" \/><\/figure>\n\n\n\n<p><\/p>\n","protected":false},"excerpt":{"rendered":"<p>\u0420\u0430\u0431\u043e\u0442\u0443 \u0432\u044b\u043f\u043e\u043b\u043d\u0438\u043b\u0430 \u041a\u0443\u0437\u043d\u0435\u0446\u043e\u0432\u0430 \u0422\u0430\u0442\u044c\u044f\u043d\u0430, 15 \u043b\u0435\u0442, \u0421\u041e\u0428 \u2116 52 \u0433. \u042f\u0440\u043e\u0441\u043b\u0430\u0432\u043b\u044c Tatiana Kusnetzowa, Schule Nr.52 Jaroslawl \u041d\u0430\u0437\u0432\u0430\u043d\u0438\u0435 \u0440\u0430\u0431\u043e\u0442\u044b: \u00ab\u0410\u0440\u043e\u043c\u0430\u0442\u044b \u0432\u0435\u0441\u043d\u044b\u00bb \u043a \u0441\u0431\u043e\u0440\u043d\u0438\u043a\u0443 \u0413\u0435\u043d\u0440\u0438\u0445\u0430 \u0413\u0435\u0439\u043d\u0435 \u00ab\u041d\u043e\u0432\u0430\u044f \u0432\u0435\u0441\u043d\u0430\u00bb. Titel: \u201eFr\u00fchlingblumen\u201c zu Heinrich Heines Gedichtsammlung \u201eNeuer Fr\u00fchling\u201c \u041f\u043e\u0437\u043d\u0430\u043a\u043e\u043c\u0438\u0432\u0448\u0438\u0441\u044c \u0441 \u0442\u0432\u043e\u0440\u0447\u0435\u0441\u0442\u0432\u043e\u043c \u0413\u0435\u043d\u0440\u0438\u0445\u0430 \u0413\u0435\u0439\u043d\u0435, \u044f \u0440\u0435\u0448\u0438\u043b\u0430 \u0438\u0437\u043e\u0431\u0440\u0430\u0437\u0438\u0442\u044c \u043d\u0430 \u0441\u0432\u043e\u0435\u043c \u0440\u0438\u0441\u0443\u043d\u043a\u0435 \u043f\u043e\u043b\u0435\u0432\u044b\u0435 \u0446\u0432\u0435\u0442\u044b. \u042d\u0442\u043e\u0442 \u0440\u0438\u0441\u0443\u043d\u043e\u043a \u2013 \u0438\u043b\u043b\u044e\u0441\u0442\u0440\u0430\u0446\u0438\u044f \u043a \u0441\u0442\u0438\u0445\u043e\u0442\u0432\u043e\u0440\u0435\u043d\u0438\u044e \u00ab\u0412\u0435\u0441\u0435\u043d\u043d\u0438\u0435 \u0446\u0432\u0435\u0442\u044b\u00bb. [&hellip;]<\/p>\n","protected":false},"author":2,"featured_media":2583,"comment_status":"closed","ping_status":"open","sticky":false,"template":"","format":"standard","meta":[],"categories":[19],"tags":[],"yoast_head":"<!-- This site is optimized with the Yoast SEO plugin v14.9 - https:\/\/yoast.com\/wordpress\/plugins\/seo\/ -->\n<title>\u0422\u0430\u0442\u044c\u044f\u043d\u0430 \u041a\u0443\u0437\u043d\u0435\u0446\u043e\u0432\u0430, 15 \u043b\u0435\u0442 - Deutsche Tage in der Region Jaroslawl<\/title>\n<meta name=\"robots\" content=\"index, follow, max-snippet:-1, max-image-preview:large, max-video-preview:-1\" \/>\n<link rel=\"canonical\" href=\"https:\/\/yar.deutschetage.ru\/tatyana-kuzneczova-15-let\/\" \/>\n<meta property=\"og:locale\" content=\"de_DE\" \/>\n<meta property=\"og:type\" content=\"article\" \/>\n<meta property=\"og:title\" content=\"\u0422\u0430\u0442\u044c\u044f\u043d\u0430 \u041a\u0443\u0437\u043d\u0435\u0446\u043e\u0432\u0430, 15 \u043b\u0435\u0442 - Deutsche Tage in der Region Jaroslawl\" \/>\n<meta property=\"og:url\" content=\"https:\/\/yar.deutschetage.ru\/tatyana-kuzneczova-15-let\/\" \/>\n<meta property=\"og:site_name\" content=\"Deutsche Tage in der Region Jaroslawl\" \/>\n<meta property=\"article:publisher\" content=\"https:\/\/www.facebook.com\/groups\/druzjagermanii\" \/>\n<meta property=\"article:published_time\" content=\"2022-10-18T09:04:16+00:00\" \/>\n<meta property=\"article:modified_time\" content=\"2022-11-04T16:20:11+00:00\" \/>\n<meta property=\"og:image\" content=\"https:\/\/yar.deutschetage.ru\/wp-content\/uploads\/2022\/10\/kuzneczova-scaled.jpg\" \/>\n\t<meta property=\"og:image:width\" content=\"2560\" \/>\n\t<meta property=\"og:image:height\" content=\"1870\" \/>\n<meta name=\"twitter:card\" content=\"summary_large_image\" \/>\n<script type=\"application\/ld+json\" class=\"yoast-schema-graph\">{\"@context\":\"https:\/\/schema.org\",\"@graph\":[{\"@type\":\"WebSite\",\"@id\":\"https:\/\/yar.deutschetage.ru\/de\/#website\",\"url\":\"https:\/\/yar.deutschetage.ru\/de\/\",\"name\":\"Deutsche Tage in der Region Jaroslawl\",\"description\":\"Wissenschaftliche Fantastik oder fantastische Wissenschaft\",\"potentialAction\":[{\"@type\":\"SearchAction\",\"target\":\"https:\/\/yar.deutschetage.ru\/de\/?s={search_term_string}\",\"query-input\":\"required name=search_term_string\"}],\"inLanguage\":\"de-DE\"},{\"@type\":\"ImageObject\",\"@id\":\"https:\/\/yar.deutschetage.ru\/tatyana-kuzneczova-15-let\/#primaryimage\",\"inLanguage\":\"de-DE\",\"url\":\"https:\/\/yar.deutschetage.ru\/wp-content\/uploads\/2022\/10\/kuzneczova-scaled.jpg\",\"width\":2560,\"height\":1870},{\"@type\":\"WebPage\",\"@id\":\"https:\/\/yar.deutschetage.ru\/tatyana-kuzneczova-15-let\/#webpage\",\"url\":\"https:\/\/yar.deutschetage.ru\/tatyana-kuzneczova-15-let\/\",\"name\":\"\\u0422\\u0430\\u0442\\u044c\\u044f\\u043d\\u0430 \\u041a\\u0443\\u0437\\u043d\\u0435\\u0446\\u043e\\u0432\\u0430, 15 \\u043b\\u0435\\u0442 - Deutsche Tage in der Region Jaroslawl\",\"isPartOf\":{\"@id\":\"https:\/\/yar.deutschetage.ru\/de\/#website\"},\"primaryImageOfPage\":{\"@id\":\"https:\/\/yar.deutschetage.ru\/tatyana-kuzneczova-15-let\/#primaryimage\"},\"datePublished\":\"2022-10-18T09:04:16+00:00\",\"dateModified\":\"2022-11-04T16:20:11+00:00\",\"author\":{\"@id\":\"https:\/\/yar.deutschetage.ru\/de\/#\/schema\/person\/4f39fe90cebbcc93ada07890317ab455\"},\"breadcrumb\":{\"@id\":\"https:\/\/yar.deutschetage.ru\/tatyana-kuzneczova-15-let\/#breadcrumb\"},\"inLanguage\":\"de-DE\",\"potentialAction\":[{\"@type\":\"ReadAction\",\"target\":[\"https:\/\/yar.deutschetage.ru\/tatyana-kuzneczova-15-let\/\"]}]},{\"@type\":\"BreadcrumbList\",\"@id\":\"https:\/\/yar.deutschetage.ru\/tatyana-kuzneczova-15-let\/#breadcrumb\",\"itemListElement\":[{\"@type\":\"ListItem\",\"position\":1,\"item\":{\"@type\":\"WebPage\",\"@id\":\"https:\/\/yar.deutschetage.ru\/\",\"url\":\"https:\/\/yar.deutschetage.ru\/\",\"name\":\"\\u0413\\u043b\\u0430\\u0432\\u043d\\u0430\\u044f\"}},{\"@type\":\"ListItem\",\"position\":2,\"item\":{\"@type\":\"WebPage\",\"@id\":\"https:\/\/yar.deutschetage.ru\/tatyana-kuzneczova-15-let\/\",\"url\":\"https:\/\/yar.deutschetage.ru\/tatyana-kuzneczova-15-let\/\",\"name\":\"\\u0422\\u0430\\u0442\\u044c\\u044f\\u043d\\u0430 \\u041a\\u0443\\u0437\\u043d\\u0435\\u0446\\u043e\\u0432\\u0430, 15 \\u043b\\u0435\\u0442\"}}]},{\"@type\":\"Person\",\"@id\":\"https:\/\/yar.deutschetage.ru\/de\/#\/schema\/person\/4f39fe90cebbcc93ada07890317ab455\",\"name\":\"\\u0412\\u0430\\u043b\\u0435\\u043d\\u0442\\u0438\\u043d\\u0430\",\"image\":{\"@type\":\"ImageObject\",\"@id\":\"https:\/\/yar.deutschetage.ru\/de\/#personlogo\",\"inLanguage\":\"de-DE\",\"url\":\"https:\/\/secure.gravatar.com\/avatar\/1fe39c6a447b1a4ad661671d48304a9e?s=96&d=mm&r=g\",\"caption\":\"\\u0412\\u0430\\u043b\\u0435\\u043d\\u0442\\u0438\\u043d\\u0430\"}}]}<\/script>\n<!-- \/ Yoast SEO plugin. -->","_links":{"self":[{"href":"https:\/\/yar.deutschetage.ru\/de\/wp-json\/wp\/v2\/posts\/2582"}],"collection":[{"href":"https:\/\/yar.deutschetage.ru\/de\/wp-json\/wp\/v2\/posts"}],"about":[{"href":"https:\/\/yar.deutschetage.ru\/de\/wp-json\/wp\/v2\/types\/post"}],"author":[{"embeddable":true,"href":"https:\/\/yar.deutschetage.ru\/de\/wp-json\/wp\/v2\/users\/2"}],"replies":[{"embeddable":true,"href":"https:\/\/yar.deutschetage.ru\/de\/wp-json\/wp\/v2\/comments?post=2582"}],"version-history":[{"count":3,"href":"https:\/\/yar.deutschetage.ru\/de\/wp-json\/wp\/v2\/posts\/2582\/revisions"}],"predecessor-version":[{"id":2606,"href":"https:\/\/yar.deutschetage.ru\/de\/wp-json\/wp\/v2\/posts\/2582\/revisions\/2606"}],"wp:featuredmedia":[{"embeddable":true,"href":"https:\/\/yar.deutschetage.ru\/de\/wp-json\/wp\/v2\/media\/2583"}],"wp:attachment":[{"href":"https:\/\/yar.deutschetage.ru\/de\/wp-json\/wp\/v2\/media?parent=2582"}],"wp:term":[{"taxonomy":"category","embeddable":true,"href":"https:\/\/yar.deutschetage.ru\/de\/wp-json\/wp\/v2\/categories?post=2582"},{"taxonomy":"post_tag","embeddable":true,"href":"https:\/\/yar.deutschetage.ru\/de\/wp-json\/wp\/v2\/tags?post=2582"}],"curies":[{"name":"wp","href":"https:\/\/api.w.org\/{rel}","templated":true}]}}