{"id":2587,"date":"2022-10-18T09:04:34","date_gmt":"2022-10-18T09:04:34","guid":{"rendered":"https:\/\/yar.deutschetage.ru\/?p=2587"},"modified":"2022-11-04T16:20:34","modified_gmt":"2022-11-04T16:20:34","slug":"alena-kopina-13-let","status":"publish","type":"post","link":"https:\/\/yar.deutschetage.ru\/de\/alena-kopina-13-let\/","title":{"rendered":"\u0410\u043b\u0435\u043d\u0430 \u041a\u043e\u043f\u0438\u043d\u0430, 13 \u043b\u0435\u0442"},"content":{"rendered":"\n<figure class=\"wp-block-image size-large\"><img loading=\"lazy\" width=\"1024\" height=\"702\" src=\"https:\/\/yar.deutschetage.ru\/wp-content\/uploads\/2022\/10\/risunok-1024x702.jpg\" alt=\"\" class=\"wp-image-2588\" srcset=\"https:\/\/yar.deutschetage.ru\/wp-content\/uploads\/2022\/10\/risunok-1024x702.jpg 1024w, https:\/\/yar.deutschetage.ru\/wp-content\/uploads\/2022\/10\/risunok-300x206.jpg 300w, https:\/\/yar.deutschetage.ru\/wp-content\/uploads\/2022\/10\/risunok-768x526.jpg 768w, https:\/\/yar.deutschetage.ru\/wp-content\/uploads\/2022\/10\/risunok.jpg 1465w\" sizes=\"(max-width: 1024px) 100vw, 1024px\" \/><\/figure>\n\n\n\n<p>\u041a\u043e\u043f\u0438\u043d\u0430 \u0410\u043b\u0435\u043d\u0430, 13 \u043b\u0435\u0442, \u041c\u041e\u0423 \u00ab\u0421\u0440\u0435\u0434\u043d\u044f\u044f \u0448\u043a\u043e\u043b\u0430 \u2116 10\u00bb \u0433. \u042f\u0440\u043e\u0441\u043b\u0430\u0432\u043b\u044c<\/p>\n\n\n\n<p>Alena Kopina, 13 J.a., Schule Nr.10 Jaroslawl<\/p>\n\n\n\n<p>\u041f\u0443\u0442\u0435\u0432\u044b\u0435 \u0437\u0430\u043c\u0435\u0442\u043a\u0438 &#8222;\u041f\u043e\u0435\u0437\u0434\u043a\u0430 \u0432 \u0413\u0430\u0440\u0446&#8220;<\/p>\n\n\n\n<p>\u041d\u0430 \u043a\u0430\u0440\u0442\u0438\u043d\u0435 \u0438\u0437\u043e\u0431\u0440\u0430\u0436\u0435\u043d \u0413\u0435\u0439\u043d\u0435, \u0441\u0442\u0430\u0440\u044b\u0439 \u0437\u0430\u043c\u043e\u043a \u0424\u0430\u043b\u044c\u043a\u0435\u043d\u0448\u0442\u0430\u0439\u043d \u0432 \u0413\u0430\u0440\u0446\u0435 \u0432 \u0434\u043e\u043b\u0438\u043d\u0435 \u0440\u0435\u043a\u0438. \u041a\u0430\u0440\u0442\u0438\u043d\u0430 \u0440\u0430\u0441\u0441\u043a\u0430\u0437\u044b\u0432\u0430\u0435\u0442 \u043e \u043f\u043e\u0435\u0437\u0434\u043a\u0435 \u0413\u0435\u0439\u043d\u0435. \u0412 \u0442\u043e \u0432\u0440\u0435\u043c\u044f \u043e\u043d \u043d\u0430\u043f\u0438\u0441\u0430\u043b \u0441\u0442\u0438\u0445\u043e\u0442\u0432\u043e\u0440\u0435\u043d\u0438\u0435. \u042d\u0442\u043e \u0441\u0442\u0438\u0445\u043e\u0442\u0432\u043e\u0440\u0435\u043d\u0438\u0435 \u043e\u0442\u043a\u0440\u044b\u0432\u0430\u0435\u0442 \u0435\u0433\u043e \u043f\u0443\u0442\u0435\u0432\u044b\u0435 \u0437\u0430\u043c\u0435\u0442\u043a\u0438 \u00ab\u041f\u043e\u0435\u0437\u0434\u043a\u0430 \u0432 \u0413\u0430\u0440\u0446\u00bb.<\/p>\n\n\n\n<p>Reisenotizen &#8222;Harzreise&#8220;<\/p>\n\n\n\n<p>&nbsp; Auf dem Bild ist Heine, das alte Schloss Falkenstein im Harz im Flusstal dargestellt. Das Bild erz\u00e4hlt \u00fcber Heines Harzreise. Damals schrieb er das Gedicht. Dieses Gedicht er\u00f6ffnet seine Reisenotizen \u201eHarzreise\u201c.<\/p>\n\n\n\n<p><\/p>\n","protected":false},"excerpt":{"rendered":"<p>\u041a\u043e\u043f\u0438\u043d\u0430 \u0410\u043b\u0435\u043d\u0430, 13 \u043b\u0435\u0442, \u041c\u041e\u0423 \u00ab\u0421\u0440\u0435\u0434\u043d\u044f\u044f \u0448\u043a\u043e\u043b\u0430 \u2116 10\u00bb \u0433. \u042f\u0440\u043e\u0441\u043b\u0430\u0432\u043b\u044c Alena Kopina, 13 J.a., Schule Nr.10 Jaroslawl \u041f\u0443\u0442\u0435\u0432\u044b\u0435 \u0437\u0430\u043c\u0435\u0442\u043a\u0438 &#8222;\u041f\u043e\u0435\u0437\u0434\u043a\u0430 \u0432 \u0413\u0430\u0440\u0446&#8220; \u041d\u0430 \u043a\u0430\u0440\u0442\u0438\u043d\u0435 \u0438\u0437\u043e\u0431\u0440\u0430\u0436\u0435\u043d \u0413\u0435\u0439\u043d\u0435, \u0441\u0442\u0430\u0440\u044b\u0439 \u0437\u0430\u043c\u043e\u043a \u0424\u0430\u043b\u044c\u043a\u0435\u043d\u0448\u0442\u0430\u0439\u043d \u0432 \u0413\u0430\u0440\u0446\u0435 \u0432 \u0434\u043e\u043b\u0438\u043d\u0435 \u0440\u0435\u043a\u0438. \u041a\u0430\u0440\u0442\u0438\u043d\u0430 \u0440\u0430\u0441\u0441\u043a\u0430\u0437\u044b\u0432\u0430\u0435\u0442 \u043e \u043f\u043e\u0435\u0437\u0434\u043a\u0435 \u0413\u0435\u0439\u043d\u0435. \u0412 \u0442\u043e \u0432\u0440\u0435\u043c\u044f \u043e\u043d \u043d\u0430\u043f\u0438\u0441\u0430\u043b \u0441\u0442\u0438\u0445\u043e\u0442\u0432\u043e\u0440\u0435\u043d\u0438\u0435. \u042d\u0442\u043e \u0441\u0442\u0438\u0445\u043e\u0442\u0432\u043e\u0440\u0435\u043d\u0438\u0435 \u043e\u0442\u043a\u0440\u044b\u0432\u0430\u0435\u0442 \u0435\u0433\u043e \u043f\u0443\u0442\u0435\u0432\u044b\u0435 \u0437\u0430\u043c\u0435\u0442\u043a\u0438 \u00ab\u041f\u043e\u0435\u0437\u0434\u043a\u0430 \u0432 \u0413\u0430\u0440\u0446\u00bb. [&hellip;]<\/p>\n","protected":false},"author":2,"featured_media":2588,"comment_status":"closed","ping_status":"open","sticky":false,"template":"","format":"standard","meta":[],"categories":[19],"tags":[],"yoast_head":"<!-- This site is optimized with the Yoast SEO plugin v14.9 - https:\/\/yoast.com\/wordpress\/plugins\/seo\/ -->\n<title>\u0410\u043b\u0435\u043d\u0430 \u041a\u043e\u043f\u0438\u043d\u0430, 13 \u043b\u0435\u0442 - Deutsche Tage in der Region Jaroslawl<\/title>\n<meta name=\"robots\" content=\"index, follow, max-snippet:-1, max-image-preview:large, max-video-preview:-1\" \/>\n<link rel=\"canonical\" href=\"https:\/\/yar.deutschetage.ru\/alena-kopina-13-let\/\" \/>\n<meta property=\"og:locale\" content=\"de_DE\" \/>\n<meta property=\"og:type\" content=\"article\" \/>\n<meta property=\"og:title\" content=\"\u0410\u043b\u0435\u043d\u0430 \u041a\u043e\u043f\u0438\u043d\u0430, 13 \u043b\u0435\u0442 - Deutsche Tage in der Region Jaroslawl\" \/>\n<meta property=\"og:url\" content=\"https:\/\/yar.deutschetage.ru\/alena-kopina-13-let\/\" \/>\n<meta property=\"og:site_name\" content=\"Deutsche Tage in der Region Jaroslawl\" \/>\n<meta property=\"article:publisher\" content=\"https:\/\/www.facebook.com\/groups\/druzjagermanii\" \/>\n<meta property=\"article:published_time\" content=\"2022-10-18T09:04:34+00:00\" \/>\n<meta property=\"article:modified_time\" content=\"2022-11-04T16:20:34+00:00\" \/>\n<meta property=\"og:image\" content=\"https:\/\/yar.deutschetage.ru\/wp-content\/uploads\/2022\/10\/risunok.jpg\" \/>\n\t<meta property=\"og:image:width\" content=\"1465\" \/>\n\t<meta property=\"og:image:height\" content=\"1004\" \/>\n<meta name=\"twitter:card\" content=\"summary_large_image\" \/>\n<script type=\"application\/ld+json\" class=\"yoast-schema-graph\">{\"@context\":\"https:\/\/schema.org\",\"@graph\":[{\"@type\":\"WebSite\",\"@id\":\"https:\/\/yar.deutschetage.ru\/de\/#website\",\"url\":\"https:\/\/yar.deutschetage.ru\/de\/\",\"name\":\"Deutsche Tage in der Region Jaroslawl\",\"description\":\"Wissenschaftliche Fantastik oder fantastische Wissenschaft\",\"potentialAction\":[{\"@type\":\"SearchAction\",\"target\":\"https:\/\/yar.deutschetage.ru\/de\/?s={search_term_string}\",\"query-input\":\"required name=search_term_string\"}],\"inLanguage\":\"de-DE\"},{\"@type\":\"ImageObject\",\"@id\":\"https:\/\/yar.deutschetage.ru\/alena-kopina-13-let\/#primaryimage\",\"inLanguage\":\"de-DE\",\"url\":\"https:\/\/yar.deutschetage.ru\/wp-content\/uploads\/2022\/10\/risunok.jpg\",\"width\":1465,\"height\":1004},{\"@type\":\"WebPage\",\"@id\":\"https:\/\/yar.deutschetage.ru\/alena-kopina-13-let\/#webpage\",\"url\":\"https:\/\/yar.deutschetage.ru\/alena-kopina-13-let\/\",\"name\":\"\\u0410\\u043b\\u0435\\u043d\\u0430 \\u041a\\u043e\\u043f\\u0438\\u043d\\u0430, 13 \\u043b\\u0435\\u0442 - Deutsche Tage in der Region Jaroslawl\",\"isPartOf\":{\"@id\":\"https:\/\/yar.deutschetage.ru\/de\/#website\"},\"primaryImageOfPage\":{\"@id\":\"https:\/\/yar.deutschetage.ru\/alena-kopina-13-let\/#primaryimage\"},\"datePublished\":\"2022-10-18T09:04:34+00:00\",\"dateModified\":\"2022-11-04T16:20:34+00:00\",\"author\":{\"@id\":\"https:\/\/yar.deutschetage.ru\/de\/#\/schema\/person\/4f39fe90cebbcc93ada07890317ab455\"},\"breadcrumb\":{\"@id\":\"https:\/\/yar.deutschetage.ru\/alena-kopina-13-let\/#breadcrumb\"},\"inLanguage\":\"de-DE\",\"potentialAction\":[{\"@type\":\"ReadAction\",\"target\":[\"https:\/\/yar.deutschetage.ru\/alena-kopina-13-let\/\"]}]},{\"@type\":\"BreadcrumbList\",\"@id\":\"https:\/\/yar.deutschetage.ru\/alena-kopina-13-let\/#breadcrumb\",\"itemListElement\":[{\"@type\":\"ListItem\",\"position\":1,\"item\":{\"@type\":\"WebPage\",\"@id\":\"https:\/\/yar.deutschetage.ru\/\",\"url\":\"https:\/\/yar.deutschetage.ru\/\",\"name\":\"\\u0413\\u043b\\u0430\\u0432\\u043d\\u0430\\u044f\"}},{\"@type\":\"ListItem\",\"position\":2,\"item\":{\"@type\":\"WebPage\",\"@id\":\"https:\/\/yar.deutschetage.ru\/alena-kopina-13-let\/\",\"url\":\"https:\/\/yar.deutschetage.ru\/alena-kopina-13-let\/\",\"name\":\"\\u0410\\u043b\\u0435\\u043d\\u0430 \\u041a\\u043e\\u043f\\u0438\\u043d\\u0430, 13 \\u043b\\u0435\\u0442\"}}]},{\"@type\":\"Person\",\"@id\":\"https:\/\/yar.deutschetage.ru\/de\/#\/schema\/person\/4f39fe90cebbcc93ada07890317ab455\",\"name\":\"\\u0412\\u0430\\u043b\\u0435\\u043d\\u0442\\u0438\\u043d\\u0430\",\"image\":{\"@type\":\"ImageObject\",\"@id\":\"https:\/\/yar.deutschetage.ru\/de\/#personlogo\",\"inLanguage\":\"de-DE\",\"url\":\"https:\/\/secure.gravatar.com\/avatar\/1fe39c6a447b1a4ad661671d48304a9e?s=96&d=mm&r=g\",\"caption\":\"\\u0412\\u0430\\u043b\\u0435\\u043d\\u0442\\u0438\\u043d\\u0430\"}}]}<\/script>\n<!-- \/ Yoast SEO plugin. -->","_links":{"self":[{"href":"https:\/\/yar.deutschetage.ru\/de\/wp-json\/wp\/v2\/posts\/2587"}],"collection":[{"href":"https:\/\/yar.deutschetage.ru\/de\/wp-json\/wp\/v2\/posts"}],"about":[{"href":"https:\/\/yar.deutschetage.ru\/de\/wp-json\/wp\/v2\/types\/post"}],"author":[{"embeddable":true,"href":"https:\/\/yar.deutschetage.ru\/de\/wp-json\/wp\/v2\/users\/2"}],"replies":[{"embeddable":true,"href":"https:\/\/yar.deutschetage.ru\/de\/wp-json\/wp\/v2\/comments?post=2587"}],"version-history":[{"count":1,"href":"https:\/\/yar.deutschetage.ru\/de\/wp-json\/wp\/v2\/posts\/2587\/revisions"}],"predecessor-version":[{"id":2589,"href":"https:\/\/yar.deutschetage.ru\/de\/wp-json\/wp\/v2\/posts\/2587\/revisions\/2589"}],"wp:featuredmedia":[{"embeddable":true,"href":"https:\/\/yar.deutschetage.ru\/de\/wp-json\/wp\/v2\/media\/2588"}],"wp:attachment":[{"href":"https:\/\/yar.deutschetage.ru\/de\/wp-json\/wp\/v2\/media?parent=2587"}],"wp:term":[{"taxonomy":"category","embeddable":true,"href":"https:\/\/yar.deutschetage.ru\/de\/wp-json\/wp\/v2\/categories?post=2587"},{"taxonomy":"post_tag","embeddable":true,"href":"https:\/\/yar.deutschetage.ru\/de\/wp-json\/wp\/v2\/tags?post=2587"}],"curies":[{"name":"wp","href":"https:\/\/api.w.org\/{rel}","templated":true}]}}