{"id":2624,"date":"2022-10-18T09:14:30","date_gmt":"2022-10-18T09:14:30","guid":{"rendered":"https:\/\/yar.deutschetage.ru\/?p=2624"},"modified":"2022-11-04T16:21:25","modified_gmt":"2022-11-04T16:21:25","slug":"roman-balchonok-16-let","status":"publish","type":"post","link":"https:\/\/yar.deutschetage.ru\/de\/roman-balchonok-16-let\/","title":{"rendered":"\u0420\u043e\u043c\u0430\u043d \u0411\u0430\u043b\u044c\u0447\u043e\u043d\u043e\u043a, 16 \u043b\u0435\u0442"},"content":{"rendered":"\n<figure class=\"wp-block-image size-large\"><img loading=\"lazy\" width=\"1024\" height=\"643\" src=\"https:\/\/yar.deutschetage.ru\/wp-content\/uploads\/2022\/10\/balchonok-r-1024x643.jpg\" alt=\"\" class=\"wp-image-2625\" srcset=\"https:\/\/yar.deutschetage.ru\/wp-content\/uploads\/2022\/10\/balchonok-r-1024x643.jpg 1024w, https:\/\/yar.deutschetage.ru\/wp-content\/uploads\/2022\/10\/balchonok-r-300x188.jpg 300w, https:\/\/yar.deutschetage.ru\/wp-content\/uploads\/2022\/10\/balchonok-r-768x482.jpg 768w, https:\/\/yar.deutschetage.ru\/wp-content\/uploads\/2022\/10\/balchonok-r-1536x965.jpg 1536w, https:\/\/yar.deutschetage.ru\/wp-content\/uploads\/2022\/10\/balchonok-r-2048x1287.jpg 2048w\" sizes=\"(max-width: 1024px) 100vw, 1024px\" \/><\/figure>\n\n\n\n<p><strong><em>\u0420\u043e\u043c\u0430\u043d \u0411\u0430\u043b\u044c\u0447\u043e\u043d\u043e\u043a, \u042f\u0440\u043e\u0441\u043b\u0430\u0432\u0441\u043a\u0438\u0439 \u043f\u0440\u043e\u043c\u044b\u0448\u043b\u0435\u043d\u043d\u043e-\u044d\u043a\u043e\u043d\u043e\u043c\u0438\u0447\u0435\u0441\u043a\u0438\u0439 \u043a\u043e\u043b\u043b\u0435\u0434\u0436 \u0438\u043c\u0435\u043d\u0438 \u041d.\u041f. \u041f\u0430\u0441\u0442\u0443\u0445\u043e\u0432\u0430<\/em><\/strong><\/p>\n\n\n\n<p><strong><em>Roman Baltschonok, Industrie- und Wirtschaftsberufsschule Jaroslawl<\/em><\/strong><br><br>\u041d\u0430\u0437\u0432\u0430\u043d\u0438\u0435: \u0417\u0438\u043c\u0430 \u0443 \u0413\u0435\u0439\u043d\u0435<\/p>\n\n\n\n<p>Titel: Heine&#8217;s Winter<\/p>\n\n\n\n<p>\u041f\u043e\u044d\u043c\u0430 \u0413\u0435\u043d\u0440\u0438\u0445\u0430 \u0413\u0435\u0439\u043d\u0435 \u00ab\u0417\u0438\u043c\u043d\u044f\u044f \u0441\u043a\u0430\u0437\u043a\u0430\u00bb \u043e\u0447\u0435\u043d\u044c \u043a\u0440\u0430\u0441\u0438\u0432\u043e \u043e\u043f\u0438\u0441\u044b\u0432\u0430\u0435\u0442<br>\u0435\u0433\u043e \u0440\u043e\u0434\u0438\u043d\u0443 \u0438 \u0432\u044b\u0437\u044b\u0432\u0430\u0435\u0442 \u0436\u0435\u043b\u0430\u043d\u0438\u0435 \u0438\u0437\u043e\u0431\u0440\u0430\u0437\u0438\u0442\u044c \u043a\u0440\u0430\u0441\u0438\u0432\u044b\u0435 \u043d\u0435\u043c\u0435\u0446\u043a\u0438\u0435 \u0443\u043b\u0438\u0446\u044b.  \u0410\u0442\u043c\u043e\u0441\u0444\u0435\u0440\u0430 \u0437\u0438\u043c\u044b \u043c\u0435\u043d\u044f \u043e\u0447\u0435\u043d\u044c \u0432\u0434\u043e\u0445\u043d\u043e\u0432\u0438\u043b\u0430,<br>\u0438 \u044f \u0437\u0430\u0445\u043e\u0442\u0435\u043b \u044d\u0442\u043e \u043f\u0440\u043e\u0438\u043b\u043b\u044e\u0441\u0442\u0440\u0438\u0440\u043e\u0432\u0430\u0442\u044c.<\/p>\n\n\n\n<p><br>Das Gedicht &#8222;Ein Winterm\u00e4rchen&#8220; von Heinrich Heine beschreibt<br>seine Heimat sehr sch\u00f6n. Es ist sch\u00f6n, die deutschen Stra\u00dfen<br>zu zeigen. Die Atmosph\u00e4re des Winters hat mich sehr inspiriert<br>und ich wollte es illustrieren<\/p>\n","protected":false},"excerpt":{"rendered":"<p>\u0420\u043e\u043c\u0430\u043d \u0411\u0430\u043b\u044c\u0447\u043e\u043d\u043e\u043a, \u042f\u0440\u043e\u0441\u043b\u0430\u0432\u0441\u043a\u0438\u0439 \u043f\u0440\u043e\u043c\u044b\u0448\u043b\u0435\u043d\u043d\u043e-\u044d\u043a\u043e\u043d\u043e\u043c\u0438\u0447\u0435\u0441\u043a\u0438\u0439 \u043a\u043e\u043b\u043b\u0435\u0434\u0436 \u0438\u043c\u0435\u043d\u0438 \u041d.\u041f. \u041f\u0430\u0441\u0442\u0443\u0445\u043e\u0432\u0430 Roman Baltschonok, Industrie- und Wirtschaftsberufsschule Jaroslawl \u041d\u0430\u0437\u0432\u0430\u043d\u0438\u0435: \u0417\u0438\u043c\u0430 \u0443 \u0413\u0435\u0439\u043d\u0435 Titel: Heine&#8217;s Winter \u041f\u043e\u044d\u043c\u0430 \u0413\u0435\u043d\u0440\u0438\u0445\u0430 \u0413\u0435\u0439\u043d\u0435 \u00ab\u0417\u0438\u043c\u043d\u044f\u044f \u0441\u043a\u0430\u0437\u043a\u0430\u00bb \u043e\u0447\u0435\u043d\u044c \u043a\u0440\u0430\u0441\u0438\u0432\u043e \u043e\u043f\u0438\u0441\u044b\u0432\u0430\u0435\u0442\u0435\u0433\u043e \u0440\u043e\u0434\u0438\u043d\u0443 \u0438 \u0432\u044b\u0437\u044b\u0432\u0430\u0435\u0442 \u0436\u0435\u043b\u0430\u043d\u0438\u0435 \u0438\u0437\u043e\u0431\u0440\u0430\u0437\u0438\u0442\u044c \u043a\u0440\u0430\u0441\u0438\u0432\u044b\u0435 \u043d\u0435\u043c\u0435\u0446\u043a\u0438\u0435 \u0443\u043b\u0438\u0446\u044b. \u0410\u0442\u043c\u043e\u0441\u0444\u0435\u0440\u0430 \u0437\u0438\u043c\u044b \u043c\u0435\u043d\u044f \u043e\u0447\u0435\u043d\u044c \u0432\u0434\u043e\u0445\u043d\u043e\u0432\u0438\u043b\u0430,\u0438 \u044f \u0437\u0430\u0445\u043e\u0442\u0435\u043b \u044d\u0442\u043e \u043f\u0440\u043e\u0438\u043b\u043b\u044e\u0441\u0442\u0440\u0438\u0440\u043e\u0432\u0430\u0442\u044c. Das Gedicht &#8222;Ein Winterm\u00e4rchen&#8220; von Heinrich Heine beschreibtseine Heimat [&hellip;]<\/p>\n","protected":false},"author":2,"featured_media":2625,"comment_status":"closed","ping_status":"open","sticky":false,"template":"","format":"standard","meta":[],"categories":[19],"tags":[],"yoast_head":"<!-- This site is optimized with the Yoast SEO plugin v14.9 - https:\/\/yoast.com\/wordpress\/plugins\/seo\/ -->\n<title>\u0420\u043e\u043c\u0430\u043d \u0411\u0430\u043b\u044c\u0447\u043e\u043d\u043e\u043a, 16 \u043b\u0435\u0442 - Deutsche Tage in der Region Jaroslawl<\/title>\n<meta name=\"robots\" content=\"index, follow, max-snippet:-1, max-image-preview:large, max-video-preview:-1\" \/>\n<link rel=\"canonical\" href=\"https:\/\/yar.deutschetage.ru\/roman-balchonok-16-let\/\" \/>\n<meta property=\"og:locale\" content=\"de_DE\" \/>\n<meta property=\"og:type\" content=\"article\" \/>\n<meta property=\"og:title\" content=\"\u0420\u043e\u043c\u0430\u043d \u0411\u0430\u043b\u044c\u0447\u043e\u043d\u043e\u043a, 16 \u043b\u0435\u0442 - Deutsche Tage in der Region Jaroslawl\" \/>\n<meta property=\"og:url\" content=\"https:\/\/yar.deutschetage.ru\/roman-balchonok-16-let\/\" \/>\n<meta property=\"og:site_name\" content=\"Deutsche Tage in der Region Jaroslawl\" \/>\n<meta property=\"article:publisher\" content=\"https:\/\/www.facebook.com\/groups\/druzjagermanii\" \/>\n<meta property=\"article:published_time\" content=\"2022-10-18T09:14:30+00:00\" \/>\n<meta property=\"article:modified_time\" content=\"2022-11-04T16:21:25+00:00\" \/>\n<meta property=\"og:image\" content=\"https:\/\/yar.deutschetage.ru\/wp-content\/uploads\/2022\/10\/balchonok-r-scaled.jpg\" \/>\n\t<meta property=\"og:image:width\" content=\"2560\" \/>\n\t<meta property=\"og:image:height\" content=\"1608\" \/>\n<meta name=\"twitter:card\" content=\"summary_large_image\" \/>\n<script type=\"application\/ld+json\" class=\"yoast-schema-graph\">{\"@context\":\"https:\/\/schema.org\",\"@graph\":[{\"@type\":\"WebSite\",\"@id\":\"https:\/\/yar.deutschetage.ru\/de\/#website\",\"url\":\"https:\/\/yar.deutschetage.ru\/de\/\",\"name\":\"Deutsche Tage in der Region Jaroslawl\",\"description\":\"Wissenschaftliche Fantastik oder fantastische Wissenschaft\",\"potentialAction\":[{\"@type\":\"SearchAction\",\"target\":\"https:\/\/yar.deutschetage.ru\/de\/?s={search_term_string}\",\"query-input\":\"required name=search_term_string\"}],\"inLanguage\":\"de-DE\"},{\"@type\":\"ImageObject\",\"@id\":\"https:\/\/yar.deutschetage.ru\/roman-balchonok-16-let\/#primaryimage\",\"inLanguage\":\"de-DE\",\"url\":\"https:\/\/yar.deutschetage.ru\/wp-content\/uploads\/2022\/10\/balchonok-r-scaled.jpg\",\"width\":2560,\"height\":1608},{\"@type\":\"WebPage\",\"@id\":\"https:\/\/yar.deutschetage.ru\/roman-balchonok-16-let\/#webpage\",\"url\":\"https:\/\/yar.deutschetage.ru\/roman-balchonok-16-let\/\",\"name\":\"\\u0420\\u043e\\u043c\\u0430\\u043d \\u0411\\u0430\\u043b\\u044c\\u0447\\u043e\\u043d\\u043e\\u043a, 16 \\u043b\\u0435\\u0442 - Deutsche Tage in der Region Jaroslawl\",\"isPartOf\":{\"@id\":\"https:\/\/yar.deutschetage.ru\/de\/#website\"},\"primaryImageOfPage\":{\"@id\":\"https:\/\/yar.deutschetage.ru\/roman-balchonok-16-let\/#primaryimage\"},\"datePublished\":\"2022-10-18T09:14:30+00:00\",\"dateModified\":\"2022-11-04T16:21:25+00:00\",\"author\":{\"@id\":\"https:\/\/yar.deutschetage.ru\/de\/#\/schema\/person\/4f39fe90cebbcc93ada07890317ab455\"},\"breadcrumb\":{\"@id\":\"https:\/\/yar.deutschetage.ru\/roman-balchonok-16-let\/#breadcrumb\"},\"inLanguage\":\"de-DE\",\"potentialAction\":[{\"@type\":\"ReadAction\",\"target\":[\"https:\/\/yar.deutschetage.ru\/roman-balchonok-16-let\/\"]}]},{\"@type\":\"BreadcrumbList\",\"@id\":\"https:\/\/yar.deutschetage.ru\/roman-balchonok-16-let\/#breadcrumb\",\"itemListElement\":[{\"@type\":\"ListItem\",\"position\":1,\"item\":{\"@type\":\"WebPage\",\"@id\":\"https:\/\/yar.deutschetage.ru\/\",\"url\":\"https:\/\/yar.deutschetage.ru\/\",\"name\":\"\\u0413\\u043b\\u0430\\u0432\\u043d\\u0430\\u044f\"}},{\"@type\":\"ListItem\",\"position\":2,\"item\":{\"@type\":\"WebPage\",\"@id\":\"https:\/\/yar.deutschetage.ru\/roman-balchonok-16-let\/\",\"url\":\"https:\/\/yar.deutschetage.ru\/roman-balchonok-16-let\/\",\"name\":\"\\u0420\\u043e\\u043c\\u0430\\u043d \\u0411\\u0430\\u043b\\u044c\\u0447\\u043e\\u043d\\u043e\\u043a, 16 \\u043b\\u0435\\u0442\"}}]},{\"@type\":\"Person\",\"@id\":\"https:\/\/yar.deutschetage.ru\/de\/#\/schema\/person\/4f39fe90cebbcc93ada07890317ab455\",\"name\":\"\\u0412\\u0430\\u043b\\u0435\\u043d\\u0442\\u0438\\u043d\\u0430\",\"image\":{\"@type\":\"ImageObject\",\"@id\":\"https:\/\/yar.deutschetage.ru\/de\/#personlogo\",\"inLanguage\":\"de-DE\",\"url\":\"https:\/\/secure.gravatar.com\/avatar\/1fe39c6a447b1a4ad661671d48304a9e?s=96&d=mm&r=g\",\"caption\":\"\\u0412\\u0430\\u043b\\u0435\\u043d\\u0442\\u0438\\u043d\\u0430\"}}]}<\/script>\n<!-- \/ Yoast SEO plugin. -->","_links":{"self":[{"href":"https:\/\/yar.deutschetage.ru\/de\/wp-json\/wp\/v2\/posts\/2624"}],"collection":[{"href":"https:\/\/yar.deutschetage.ru\/de\/wp-json\/wp\/v2\/posts"}],"about":[{"href":"https:\/\/yar.deutschetage.ru\/de\/wp-json\/wp\/v2\/types\/post"}],"author":[{"embeddable":true,"href":"https:\/\/yar.deutschetage.ru\/de\/wp-json\/wp\/v2\/users\/2"}],"replies":[{"embeddable":true,"href":"https:\/\/yar.deutschetage.ru\/de\/wp-json\/wp\/v2\/comments?post=2624"}],"version-history":[{"count":2,"href":"https:\/\/yar.deutschetage.ru\/de\/wp-json\/wp\/v2\/posts\/2624\/revisions"}],"predecessor-version":[{"id":2639,"href":"https:\/\/yar.deutschetage.ru\/de\/wp-json\/wp\/v2\/posts\/2624\/revisions\/2639"}],"wp:featuredmedia":[{"embeddable":true,"href":"https:\/\/yar.deutschetage.ru\/de\/wp-json\/wp\/v2\/media\/2625"}],"wp:attachment":[{"href":"https:\/\/yar.deutschetage.ru\/de\/wp-json\/wp\/v2\/media?parent=2624"}],"wp:term":[{"taxonomy":"category","embeddable":true,"href":"https:\/\/yar.deutschetage.ru\/de\/wp-json\/wp\/v2\/categories?post=2624"},{"taxonomy":"post_tag","embeddable":true,"href":"https:\/\/yar.deutschetage.ru\/de\/wp-json\/wp\/v2\/tags?post=2624"}],"curies":[{"name":"wp","href":"https:\/\/api.w.org\/{rel}","templated":true}]}}