{"id":2649,"date":"2022-10-18T11:40:02","date_gmt":"2022-10-18T11:40:02","guid":{"rendered":"https:\/\/yar.deutschetage.ru\/?p=2649"},"modified":"2022-11-04T16:22:23","modified_gmt":"2022-11-04T16:22:23","slug":"2649-2","status":"publish","type":"post","link":"https:\/\/yar.deutschetage.ru\/de\/2649-2\/","title":{"rendered":"\u0421\u043e\u0444\u044c\u044f \u041a\u0440\u0430\u0441\u0430\u0432\u0438\u043d\u0430, 16 \u043b\u0435\u0442"},"content":{"rendered":"\n<figure class=\"wp-block-image size-large\"><img loading=\"lazy\" width=\"733\" height=\"1024\" src=\"https:\/\/yar.deutschetage.ru\/wp-content\/uploads\/2022\/10\/krasavina-sofya-733x1024.jpg\" alt=\"\" class=\"wp-image-2669\" srcset=\"https:\/\/yar.deutschetage.ru\/wp-content\/uploads\/2022\/10\/krasavina-sofya-733x1024.jpg 733w, https:\/\/yar.deutschetage.ru\/wp-content\/uploads\/2022\/10\/krasavina-sofya-215x300.jpg 215w, https:\/\/yar.deutschetage.ru\/wp-content\/uploads\/2022\/10\/krasavina-sofya-768x1072.jpg 768w, https:\/\/yar.deutschetage.ru\/wp-content\/uploads\/2022\/10\/krasavina-sofya-1100x1536.jpg 1100w, https:\/\/yar.deutschetage.ru\/wp-content\/uploads\/2022\/10\/krasavina-sofya.jpg 1232w\" sizes=\"(max-width: 733px) 100vw, 733px\" \/><\/figure>\n\n\n\n<p><strong><em>\u0421\u043e\u0444\u044c\u044f \u041a\u0440\u0430\u0441\u0430\u0432\u0438\u043d\u0430, \u0448\u043a\u043e\u043b\u0430 \u211652 \u0433. \u042f\u0440\u043e\u0441\u043b\u0430\u0432\u043b\u044c<\/em><\/strong><\/p>\n\n\n\n<p><strong><em>Sophija Krasawina, Schule Nr.52 Jaroslawl<\/em><\/strong><\/p>\n\n\n\n<p>\u041d\u0430\u0437\u0432\u0430\u043d\u0438\u0435: \u0412\u043e\u0437\u0440\u043e\u0436\u0434\u0451\u043d\u043d\u0430\u044f<\/p>\n\n\n\n<p>Titel: Wiedergeboren<\/p>\n\n\n\n<p>\u041d\u0430 \u0441\u0432\u043e\u0435\u0439 \u0440\u0430\u0431\u043e\u0442\u0435 \u044f \u0438\u0437\u043e\u0431\u0440\u0430\u0436\u0430\u044e \u043e\u0431\u0440\u0430\u0437 \u0434\u0435\u0432\u0443\u0448\u043a\u0438, \u043a\u043e\u0442\u043e\u0440\u0430\u044f \u043f\u043e\u044f\u0432\u0438\u043b\u0430\u0441\u044c \u0438\u0437 \u043f\u0435\u043d\u044b \u0432\u043e\u0434. \u041e\u043d\u0430 \u043e\u043b\u0438\u0446\u0435\u0442\u0432\u043e\u0440\u0435\u043d\u0438\u0435 \u0447\u0435\u043b\u043e\u0432\u0435\u0447\u0435\u0441\u043a\u0438\u0445 \u0447\u0443\u0432\u0441\u0442\u0432, \u0430 \u0438\u043c\u0435\u043d\u043d\u043e \u043b\u044e\u0431\u0432\u0438. \u041d\u0430 \u0440\u0438\u0441\u0443\u043d\u043a\u0435 \u043f\u043e\u043a\u0430\u0437\u0430\u043d\u0430 \u0431\u043e\u0440\u044c\u0431\u0430 \u043c\u0440\u0430\u0447\u043d\u043e\u0433\u043e \u0447\u0435\u043b\u043e\u0432\u0435\u0447\u0435\u0441\u043a\u043e\u0433\u043e \u043c\u0438\u0440\u0430 \u0438 \u0441\u0432\u0435\u0442\u043b\u044b\u0445 \u0447\u0443\u0432\u0441\u0442\u0432 \u043b\u044e\u0434\u0435\u0439.<\/p>\n\n\n\n<p>In meiner Arbeit stelle ich das Bild eines M\u00e4dchens dar, das aus dem Schaum des Wassers auftaucht. Sie ist die Verk\u00f6rperung menschlicher Gef\u00fchle, n\u00e4mlich der Liebe. Die Figur zeigt den Kampf der d\u00fcsteren Menschenwelt und die hellen Gef\u00fchle der Menschen.<\/p>\n\n\n\n<p>\u041a\u0430\u043a \u0438\u0437 \u043f\u0435\u043d\u044b \u0432\u043e\u043b\u043d \u0440\u043e\u0436\u0434\u0435\u043d\u043d\u0430\u044f.<\/p>\n\n\n\n<p>\u0418 \u043f\u0440\u0435\u043a\u0440\u0430\u0441\u043d\u0430 \u0438 \u043f\u044b\u0448\u043d\u0430,<\/p>\n\n\n\n<p>\u0417\u0430 \u0434\u0440\u0443\u0433\u043e\u0433\u043e \u043e\u0431\u0440\u0443\u0447\u0435\u043d\u043d\u0430\u044f,<\/p>\n\n\n\n<p>\u0414\u044b\u0448\u0438\u0442 \u043f\u0440\u0435\u043b\u0435\u0441\u0442\u044c\u044e \u043e\u043d\u0430.<\/p>\n\n\n\n<p>\u0421\u0435\u0440\u0434\u0446\u0435 \u043c\u043d\u043e\u0433\u043e\u0442\u0435\u0440\u043f\u0435\u043b\u0438\u0432\u043e\u0435!<\/p>\n\n\n\n<p>\u041d\u0435 \u0440\u043e\u043f\u0449\u0438 \u0438 \u043d\u0435 \u0433\u0440\u0443\u0441\u0442\u0438,<\/p>\n\n\n\n<p>\u0418 \u0431\u0435\u0437\u0443\u043c\u0441\u0442\u0432\u043e \u0442\u043e\u0440\u043e\u043f\u043b\u0438\u0432\u043e\u0435<\/p>\n\n\n\n<p>\u0411\u0435\u0434\u043d\u043e\u0439 \u0436\u0435\u043d\u0449\u0438\u043d\u0435 \u043f\u0440\u043e\u0441\u0442\u0438.<\/p>\n","protected":false},"excerpt":{"rendered":"<p>\u0421\u043e\u0444\u044c\u044f \u041a\u0440\u0430\u0441\u0430\u0432\u0438\u043d\u0430, \u0448\u043a\u043e\u043b\u0430 \u211652 \u0433. \u042f\u0440\u043e\u0441\u043b\u0430\u0432\u043b\u044c Sophija Krasawina, Schule Nr.52 Jaroslawl \u041d\u0430\u0437\u0432\u0430\u043d\u0438\u0435: \u0412\u043e\u0437\u0440\u043e\u0436\u0434\u0451\u043d\u043d\u0430\u044f Titel: Wiedergeboren \u041d\u0430 \u0441\u0432\u043e\u0435\u0439 \u0440\u0430\u0431\u043e\u0442\u0435 \u044f \u0438\u0437\u043e\u0431\u0440\u0430\u0436\u0430\u044e \u043e\u0431\u0440\u0430\u0437 \u0434\u0435\u0432\u0443\u0448\u043a\u0438, \u043a\u043e\u0442\u043e\u0440\u0430\u044f \u043f\u043e\u044f\u0432\u0438\u043b\u0430\u0441\u044c \u0438\u0437 \u043f\u0435\u043d\u044b \u0432\u043e\u0434. \u041e\u043d\u0430 \u043e\u043b\u0438\u0446\u0435\u0442\u0432\u043e\u0440\u0435\u043d\u0438\u0435 \u0447\u0435\u043b\u043e\u0432\u0435\u0447\u0435\u0441\u043a\u0438\u0445 \u0447\u0443\u0432\u0441\u0442\u0432, \u0430 \u0438\u043c\u0435\u043d\u043d\u043e \u043b\u044e\u0431\u0432\u0438. \u041d\u0430 \u0440\u0438\u0441\u0443\u043d\u043a\u0435 \u043f\u043e\u043a\u0430\u0437\u0430\u043d\u0430 \u0431\u043e\u0440\u044c\u0431\u0430 \u043c\u0440\u0430\u0447\u043d\u043e\u0433\u043e \u0447\u0435\u043b\u043e\u0432\u0435\u0447\u0435\u0441\u043a\u043e\u0433\u043e \u043c\u0438\u0440\u0430 \u0438 \u0441\u0432\u0435\u0442\u043b\u044b\u0445 \u0447\u0443\u0432\u0441\u0442\u0432 \u043b\u044e\u0434\u0435\u0439. In meiner Arbeit stelle ich das Bild eines M\u00e4dchens dar, [&hellip;]<\/p>\n","protected":false},"author":2,"featured_media":2669,"comment_status":"closed","ping_status":"open","sticky":false,"template":"","format":"standard","meta":[],"categories":[19],"tags":[],"yoast_head":"<!-- This site is optimized with the Yoast SEO plugin v14.9 - https:\/\/yoast.com\/wordpress\/plugins\/seo\/ -->\n<title>\u0421\u043e\u0444\u044c\u044f \u041a\u0440\u0430\u0441\u0430\u0432\u0438\u043d\u0430, 16 \u043b\u0435\u0442 - Deutsche Tage in der Region Jaroslawl<\/title>\n<meta name=\"robots\" content=\"index, follow, max-snippet:-1, max-image-preview:large, max-video-preview:-1\" \/>\n<link rel=\"canonical\" href=\"https:\/\/yar.deutschetage.ru\/2649-2\/\" \/>\n<meta property=\"og:locale\" content=\"de_DE\" \/>\n<meta property=\"og:type\" content=\"article\" \/>\n<meta property=\"og:title\" content=\"\u0421\u043e\u0444\u044c\u044f \u041a\u0440\u0430\u0441\u0430\u0432\u0438\u043d\u0430, 16 \u043b\u0435\u0442 - Deutsche Tage in der Region Jaroslawl\" \/>\n<meta property=\"og:url\" content=\"https:\/\/yar.deutschetage.ru\/2649-2\/\" \/>\n<meta property=\"og:site_name\" content=\"Deutsche Tage in der Region Jaroslawl\" \/>\n<meta property=\"article:publisher\" content=\"https:\/\/www.facebook.com\/groups\/druzjagermanii\" \/>\n<meta property=\"article:published_time\" content=\"2022-10-18T11:40:02+00:00\" \/>\n<meta property=\"article:modified_time\" content=\"2022-11-04T16:22:23+00:00\" \/>\n<meta property=\"og:image\" content=\"https:\/\/yar.deutschetage.ru\/wp-content\/uploads\/2022\/10\/krasavina-sofya.jpg\" \/>\n\t<meta property=\"og:image:width\" content=\"1232\" \/>\n\t<meta property=\"og:image:height\" content=\"1720\" \/>\n<meta name=\"twitter:card\" content=\"summary_large_image\" \/>\n<script type=\"application\/ld+json\" class=\"yoast-schema-graph\">{\"@context\":\"https:\/\/schema.org\",\"@graph\":[{\"@type\":\"WebSite\",\"@id\":\"https:\/\/yar.deutschetage.ru\/de\/#website\",\"url\":\"https:\/\/yar.deutschetage.ru\/de\/\",\"name\":\"Deutsche Tage in der Region Jaroslawl\",\"description\":\"Wissenschaftliche Fantastik oder fantastische Wissenschaft\",\"potentialAction\":[{\"@type\":\"SearchAction\",\"target\":\"https:\/\/yar.deutschetage.ru\/de\/?s={search_term_string}\",\"query-input\":\"required name=search_term_string\"}],\"inLanguage\":\"de-DE\"},{\"@type\":\"ImageObject\",\"@id\":\"https:\/\/yar.deutschetage.ru\/2649-2\/#primaryimage\",\"inLanguage\":\"de-DE\",\"url\":\"https:\/\/yar.deutschetage.ru\/wp-content\/uploads\/2022\/10\/krasavina-sofya.jpg\",\"width\":1232,\"height\":1720},{\"@type\":\"WebPage\",\"@id\":\"https:\/\/yar.deutschetage.ru\/2649-2\/#webpage\",\"url\":\"https:\/\/yar.deutschetage.ru\/2649-2\/\",\"name\":\"\\u0421\\u043e\\u0444\\u044c\\u044f \\u041a\\u0440\\u0430\\u0441\\u0430\\u0432\\u0438\\u043d\\u0430, 16 \\u043b\\u0435\\u0442 - Deutsche Tage in der Region Jaroslawl\",\"isPartOf\":{\"@id\":\"https:\/\/yar.deutschetage.ru\/de\/#website\"},\"primaryImageOfPage\":{\"@id\":\"https:\/\/yar.deutschetage.ru\/2649-2\/#primaryimage\"},\"datePublished\":\"2022-10-18T11:40:02+00:00\",\"dateModified\":\"2022-11-04T16:22:23+00:00\",\"author\":{\"@id\":\"https:\/\/yar.deutschetage.ru\/de\/#\/schema\/person\/4f39fe90cebbcc93ada07890317ab455\"},\"breadcrumb\":{\"@id\":\"https:\/\/yar.deutschetage.ru\/2649-2\/#breadcrumb\"},\"inLanguage\":\"de-DE\",\"potentialAction\":[{\"@type\":\"ReadAction\",\"target\":[\"https:\/\/yar.deutschetage.ru\/2649-2\/\"]}]},{\"@type\":\"BreadcrumbList\",\"@id\":\"https:\/\/yar.deutschetage.ru\/2649-2\/#breadcrumb\",\"itemListElement\":[{\"@type\":\"ListItem\",\"position\":1,\"item\":{\"@type\":\"WebPage\",\"@id\":\"https:\/\/yar.deutschetage.ru\/\",\"url\":\"https:\/\/yar.deutschetage.ru\/\",\"name\":\"\\u0413\\u043b\\u0430\\u0432\\u043d\\u0430\\u044f\"}},{\"@type\":\"ListItem\",\"position\":2,\"item\":{\"@type\":\"WebPage\",\"@id\":\"https:\/\/yar.deutschetage.ru\/2649-2\/\",\"url\":\"https:\/\/yar.deutschetage.ru\/2649-2\/\",\"name\":\"\\u0421\\u043e\\u0444\\u044c\\u044f \\u041a\\u0440\\u0430\\u0441\\u0430\\u0432\\u0438\\u043d\\u0430, 16 \\u043b\\u0435\\u0442\"}}]},{\"@type\":\"Person\",\"@id\":\"https:\/\/yar.deutschetage.ru\/de\/#\/schema\/person\/4f39fe90cebbcc93ada07890317ab455\",\"name\":\"\\u0412\\u0430\\u043b\\u0435\\u043d\\u0442\\u0438\\u043d\\u0430\",\"image\":{\"@type\":\"ImageObject\",\"@id\":\"https:\/\/yar.deutschetage.ru\/de\/#personlogo\",\"inLanguage\":\"de-DE\",\"url\":\"https:\/\/secure.gravatar.com\/avatar\/1fe39c6a447b1a4ad661671d48304a9e?s=96&d=mm&r=g\",\"caption\":\"\\u0412\\u0430\\u043b\\u0435\\u043d\\u0442\\u0438\\u043d\\u0430\"}}]}<\/script>\n<!-- \/ Yoast SEO plugin. -->","_links":{"self":[{"href":"https:\/\/yar.deutschetage.ru\/de\/wp-json\/wp\/v2\/posts\/2649"}],"collection":[{"href":"https:\/\/yar.deutschetage.ru\/de\/wp-json\/wp\/v2\/posts"}],"about":[{"href":"https:\/\/yar.deutschetage.ru\/de\/wp-json\/wp\/v2\/types\/post"}],"author":[{"embeddable":true,"href":"https:\/\/yar.deutschetage.ru\/de\/wp-json\/wp\/v2\/users\/2"}],"replies":[{"embeddable":true,"href":"https:\/\/yar.deutschetage.ru\/de\/wp-json\/wp\/v2\/comments?post=2649"}],"version-history":[{"count":3,"href":"https:\/\/yar.deutschetage.ru\/de\/wp-json\/wp\/v2\/posts\/2649\/revisions"}],"predecessor-version":[{"id":2704,"href":"https:\/\/yar.deutschetage.ru\/de\/wp-json\/wp\/v2\/posts\/2649\/revisions\/2704"}],"wp:featuredmedia":[{"embeddable":true,"href":"https:\/\/yar.deutschetage.ru\/de\/wp-json\/wp\/v2\/media\/2669"}],"wp:attachment":[{"href":"https:\/\/yar.deutschetage.ru\/de\/wp-json\/wp\/v2\/media?parent=2649"}],"wp:term":[{"taxonomy":"category","embeddable":true,"href":"https:\/\/yar.deutschetage.ru\/de\/wp-json\/wp\/v2\/categories?post=2649"},{"taxonomy":"post_tag","embeddable":true,"href":"https:\/\/yar.deutschetage.ru\/de\/wp-json\/wp\/v2\/tags?post=2649"}],"curies":[{"name":"wp","href":"https:\/\/api.w.org\/{rel}","templated":true}]}}