{"id":303,"date":"2020-09-16T07:10:32","date_gmt":"2020-09-16T07:10:32","guid":{"rendered":"https:\/\/yar.deutschetage.ru\/?p=303"},"modified":"2020-09-17T19:12:54","modified_gmt":"2020-09-17T19:12:54","slug":"gody-zhizni","status":"publish","type":"post","link":"https:\/\/yar.deutschetage.ru\/de\/gody-zhizni\/","title":{"rendered":"Lebensjahre"},"content":{"rendered":"\n<p>Ludwig van Beethoven wurde 1770 in der deutschen Stadt Bonn in der Familie des Tenors der Hofkapelle geboren. Die Tatsache der Geburt in einer Familie erblicher Musiker bestimmte das Schicksal des Jungen. Der erste Musiklehrer war sein Vater, der davon tr\u00e4umte, aus seinem Sohn einen zweiten Mozart zu machen. Mit neun Jahren hatte Beethoven seinen Vater in der Klaviertechnik \u00fcbertroffen, und mit elf Jahren wurde er Assistent des Hoforganisten.<\/p>\n\n\n\n<div class=\"wp-block-media-text alignwide is-stacked-on-mobile\" style=\"grid-template-columns:28% auto\"><figure class=\"wp-block-media-text__media\"><img loading=\"lazy\" width=\"664\" height=\"1024\" src=\"https:\/\/yar.deutschetage.ru\/wp-content\/uploads\/2020\/09\/5-beethovenhaus-bonn-5-664x1024.jpg\" alt=\"\" class=\"wp-image-358\" srcset=\"https:\/\/yar.deutschetage.ru\/wp-content\/uploads\/2020\/09\/5-beethovenhaus-bonn-5-664x1024.jpg 664w, https:\/\/yar.deutschetage.ru\/wp-content\/uploads\/2020\/09\/5-beethovenhaus-bonn-5-195x300.jpg 195w, https:\/\/yar.deutschetage.ru\/wp-content\/uploads\/2020\/09\/5-beethovenhaus-bonn-5-768x1184.jpg 768w, https:\/\/yar.deutschetage.ru\/wp-content\/uploads\/2020\/09\/5-beethovenhaus-bonn-5.jpg 830w\" sizes=\"(max-width: 664px) 100vw, 664px\" \/><\/figure><div class=\"wp-block-media-text__content\">\n<p>Beethovens unruhige Natur, die in Bon Anerkennung gefunden hat, eilt nach Wien, der Musikhauptstadt Europas. Dort tr\u00e4umt er davon, den \u201eK\u00f6nig der Musik\u201c Mozart zu treffen. Es ist nicht bekannt, ob sie sich trafen oder nicht, aber die Legende schreibt Mozart die Worte zu: &#8222;Pass auf diesen Mann auf, er wird die Welt \u00fcber sich selbst sprechen lassen!&#8220;<\/p>\n<\/div><\/div>\n\n\n\n<p>Der Tod seiner geliebten Mutter zwingt Beethoven, nach Bonn zur\u00fcckzukehren. Die ganze F\u00fcrsorge f\u00fcr die beiden j\u00fcngeren Br\u00fcder und den Vater fiel ihm auf die Schultern. Zur Unterst\u00fctzung seiner Familie dient Ludwig im Opernhaus, spielt Bratsche und gibt unz\u00e4hlige Lektionen. Beethoven unterrichtete nicht gern. W\u00e4hrend des Unterrichts konnte er in einen anderen Raum gehen und dort schreiben oder andere Dinge tun. Trotz seiner inh\u00e4renten Gereiztheit sagten alle seine Sch\u00fcler, dass er w\u00e4hrend des Unterrichts sehr geduldig war.<\/p>\n\n\n\n<div class=\"wp-block-media-text alignwide has-media-on-the-right is-stacked-on-mobile\"><figure class=\"wp-block-media-text__media\"><img loading=\"lazy\" width=\"700\" height=\"394\" src=\"https:\/\/yar.deutschetage.ru\/wp-content\/uploads\/2020\/09\/45350335_303-2.jpg\" alt=\"\" class=\"wp-image-386\" srcset=\"https:\/\/yar.deutschetage.ru\/wp-content\/uploads\/2020\/09\/45350335_303-2.jpg 700w, https:\/\/yar.deutschetage.ru\/wp-content\/uploads\/2020\/09\/45350335_303-2-300x169.jpg 300w\" sizes=\"(max-width: 700px) 100vw, 700px\" \/><\/figure><div class=\"wp-block-media-text__content\">\n<p>Das kleine Bonn war f\u00fcr einen jungen Musiker unertr\u00e4glich eng. Ludwig war sich seiner p\u00e4dagogischen M\u00e4ngel bewusst.<\/p>\n<\/div><\/div>\n\n\n\n<p>Er musste eine gute Musikschule durchlaufen. Mit zweiundzwanzig Jahren geht er wieder nach Wien, wo er die Ausbildung zum gro\u00dfen Haydn beginnt.<\/p>\n\n\n\n<p>Wien war beeindruckt von Beethovens st\u00fcrmischen Improvisationen. In seiner Virtuosit\u00e4t am Klavier \u00fcbertraf er alle seine Zeitgenossen. Die Werke des Komponisten waren f\u00fcr Wien nicht weniger auff\u00e4llig. Schnelle, ungest\u00fcme, st\u00fcrmische Musik dr\u00fcckte einige neue Gef\u00fchle und Ideen aus, die manchmal noch nicht verst\u00e4ndlich waren, aber so die Zuh\u00f6rer anzogen. Und das ganze Aussehen des Komponisten unterschied ihn scharf von denen um ihn herum. <\/p>\n\n\n\n<div class=\"wp-block-media-text alignwide is-stacked-on-mobile\"><figure class=\"wp-block-media-text__media\"><img loading=\"lazy\" width=\"697\" height=\"840\" src=\"https:\/\/yar.deutschetage.ru\/wp-content\/uploads\/2020\/09\/5097-1.jpg\" alt=\"\" class=\"wp-image-387\" srcset=\"https:\/\/yar.deutschetage.ru\/wp-content\/uploads\/2020\/09\/5097-1.jpg 697w, https:\/\/yar.deutschetage.ru\/wp-content\/uploads\/2020\/09\/5097-1-249x300.jpg 249w\" sizes=\"(max-width: 697px) 100vw, 697px\" \/><\/figure><div class=\"wp-block-media-text__content\">\n<p>Beethoven war ein kleiner Mann, untersetzt, mit einem Gesicht voller Pocken. Er trug nie eine Per\u00fccke, sein dunkles Haar fiel ihm \u00fcber die Stirn. Er war unh\u00f6flich in seinen Bewegungen, oft hart mit Menschen. Aber manchmal wurde er pl\u00f6tzlich ungez\u00fcgelt fr\u00f6hlich und sarkastisch. Beethoven schmeichelte nie, und diese Eigenschaft machte sich viele Feinde.<\/p>\n<\/div><\/div>\n\n\n\n<p>1789 fand in Frankreich eine Revolution statt. Beethoven ist erf\u00fcllt von den Ideen der Freiheit, der universellen Gleichheit und der Br\u00fcderlichkeit. Der junge General Napoleon Bonaparte wird sein Held. Der Komponist widmet ihm seine \u201eHeroic Symphony\u201c. Aber weitere Aktionen des \u201eHelden\u201c entt\u00e4uschen Beethoven. Er erkennt, dass Napoleon kein anderer als ein schrecklicher Tyrann ist, der den Menschen Ungl\u00fcck bringt, und lehnt die urspr\u00fcngliche Widmung der Symphonie ab.<\/p>\n\n\n\n<p>Die Trag\u00f6die in Beethovens Leben war seine Taubheit. Die Krankheit machte sich im Alter von 26 Jahren bemerkbar. \u201eMeine Ohren\u201c, schreibt er, \u201eTag und Nacht summen und summen. Ich kann sagen, dass mein Leben das elendeste ist. &#8220; Beethovens Werke wurden zu Lebzeiten des Komponisten in gro\u00dfer Zahl ver\u00f6ffentlicht. Aber dieser Mann kannte den Wert des Geldes \u00fcberhaupt nicht. Er stieg in die h\u00f6heren Bereiche auf und gab viel mehr aus, als er erhielt.<\/p>\n\n\n\n<p>Beethovens Taubheit nimmt zu, er wird zur\u00fcckgezogener und einsamer. Der Antrag des Komponisten auf Dauerarbeit im Opernhaus wird abgelehnt. Infolge seiner Krankheit gibt er keine Liederabende mehr und seine finanziellen Schwierigkeiten nehmen allm\u00e4hlich zu.<\/p>\n\n\n\n<p>Krankheit und Einsamkeit konnten den gro\u00dfen Meister jedoch nicht brechen. Er kr\u00f6nt sein Werk mit einem der genialsten Werke, die er geschaffen hat &#8211; der Neunten Symphonie. Beim Konzert dirigierte Beethoven selbst die Symphonie. Das Theater war \u00fcberf\u00fcllt. Nach dem Ende der Arbeit explodierte das Publikum mit Applaus und enthusiastischen Rufen, aber Beethoven blieb stehen, drehte dem Publikum den R\u00fccken zu und bemerkte nichts. Es gab Tr\u00e4nen in den Augen der Darsteller. Die Musik des Komponisten ert\u00f6nte in ihm, und \u00e4u\u00dfere Ger\u00e4usche blieben au\u00dferhalb seiner Ohren.<\/p>\n\n\n\n<p>Der gro\u00dfe Komponist starb 1827 in Armut und Einsamkeit. Bei der Beerdigung des Wiener Klassikers waren laut Augenzeugen etwa zwanzigtausend Menschen anwesend.<\/p>\n","protected":false},"excerpt":{"rendered":"<p>Ludwig van Beethoven wurde 1770 in der deutschen Stadt Bonn in der Familie des Tenors der Hofkapelle geboren. Die Tatsache der Geburt in einer Familie erblicher Musiker bestimmte das Schicksal des Jungen. Der erste Musiklehrer war sein Vater, der davon tr\u00e4umte, aus seinem Sohn einen zweiten Mozart zu machen. Mit neun Jahren hatte Beethoven seinen [&hellip;]<\/p>\n","protected":false},"author":2,"featured_media":0,"comment_status":"closed","ping_status":"open","sticky":false,"template":"","format":"standard","meta":[],"categories":[7],"tags":[],"yoast_head":"<!-- This site is optimized with the Yoast SEO plugin v14.9 - https:\/\/yoast.com\/wordpress\/plugins\/seo\/ -->\n<title>Lebensjahre - Deutsche Tage in der Region Jaroslawl<\/title>\n<meta name=\"robots\" content=\"index, follow, max-snippet:-1, max-image-preview:large, max-video-preview:-1\" \/>\n<link rel=\"canonical\" href=\"https:\/\/yar.deutschetage.ru\/gody-zhizni\/\" \/>\n<meta property=\"og:locale\" content=\"de_DE\" \/>\n<meta property=\"og:type\" content=\"article\" \/>\n<meta property=\"og:title\" content=\"Lebensjahre - Deutsche Tage in der Region Jaroslawl\" \/>\n<meta property=\"og:url\" content=\"https:\/\/yar.deutschetage.ru\/gody-zhizni\/\" \/>\n<meta property=\"og:site_name\" content=\"Deutsche Tage in der Region Jaroslawl\" \/>\n<meta property=\"article:publisher\" content=\"https:\/\/www.facebook.com\/groups\/druzjagermanii\" \/>\n<meta property=\"article:published_time\" content=\"2020-09-16T07:10:32+00:00\" \/>\n<meta property=\"article:modified_time\" content=\"2020-09-17T19:12:54+00:00\" \/>\n<meta property=\"og:image\" content=\"https:\/\/yar.deutschetage.ru\/wp-content\/uploads\/2020\/09\/5-beethovenhaus-bonn-6-664x1024.jpg\" \/>\n<meta name=\"twitter:card\" content=\"summary_large_image\" \/>\n<script type=\"application\/ld+json\" class=\"yoast-schema-graph\">{\"@context\":\"https:\/\/schema.org\",\"@graph\":[{\"@type\":\"WebSite\",\"@id\":\"https:\/\/yar.deutschetage.ru\/de\/#website\",\"url\":\"https:\/\/yar.deutschetage.ru\/de\/\",\"name\":\"Deutsche Tage in der Region Jaroslawl\",\"description\":\"Wissenschaftliche Fantastik oder fantastische Wissenschaft\",\"potentialAction\":[{\"@type\":\"SearchAction\",\"target\":\"https:\/\/yar.deutschetage.ru\/de\/?s={search_term_string}\",\"query-input\":\"required name=search_term_string\"}],\"inLanguage\":\"de-DE\"},{\"@type\":\"ImageObject\",\"@id\":\"https:\/\/yar.deutschetage.ru\/gody-zhizni\/#primaryimage\",\"inLanguage\":\"de-DE\",\"url\":\"https:\/\/yar.deutschetage.ru\/wp-content\/uploads\/2020\/09\/5-beethovenhaus-bonn-6.jpg\",\"width\":830,\"height\":1280,\"caption\":\"Bonn, Bonngasse mit Beethoven-Haus - anonymer Farbholzschnitt\"},{\"@type\":\"WebPage\",\"@id\":\"https:\/\/yar.deutschetage.ru\/gody-zhizni\/#webpage\",\"url\":\"https:\/\/yar.deutschetage.ru\/gody-zhizni\/\",\"name\":\"Lebensjahre - Deutsche Tage in der Region Jaroslawl\",\"isPartOf\":{\"@id\":\"https:\/\/yar.deutschetage.ru\/de\/#website\"},\"primaryImageOfPage\":{\"@id\":\"https:\/\/yar.deutschetage.ru\/gody-zhizni\/#primaryimage\"},\"datePublished\":\"2020-09-16T07:10:32+00:00\",\"dateModified\":\"2020-09-17T19:12:54+00:00\",\"author\":{\"@id\":\"https:\/\/yar.deutschetage.ru\/de\/#\/schema\/person\/4f39fe90cebbcc93ada07890317ab455\"},\"breadcrumb\":{\"@id\":\"https:\/\/yar.deutschetage.ru\/gody-zhizni\/#breadcrumb\"},\"inLanguage\":\"de-DE\",\"potentialAction\":[{\"@type\":\"ReadAction\",\"target\":[\"https:\/\/yar.deutschetage.ru\/gody-zhizni\/\"]}]},{\"@type\":\"BreadcrumbList\",\"@id\":\"https:\/\/yar.deutschetage.ru\/gody-zhizni\/#breadcrumb\",\"itemListElement\":[{\"@type\":\"ListItem\",\"position\":1,\"item\":{\"@type\":\"WebPage\",\"@id\":\"https:\/\/yar.deutschetage.ru\/\",\"url\":\"https:\/\/yar.deutschetage.ru\/\",\"name\":\"\\u0413\\u043b\\u0430\\u0432\\u043d\\u0430\\u044f\"}},{\"@type\":\"ListItem\",\"position\":2,\"item\":{\"@type\":\"WebPage\",\"@id\":\"https:\/\/yar.deutschetage.ru\/gody-zhizni\/\",\"url\":\"https:\/\/yar.deutschetage.ru\/gody-zhizni\/\",\"name\":\"\\u0413\\u043e\\u0434\\u044b \\u0436\\u0438\\u0437\\u043d\\u0438\"}}]},{\"@type\":\"Person\",\"@id\":\"https:\/\/yar.deutschetage.ru\/de\/#\/schema\/person\/4f39fe90cebbcc93ada07890317ab455\",\"name\":\"\\u0412\\u0430\\u043b\\u0435\\u043d\\u0442\\u0438\\u043d\\u0430\",\"image\":{\"@type\":\"ImageObject\",\"@id\":\"https:\/\/yar.deutschetage.ru\/de\/#personlogo\",\"inLanguage\":\"de-DE\",\"url\":\"https:\/\/secure.gravatar.com\/avatar\/1fe39c6a447b1a4ad661671d48304a9e?s=96&d=mm&r=g\",\"caption\":\"\\u0412\\u0430\\u043b\\u0435\\u043d\\u0442\\u0438\\u043d\\u0430\"}}]}<\/script>\n<!-- \/ Yoast SEO plugin. -->","_links":{"self":[{"href":"https:\/\/yar.deutschetage.ru\/de\/wp-json\/wp\/v2\/posts\/303"}],"collection":[{"href":"https:\/\/yar.deutschetage.ru\/de\/wp-json\/wp\/v2\/posts"}],"about":[{"href":"https:\/\/yar.deutschetage.ru\/de\/wp-json\/wp\/v2\/types\/post"}],"author":[{"embeddable":true,"href":"https:\/\/yar.deutschetage.ru\/de\/wp-json\/wp\/v2\/users\/2"}],"replies":[{"embeddable":true,"href":"https:\/\/yar.deutschetage.ru\/de\/wp-json\/wp\/v2\/comments?post=303"}],"version-history":[{"count":18,"href":"https:\/\/yar.deutschetage.ru\/de\/wp-json\/wp\/v2\/posts\/303\/revisions"}],"predecessor-version":[{"id":388,"href":"https:\/\/yar.deutschetage.ru\/de\/wp-json\/wp\/v2\/posts\/303\/revisions\/388"}],"wp:attachment":[{"href":"https:\/\/yar.deutschetage.ru\/de\/wp-json\/wp\/v2\/media?parent=303"}],"wp:term":[{"taxonomy":"category","embeddable":true,"href":"https:\/\/yar.deutschetage.ru\/de\/wp-json\/wp\/v2\/categories?post=303"},{"taxonomy":"post_tag","embeddable":true,"href":"https:\/\/yar.deutschetage.ru\/de\/wp-json\/wp\/v2\/tags?post=303"}],"curies":[{"name":"wp","href":"https:\/\/api.w.org\/{rel}","templated":true}]}}