{"id":3116,"date":"2023-01-21T15:37:47","date_gmt":"2023-01-21T15:37:47","guid":{"rendered":"https:\/\/yar.deutschetage.ru\/?p=3116"},"modified":"2023-04-05T20:18:15","modified_gmt":"2023-04-05T20:18:15","slug":"11-yanvarya-avtorskaya-vystavka-eleny-i-arkadiya-piven","status":"publish","type":"post","link":"https:\/\/yar.deutschetage.ru\/de\/11-yanvarya-avtorskaya-vystavka-eleny-i-arkadiya-piven\/","title":{"rendered":"Jubilaeumsausstellung von E. Piven"},"content":{"rendered":"\n<figure class=\"wp-block-image size-large\"><img loading=\"lazy\" width=\"640\" height=\"480\" src=\"https:\/\/yar.deutschetage.ru\/wp-content\/uploads\/2023\/03\/piven-3.jpg\" alt=\"\" class=\"wp-image-3117\" srcset=\"https:\/\/yar.deutschetage.ru\/wp-content\/uploads\/2023\/03\/piven-3.jpg 640w, https:\/\/yar.deutschetage.ru\/wp-content\/uploads\/2023\/03\/piven-3-300x225.jpg 300w\" sizes=\"(max-width: 640px) 100vw, 640px\" \/><\/figure>\n\n\n\n<p>Anfang des Jahres 2023 ist von einem wichtigen Ereignis gepr\u00e4gt. Am 11. Januar fand im Ausstellungssaal des Verbandes der K\u00fcnstler der Region Jaroslawl die Er\u00f6ffnung der Jubil\u00e4umsausstellung von Elena und Arkady Piven statt. Freunde und Kollegen kamen, um den K\u00fcnstlern zu einem wunderbaren Ereignis zu gratulieren. Vertreter der Stadtverwaltung dankten den K\u00fcnstlern f\u00fcr ihren Beitrag zur Entwicklung der Kultur Jaroslawls. Elena und Arkady erfreuten die G\u00e4ste der Ausstellung mit gro\u00dfartigen Beispielen russischer bildender Kunst. Die Ausstellung pr\u00e4sentierte sowohl die neuesten Arbeiten der Autoren als auch die fr\u00fchesten Beispiele der Arbeit der K\u00fcnstler, die keinen der Besucher der Ausstellung gleichg\u00fcltig lie\u00dfen.<\/p>\n\n\n\n<p>Ein separates kreatives Thema \u2013 Stadtlandschaften im franz\u00f6sischen Elsass und im deutschen Hessen \u2013 wurde von Reisen in europ\u00e4ische St\u00e4dte inspiriert.<\/p>\n\n\n\n<p>Elena und Arkady sind aktive Teilnehmer an deutsch-russischen freundschaftlichen Beziehungen und Mitglieder der Jaroslawler Gesellschaft f\u00fcr russisch-deutsch-franz\u00f6sische Freundschaft.<\/p>\n\n\n\n<figure class=\"wp-block-gallery columns-3 is-cropped\"><ul class=\"blocks-gallery-grid\"><li class=\"blocks-gallery-item\"><figure><img loading=\"lazy\" width=\"693\" height=\"636\" src=\"https:\/\/yar.deutschetage.ru\/wp-content\/uploads\/2023\/03\/kopiya-snimok-ekrana-2023-03-21-v-18.41.46.png\" alt=\"\" data-id=\"3118\" data-full-url=\"https:\/\/yar.deutschetage.ru\/wp-content\/uploads\/2023\/03\/kopiya-snimok-ekrana-2023-03-21-v-18.41.46.png\" data-link=\"https:\/\/yar.deutschetage.ru\/11-yanvarya-avtorskaya-vystavka-eleny-i-arkadiya-piven\/kopiya-snimok-ekrana-2023-03-21-v-18-41-46\/\" class=\"wp-image-3118\" srcset=\"https:\/\/yar.deutschetage.ru\/wp-content\/uploads\/2023\/03\/kopiya-snimok-ekrana-2023-03-21-v-18.41.46.png 693w, https:\/\/yar.deutschetage.ru\/wp-content\/uploads\/2023\/03\/kopiya-snimok-ekrana-2023-03-21-v-18.41.46-300x275.png 300w\" sizes=\"(max-width: 693px) 100vw, 693px\" \/><\/figure><\/li><li class=\"blocks-gallery-item\"><figure><img loading=\"lazy\" width=\"694\" height=\"631\" src=\"https:\/\/yar.deutschetage.ru\/wp-content\/uploads\/2023\/03\/kopiya-snimok-ekrana-2023-03-21-v-18.42.46.png\" alt=\"\" data-id=\"3120\" data-full-url=\"https:\/\/yar.deutschetage.ru\/wp-content\/uploads\/2023\/03\/kopiya-snimok-ekrana-2023-03-21-v-18.42.46.png\" data-link=\"https:\/\/yar.deutschetage.ru\/11-yanvarya-avtorskaya-vystavka-eleny-i-arkadiya-piven\/kopiya-snimok-ekrana-2023-03-21-v-18-42-46\/\" class=\"wp-image-3120\" srcset=\"https:\/\/yar.deutschetage.ru\/wp-content\/uploads\/2023\/03\/kopiya-snimok-ekrana-2023-03-21-v-18.42.46.png 694w, https:\/\/yar.deutschetage.ru\/wp-content\/uploads\/2023\/03\/kopiya-snimok-ekrana-2023-03-21-v-18.42.46-300x273.png 300w\" sizes=\"(max-width: 694px) 100vw, 694px\" \/><\/figure><\/li><li class=\"blocks-gallery-item\"><figure><img loading=\"lazy\" width=\"693\" height=\"633\" src=\"https:\/\/yar.deutschetage.ru\/wp-content\/uploads\/2023\/03\/kopiya-snimok-ekrana-2023-03-21-v-18.42.19.png\" alt=\"\" data-id=\"3119\" data-full-url=\"https:\/\/yar.deutschetage.ru\/wp-content\/uploads\/2023\/03\/kopiya-snimok-ekrana-2023-03-21-v-18.42.19.png\" data-link=\"https:\/\/yar.deutschetage.ru\/11-yanvarya-avtorskaya-vystavka-eleny-i-arkadiya-piven\/kopiya-snimok-ekrana-2023-03-21-v-18-42-19\/\" class=\"wp-image-3119\" srcset=\"https:\/\/yar.deutschetage.ru\/wp-content\/uploads\/2023\/03\/kopiya-snimok-ekrana-2023-03-21-v-18.42.19.png 693w, https:\/\/yar.deutschetage.ru\/wp-content\/uploads\/2023\/03\/kopiya-snimok-ekrana-2023-03-21-v-18.42.19-300x274.png 300w\" sizes=\"(max-width: 693px) 100vw, 693px\" \/><\/figure><\/li><\/ul><\/figure>\n\n\n\n<figure class=\"wp-block-gallery columns-2 is-cropped\"><ul class=\"blocks-gallery-grid\"><li class=\"blocks-gallery-item\"><figure><img loading=\"lazy\" width=\"480\" height=\"640\" src=\"https:\/\/yar.deutschetage.ru\/wp-content\/uploads\/2023\/03\/piven-2-rotated.jpg\" alt=\"\" data-id=\"3122\" data-full-url=\"https:\/\/yar.deutschetage.ru\/wp-content\/uploads\/2023\/03\/piven-2-rotated.jpg\" data-link=\"https:\/\/yar.deutschetage.ru\/11-yanvarya-avtorskaya-vystavka-eleny-i-arkadiya-piven\/piven-2\/\" class=\"wp-image-3122\" srcset=\"https:\/\/yar.deutschetage.ru\/wp-content\/uploads\/2023\/03\/piven-2-rotated.jpg 480w, https:\/\/yar.deutschetage.ru\/wp-content\/uploads\/2023\/03\/piven-2-225x300.jpg 225w\" sizes=\"(max-width: 480px) 100vw, 480px\" \/><\/figure><\/li><li class=\"blocks-gallery-item\"><figure><img loading=\"lazy\" width=\"480\" height=\"640\" src=\"https:\/\/yar.deutschetage.ru\/wp-content\/uploads\/2023\/03\/piven-1-rotated.jpg\" alt=\"\" data-id=\"3121\" data-full-url=\"https:\/\/yar.deutschetage.ru\/wp-content\/uploads\/2023\/03\/piven-1-rotated.jpg\" data-link=\"https:\/\/yar.deutschetage.ru\/11-yanvarya-avtorskaya-vystavka-eleny-i-arkadiya-piven\/piven-1\/\" class=\"wp-image-3121\" srcset=\"https:\/\/yar.deutschetage.ru\/wp-content\/uploads\/2023\/03\/piven-1-rotated.jpg 480w, https:\/\/yar.deutschetage.ru\/wp-content\/uploads\/2023\/03\/piven-1-225x300.jpg 225w\" sizes=\"(max-width: 480px) 100vw, 480px\" \/><\/figure><\/li><\/ul><\/figure>\n","protected":false},"excerpt":{"rendered":"<p>Anfang des Jahres 2023 ist von einem wichtigen Ereignis gepr\u00e4gt. Am 11. Januar fand im Ausstellungssaal des Verbandes der K\u00fcnstler der Region Jaroslawl die Er\u00f6ffnung der Jubil\u00e4umsausstellung von Elena und Arkady Piven statt. Freunde und Kollegen kamen, um den K\u00fcnstlern zu einem wunderbaren Ereignis zu gratulieren. Vertreter der Stadtverwaltung dankten den K\u00fcnstlern f\u00fcr ihren Beitrag [&hellip;]<\/p>\n","protected":false},"author":2,"featured_media":3117,"comment_status":"closed","ping_status":"open","sticky":false,"template":"","format":"standard","meta":[],"categories":[23],"tags":[],"yoast_head":"<!-- This site is optimized with the Yoast SEO plugin v14.9 - https:\/\/yoast.com\/wordpress\/plugins\/seo\/ -->\n<title>Jubilaeumsausstellung von E. Piven - Deutsche Tage in der Region Jaroslawl<\/title>\n<meta name=\"robots\" content=\"index, follow, max-snippet:-1, max-image-preview:large, max-video-preview:-1\" \/>\n<link rel=\"canonical\" href=\"https:\/\/yar.deutschetage.ru\/11-yanvarya-avtorskaya-vystavka-eleny-i-arkadiya-piven\/\" \/>\n<meta property=\"og:locale\" content=\"de_DE\" \/>\n<meta property=\"og:type\" content=\"article\" \/>\n<meta property=\"og:title\" content=\"Jubilaeumsausstellung von E. Piven - Deutsche Tage in der Region Jaroslawl\" \/>\n<meta property=\"og:url\" content=\"https:\/\/yar.deutschetage.ru\/11-yanvarya-avtorskaya-vystavka-eleny-i-arkadiya-piven\/\" \/>\n<meta property=\"og:site_name\" content=\"Deutsche Tage in der Region Jaroslawl\" \/>\n<meta property=\"article:publisher\" content=\"https:\/\/www.facebook.com\/groups\/druzjagermanii\" \/>\n<meta property=\"article:published_time\" content=\"2023-01-21T15:37:47+00:00\" \/>\n<meta property=\"article:modified_time\" content=\"2023-04-05T20:18:15+00:00\" \/>\n<meta property=\"og:image\" content=\"https:\/\/yar.deutschetage.ru\/wp-content\/uploads\/2023\/03\/piven-3.jpg\" \/>\n\t<meta property=\"og:image:width\" content=\"640\" \/>\n\t<meta property=\"og:image:height\" content=\"480\" \/>\n<meta name=\"twitter:card\" content=\"summary_large_image\" \/>\n<script type=\"application\/ld+json\" class=\"yoast-schema-graph\">{\"@context\":\"https:\/\/schema.org\",\"@graph\":[{\"@type\":\"WebSite\",\"@id\":\"https:\/\/yar.deutschetage.ru\/de\/#website\",\"url\":\"https:\/\/yar.deutschetage.ru\/de\/\",\"name\":\"Deutsche Tage in der Region Jaroslawl\",\"description\":\"Wissenschaftliche Fantastik oder fantastische Wissenschaft\",\"potentialAction\":[{\"@type\":\"SearchAction\",\"target\":\"https:\/\/yar.deutschetage.ru\/de\/?s={search_term_string}\",\"query-input\":\"required name=search_term_string\"}],\"inLanguage\":\"de-DE\"},{\"@type\":\"ImageObject\",\"@id\":\"https:\/\/yar.deutschetage.ru\/11-yanvarya-avtorskaya-vystavka-eleny-i-arkadiya-piven\/#primaryimage\",\"inLanguage\":\"de-DE\",\"url\":\"https:\/\/yar.deutschetage.ru\/wp-content\/uploads\/2023\/03\/piven-3.jpg\",\"width\":640,\"height\":480},{\"@type\":\"WebPage\",\"@id\":\"https:\/\/yar.deutschetage.ru\/11-yanvarya-avtorskaya-vystavka-eleny-i-arkadiya-piven\/#webpage\",\"url\":\"https:\/\/yar.deutschetage.ru\/11-yanvarya-avtorskaya-vystavka-eleny-i-arkadiya-piven\/\",\"name\":\"Jubilaeumsausstellung von E. Piven - Deutsche Tage in der Region Jaroslawl\",\"isPartOf\":{\"@id\":\"https:\/\/yar.deutschetage.ru\/de\/#website\"},\"primaryImageOfPage\":{\"@id\":\"https:\/\/yar.deutschetage.ru\/11-yanvarya-avtorskaya-vystavka-eleny-i-arkadiya-piven\/#primaryimage\"},\"datePublished\":\"2023-01-21T15:37:47+00:00\",\"dateModified\":\"2023-04-05T20:18:15+00:00\",\"author\":{\"@id\":\"https:\/\/yar.deutschetage.ru\/de\/#\/schema\/person\/4f39fe90cebbcc93ada07890317ab455\"},\"breadcrumb\":{\"@id\":\"https:\/\/yar.deutschetage.ru\/11-yanvarya-avtorskaya-vystavka-eleny-i-arkadiya-piven\/#breadcrumb\"},\"inLanguage\":\"de-DE\",\"potentialAction\":[{\"@type\":\"ReadAction\",\"target\":[\"https:\/\/yar.deutschetage.ru\/11-yanvarya-avtorskaya-vystavka-eleny-i-arkadiya-piven\/\"]}]},{\"@type\":\"BreadcrumbList\",\"@id\":\"https:\/\/yar.deutschetage.ru\/11-yanvarya-avtorskaya-vystavka-eleny-i-arkadiya-piven\/#breadcrumb\",\"itemListElement\":[{\"@type\":\"ListItem\",\"position\":1,\"item\":{\"@type\":\"WebPage\",\"@id\":\"https:\/\/yar.deutschetage.ru\/\",\"url\":\"https:\/\/yar.deutschetage.ru\/\",\"name\":\"\\u0413\\u043b\\u0430\\u0432\\u043d\\u0430\\u044f\"}},{\"@type\":\"ListItem\",\"position\":2,\"item\":{\"@type\":\"WebPage\",\"@id\":\"https:\/\/yar.deutschetage.ru\/11-yanvarya-avtorskaya-vystavka-eleny-i-arkadiya-piven\/\",\"url\":\"https:\/\/yar.deutschetage.ru\/11-yanvarya-avtorskaya-vystavka-eleny-i-arkadiya-piven\/\",\"name\":\"\\u042e\\u0431\\u0438\\u043b\\u0435\\u0439\\u043d\\u0430\\u044f \\u0432\\u044b\\u0441\\u0442\\u0430\\u0432\\u043a\\u0430 \\u0415. \\u041f\\u0438\\u0432\\u0435\\u043d\\u044c\"}}]},{\"@type\":\"Person\",\"@id\":\"https:\/\/yar.deutschetage.ru\/de\/#\/schema\/person\/4f39fe90cebbcc93ada07890317ab455\",\"name\":\"\\u0412\\u0430\\u043b\\u0435\\u043d\\u0442\\u0438\\u043d\\u0430\",\"image\":{\"@type\":\"ImageObject\",\"@id\":\"https:\/\/yar.deutschetage.ru\/de\/#personlogo\",\"inLanguage\":\"de-DE\",\"url\":\"https:\/\/secure.gravatar.com\/avatar\/1fe39c6a447b1a4ad661671d48304a9e?s=96&d=mm&r=g\",\"caption\":\"\\u0412\\u0430\\u043b\\u0435\\u043d\\u0442\\u0438\\u043d\\u0430\"}}]}<\/script>\n<!-- \/ Yoast SEO plugin. -->","_links":{"self":[{"href":"https:\/\/yar.deutschetage.ru\/de\/wp-json\/wp\/v2\/posts\/3116"}],"collection":[{"href":"https:\/\/yar.deutschetage.ru\/de\/wp-json\/wp\/v2\/posts"}],"about":[{"href":"https:\/\/yar.deutschetage.ru\/de\/wp-json\/wp\/v2\/types\/post"}],"author":[{"embeddable":true,"href":"https:\/\/yar.deutschetage.ru\/de\/wp-json\/wp\/v2\/users\/2"}],"replies":[{"embeddable":true,"href":"https:\/\/yar.deutschetage.ru\/de\/wp-json\/wp\/v2\/comments?post=3116"}],"version-history":[{"count":4,"href":"https:\/\/yar.deutschetage.ru\/de\/wp-json\/wp\/v2\/posts\/3116\/revisions"}],"predecessor-version":[{"id":3259,"href":"https:\/\/yar.deutschetage.ru\/de\/wp-json\/wp\/v2\/posts\/3116\/revisions\/3259"}],"wp:featuredmedia":[{"embeddable":true,"href":"https:\/\/yar.deutschetage.ru\/de\/wp-json\/wp\/v2\/media\/3117"}],"wp:attachment":[{"href":"https:\/\/yar.deutschetage.ru\/de\/wp-json\/wp\/v2\/media?parent=3116"}],"wp:term":[{"taxonomy":"category","embeddable":true,"href":"https:\/\/yar.deutschetage.ru\/de\/wp-json\/wp\/v2\/categories?post=3116"},{"taxonomy":"post_tag","embeddable":true,"href":"https:\/\/yar.deutschetage.ru\/de\/wp-json\/wp\/v2\/tags?post=3116"}],"curies":[{"name":"wp","href":"https:\/\/api.w.org\/{rel}","templated":true}]}}