{"id":313,"date":"2020-09-16T07:51:32","date_gmt":"2020-09-16T07:51:32","guid":{"rendered":"https:\/\/yar.deutschetage.ru\/?p=313"},"modified":"2020-09-17T19:19:11","modified_gmt":"2020-09-17T19:19:11","slug":"epoha","status":"publish","type":"post","link":"https:\/\/yar.deutschetage.ru\/de\/epoha\/","title":{"rendered":"Epoche"},"content":{"rendered":"\n<p>\u00c4ra von &#8222;Heroic&#8220;<br>Die von der Gro\u00dfen Franz\u00f6sischen Revolution versprochenen neuen Zeiten sind bereits weit entfernt. Der m\u00f6rderische Stolz des Terrors \u00fcbert\u00f6nte Frankreichs revolution\u00e4re Ideale in Blutstr\u00f6men, die F\u00fchrer schickten sich gegenseitig zur Guillotine, und der unb\u00e4ndige Aufstieg von Bonaparte, einem ehemaligen republikanischen Diktator, machte Frankreich zum Monster Europas. <\/p>\n\n\n\n<p>Nach dem Vertrag von Luneville von 1801 blieb in \u00d6sterreich ein fragiler Frieden. In Wien hatten sie Spa\u00df, fieberhaft gejagtes Vergn\u00fcgen, tanzten auf einem Vulkan. Die \u00f6sterreichischen Beh\u00f6rden mussten eine doppelte Pr\u00fcfung bestehen: die Streitkr\u00e4fte zu behalten, um den franz\u00f6sischen Ambitionen und Bonapartes Eroberungswahn zu widerstehen, und den &#8222;inneren Feind&#8220; einzud\u00e4mmen &#8211; diejenigen, die mit den Jakobinern in ihrer eigenen Bev\u00f6lkerung sympathisieren.<\/p>\n\n\n\n<p><br>Bonapartes blitzschnelle Karriere war unglaublich. Seine milit\u00e4rischen Siege und sein r\u00fccksichtsloser Aufstieg zur Macht machten ihn zum neuen Alexander dem Gro\u00dfen. Er war immer noch nur der erste Konsul, aber er wurde bereits zur Legende, zum Helden, der allen leidenschaftlichen europ\u00e4ischen Jugendlichen als Vorbild diente, bis diese Legende zusammenbrach und sich in ein blutiges Epos und dann in die Trag\u00f6die der Niederlage und des Exils verwandelte.<br>Das Schicksal Napoleons erinnerte an das Leben eines vom Olymp abstammenden Gottes, eines weltlichen Christus, der mit einer messianischen Mission ausgestattet war. Goethes Arbeitszimmer war mit einer B\u00fcste Napoleons verziert. Hegel nannte Napoleon &#8222;die Seele der Welt&#8220;. Beethoven blieb nicht hinter ihnen zur\u00fcck, er sah im ersten Konsul &#8222;ein Gleichwertiges mit den gr\u00f6\u00dften r\u00f6mischen Konsuln&#8220;. Er war im Kern ein Republikaner und Demokrat und glaubte, wie viele andere auch, dass die junge Franz\u00f6sische Republik die Verk\u00f6rperung der platonischen Ideale war, auf denen er aufgewachsen war. Und dass das napoleonische Epos das Kommen der br\u00fcderlichen und freien Menschheit n\u00e4her bringen wird.<br><\/p>\n\n\n\n<p>W\u00e4hrend Beethovens Leben variierte seine Haltung gegen\u00fcber Napoleon von Bewunderung bis Hass, von Anbetung bis Ekel. Trotzdem identifizierte er sich latent mit dem Sieger in Austerlitz, einem gro\u00dfen Zeitgenossen, dessen exorbitante Ambitionen, Machtdurst und Vorahnung seines Schicksals wie ein Spiegelbild der Natur Beethovens selbst waren. &#8222;Es ist eine Schande, dass ich die Kunst des Krieges nicht so gut kenne wie Musik: Ich w\u00fcrde ihn schlagen!&#8220; Er sagte einmal zu seinem Freund Krumpholz.<br>Aber Beethoven ist ein K\u00fcnstler, das hei\u00dft nach Shelleys Worten einer der \u201enicht anerkannten Gesetzgeber der Welt\u201c, Menschen, die den Weg im spirituellen Bereich weisen. Er braucht keine Macht, sondern Macht &#8211; auf ihre Weise edel und dauerhaft.<\/p>\n\n\n\n<p><br>In den Jahren 1802-1813 war seine Arbeit als Komponist ausnahmslos fruchtbar und seine Energie unersch\u00f6pflich: In diesen zehn Jahren wird er eine Oper, eine Messe, sechs Symphonien, vier Konzerte, f\u00fcnf Streichquartette, drei Klaviertrios, zwei Sonaten f\u00fcr Violine und Klavier, sechs schreiben Sonaten f\u00fcr Klavier, ohne Romanzen, Variationen f\u00fcr Klavier und Ouvert\u00fcren. Es war ein wundervolles Jahrzehnt, gepr\u00e4gt von einer beeindruckenden Anzahl &#8222;heldenhafter&#8220; Meisterwerke. Diese Periode wird als &#8222;heroische&#8220; \u00c4ra bezeichnet.<\/p>\n\n\n\n<p><\/p>\n","protected":false},"excerpt":{"rendered":"<p>\u00c4ra von &#8222;Heroic&#8220;Die von der Gro\u00dfen Franz\u00f6sischen Revolution versprochenen neuen Zeiten sind bereits weit entfernt. Der m\u00f6rderische Stolz des Terrors \u00fcbert\u00f6nte Frankreichs revolution\u00e4re Ideale in Blutstr\u00f6men, die F\u00fchrer schickten sich gegenseitig zur Guillotine, und der unb\u00e4ndige Aufstieg von Bonaparte, einem ehemaligen republikanischen Diktator, machte Frankreich zum Monster Europas. Nach dem Vertrag von Luneville von 1801 [&hellip;]<\/p>\n","protected":false},"author":2,"featured_media":0,"comment_status":"closed","ping_status":"open","sticky":false,"template":"","format":"standard","meta":[],"categories":[7],"tags":[],"yoast_head":"<!-- This site is optimized with the Yoast SEO plugin v14.9 - https:\/\/yoast.com\/wordpress\/plugins\/seo\/ -->\n<title>Epoche - Deutsche Tage in der Region Jaroslawl<\/title>\n<meta name=\"robots\" content=\"index, follow, max-snippet:-1, max-image-preview:large, max-video-preview:-1\" \/>\n<link rel=\"canonical\" href=\"https:\/\/yar.deutschetage.ru\/epoha\/\" \/>\n<meta property=\"og:locale\" content=\"de_DE\" \/>\n<meta property=\"og:type\" content=\"article\" \/>\n<meta property=\"og:title\" content=\"Epoche - Deutsche Tage in der Region Jaroslawl\" \/>\n<meta property=\"og:url\" content=\"https:\/\/yar.deutschetage.ru\/epoha\/\" \/>\n<meta property=\"og:site_name\" content=\"Deutsche Tage in der Region Jaroslawl\" \/>\n<meta property=\"article:publisher\" content=\"https:\/\/www.facebook.com\/groups\/druzjagermanii\" \/>\n<meta property=\"article:published_time\" content=\"2020-09-16T07:51:32+00:00\" \/>\n<meta property=\"article:modified_time\" content=\"2020-09-17T19:19:11+00:00\" \/>\n<meta name=\"twitter:card\" content=\"summary_large_image\" \/>\n<script type=\"application\/ld+json\" class=\"yoast-schema-graph\">{\"@context\":\"https:\/\/schema.org\",\"@graph\":[{\"@type\":\"WebSite\",\"@id\":\"https:\/\/yar.deutschetage.ru\/de\/#website\",\"url\":\"https:\/\/yar.deutschetage.ru\/de\/\",\"name\":\"Deutsche Tage in der Region Jaroslawl\",\"description\":\"Wissenschaftliche Fantastik oder fantastische Wissenschaft\",\"potentialAction\":[{\"@type\":\"SearchAction\",\"target\":\"https:\/\/yar.deutschetage.ru\/de\/?s={search_term_string}\",\"query-input\":\"required name=search_term_string\"}],\"inLanguage\":\"de-DE\"},{\"@type\":\"WebPage\",\"@id\":\"https:\/\/yar.deutschetage.ru\/epoha\/#webpage\",\"url\":\"https:\/\/yar.deutschetage.ru\/epoha\/\",\"name\":\"Epoche - Deutsche Tage in der Region Jaroslawl\",\"isPartOf\":{\"@id\":\"https:\/\/yar.deutschetage.ru\/de\/#website\"},\"datePublished\":\"2020-09-16T07:51:32+00:00\",\"dateModified\":\"2020-09-17T19:19:11+00:00\",\"author\":{\"@id\":\"https:\/\/yar.deutschetage.ru\/de\/#\/schema\/person\/4f39fe90cebbcc93ada07890317ab455\"},\"breadcrumb\":{\"@id\":\"https:\/\/yar.deutschetage.ru\/epoha\/#breadcrumb\"},\"inLanguage\":\"de-DE\",\"potentialAction\":[{\"@type\":\"ReadAction\",\"target\":[\"https:\/\/yar.deutschetage.ru\/epoha\/\"]}]},{\"@type\":\"BreadcrumbList\",\"@id\":\"https:\/\/yar.deutschetage.ru\/epoha\/#breadcrumb\",\"itemListElement\":[{\"@type\":\"ListItem\",\"position\":1,\"item\":{\"@type\":\"WebPage\",\"@id\":\"https:\/\/yar.deutschetage.ru\/\",\"url\":\"https:\/\/yar.deutschetage.ru\/\",\"name\":\"\\u0413\\u043b\\u0430\\u0432\\u043d\\u0430\\u044f\"}},{\"@type\":\"ListItem\",\"position\":2,\"item\":{\"@type\":\"WebPage\",\"@id\":\"https:\/\/yar.deutschetage.ru\/epoha\/\",\"url\":\"https:\/\/yar.deutschetage.ru\/epoha\/\",\"name\":\"\\u042d\\u043f\\u043e\\u0445\\u0430\"}}]},{\"@type\":\"Person\",\"@id\":\"https:\/\/yar.deutschetage.ru\/de\/#\/schema\/person\/4f39fe90cebbcc93ada07890317ab455\",\"name\":\"\\u0412\\u0430\\u043b\\u0435\\u043d\\u0442\\u0438\\u043d\\u0430\",\"image\":{\"@type\":\"ImageObject\",\"@id\":\"https:\/\/yar.deutschetage.ru\/de\/#personlogo\",\"inLanguage\":\"de-DE\",\"url\":\"https:\/\/secure.gravatar.com\/avatar\/1fe39c6a447b1a4ad661671d48304a9e?s=96&d=mm&r=g\",\"caption\":\"\\u0412\\u0430\\u043b\\u0435\\u043d\\u0442\\u0438\\u043d\\u0430\"}}]}<\/script>\n<!-- \/ Yoast SEO plugin. -->","_links":{"self":[{"href":"https:\/\/yar.deutschetage.ru\/de\/wp-json\/wp\/v2\/posts\/313"}],"collection":[{"href":"https:\/\/yar.deutschetage.ru\/de\/wp-json\/wp\/v2\/posts"}],"about":[{"href":"https:\/\/yar.deutschetage.ru\/de\/wp-json\/wp\/v2\/types\/post"}],"author":[{"embeddable":true,"href":"https:\/\/yar.deutschetage.ru\/de\/wp-json\/wp\/v2\/users\/2"}],"replies":[{"embeddable":true,"href":"https:\/\/yar.deutschetage.ru\/de\/wp-json\/wp\/v2\/comments?post=313"}],"version-history":[{"count":5,"href":"https:\/\/yar.deutschetage.ru\/de\/wp-json\/wp\/v2\/posts\/313\/revisions"}],"predecessor-version":[{"id":392,"href":"https:\/\/yar.deutschetage.ru\/de\/wp-json\/wp\/v2\/posts\/313\/revisions\/392"}],"wp:attachment":[{"href":"https:\/\/yar.deutschetage.ru\/de\/wp-json\/wp\/v2\/media?parent=313"}],"wp:term":[{"taxonomy":"category","embeddable":true,"href":"https:\/\/yar.deutschetage.ru\/de\/wp-json\/wp\/v2\/categories?post=313"},{"taxonomy":"post_tag","embeddable":true,"href":"https:\/\/yar.deutschetage.ru\/de\/wp-json\/wp\/v2\/tags?post=313"}],"curies":[{"name":"wp","href":"https:\/\/api.w.org\/{rel}","templated":true}]}}