{"id":3135,"date":"2023-01-21T16:10:53","date_gmt":"2023-01-21T16:10:53","guid":{"rendered":"https:\/\/yar.deutschetage.ru\/?p=3135"},"modified":"2023-04-05T20:15:18","modified_gmt":"2023-04-05T20:15:18","slug":"osennyaya-fantaziya","status":"publish","type":"post","link":"https:\/\/yar.deutschetage.ru\/de\/osennyaya-fantaziya\/","title":{"rendered":"Herbstfantasie aus Frankfurt am Main"},"content":{"rendered":"\n<figure class=\"wp-block-image size-large\"><img loading=\"lazy\" width=\"691\" height=\"460\" src=\"https:\/\/yar.deutschetage.ru\/wp-content\/uploads\/2023\/03\/kopiya-snimok-ekrana-2023-03-21-v-19.12.51.png\" alt=\"\" class=\"wp-image-3136\" srcset=\"https:\/\/yar.deutschetage.ru\/wp-content\/uploads\/2023\/03\/kopiya-snimok-ekrana-2023-03-21-v-19.12.51.png 691w, https:\/\/yar.deutschetage.ru\/wp-content\/uploads\/2023\/03\/kopiya-snimok-ekrana-2023-03-21-v-19.12.51-300x200.png 300w\" sizes=\"(max-width: 691px) 100vw, 691px\" \/><\/figure>\n\n\n\n<p>Kann man sich pl\u00f6tzlich f\u00fcr kurze Zeit in Frankfurt am Main wiederfinden? D\u00fcrfen! Gemeinsam mit Saskia Schneider und Friedrich Kuhlau (1786-1832). Saskia Schneider besuchte zusammen mit dem Ensemble Die Blaue Blume Jaroslawl im Rahmen des Deutschen Sprach- und Kulturfestivals 2021.<\/p>\n\n\n\n<p><a href=\"https:\/\/www.youtube.com\/watch?v=rsf1K25_X1k\">https:\/\/www.youtube.com\/watch?v=rsf1K25_X1k<\/a><\/p>\n","protected":false},"excerpt":{"rendered":"<p>Kann man sich pl\u00f6tzlich f\u00fcr kurze Zeit in Frankfurt am Main wiederfinden? D\u00fcrfen! Gemeinsam mit Saskia Schneider und Friedrich Kuhlau (1786-1832). Saskia Schneider besuchte zusammen mit dem Ensemble Die Blaue Blume Jaroslawl im Rahmen des Deutschen Sprach- und Kulturfestivals 2021. https:\/\/www.youtube.com\/watch?v=rsf1K25_X1k<\/p>\n","protected":false},"author":2,"featured_media":0,"comment_status":"closed","ping_status":"open","sticky":false,"template":"","format":"standard","meta":[],"categories":[23],"tags":[],"yoast_head":"<!-- This site is optimized with the Yoast SEO plugin v14.9 - https:\/\/yoast.com\/wordpress\/plugins\/seo\/ -->\n<title>Herbstfantasie aus Frankfurt am Main - Deutsche Tage in der Region Jaroslawl<\/title>\n<meta name=\"robots\" content=\"index, follow, max-snippet:-1, max-image-preview:large, max-video-preview:-1\" \/>\n<link rel=\"canonical\" href=\"https:\/\/yar.deutschetage.ru\/osennyaya-fantaziya\/\" \/>\n<meta property=\"og:locale\" content=\"de_DE\" \/>\n<meta property=\"og:type\" content=\"article\" \/>\n<meta property=\"og:title\" content=\"Herbstfantasie aus Frankfurt am Main - Deutsche Tage in der Region Jaroslawl\" \/>\n<meta property=\"og:url\" content=\"https:\/\/yar.deutschetage.ru\/osennyaya-fantaziya\/\" \/>\n<meta property=\"og:site_name\" content=\"Deutsche Tage in der Region Jaroslawl\" \/>\n<meta property=\"article:publisher\" content=\"https:\/\/www.facebook.com\/groups\/druzjagermanii\" \/>\n<meta property=\"article:published_time\" content=\"2023-01-21T16:10:53+00:00\" \/>\n<meta property=\"article:modified_time\" content=\"2023-04-05T20:15:18+00:00\" \/>\n<meta property=\"og:image\" content=\"https:\/\/yar.deutschetage.ru\/wp-content\/uploads\/2023\/03\/kopiya-snimok-ekrana-2023-03-21-v-19.12.51.png\" \/>\n<meta name=\"twitter:card\" content=\"summary_large_image\" \/>\n<script type=\"application\/ld+json\" class=\"yoast-schema-graph\">{\"@context\":\"https:\/\/schema.org\",\"@graph\":[{\"@type\":\"WebSite\",\"@id\":\"https:\/\/yar.deutschetage.ru\/de\/#website\",\"url\":\"https:\/\/yar.deutschetage.ru\/de\/\",\"name\":\"Deutsche Tage in der Region Jaroslawl\",\"description\":\"Wissenschaftliche Fantastik oder fantastische Wissenschaft\",\"potentialAction\":[{\"@type\":\"SearchAction\",\"target\":\"https:\/\/yar.deutschetage.ru\/de\/?s={search_term_string}\",\"query-input\":\"required name=search_term_string\"}],\"inLanguage\":\"de-DE\"},{\"@type\":\"ImageObject\",\"@id\":\"https:\/\/yar.deutschetage.ru\/osennyaya-fantaziya\/#primaryimage\",\"inLanguage\":\"de-DE\",\"url\":\"https:\/\/yar.deutschetage.ru\/wp-content\/uploads\/2023\/03\/kopiya-snimok-ekrana-2023-03-21-v-19.12.51.png\",\"width\":691,\"height\":460},{\"@type\":\"WebPage\",\"@id\":\"https:\/\/yar.deutschetage.ru\/osennyaya-fantaziya\/#webpage\",\"url\":\"https:\/\/yar.deutschetage.ru\/osennyaya-fantaziya\/\",\"name\":\"Herbstfantasie aus Frankfurt am Main - Deutsche Tage in der Region Jaroslawl\",\"isPartOf\":{\"@id\":\"https:\/\/yar.deutschetage.ru\/de\/#website\"},\"primaryImageOfPage\":{\"@id\":\"https:\/\/yar.deutschetage.ru\/osennyaya-fantaziya\/#primaryimage\"},\"datePublished\":\"2023-01-21T16:10:53+00:00\",\"dateModified\":\"2023-04-05T20:15:18+00:00\",\"author\":{\"@id\":\"https:\/\/yar.deutschetage.ru\/de\/#\/schema\/person\/4f39fe90cebbcc93ada07890317ab455\"},\"breadcrumb\":{\"@id\":\"https:\/\/yar.deutschetage.ru\/osennyaya-fantaziya\/#breadcrumb\"},\"inLanguage\":\"de-DE\",\"potentialAction\":[{\"@type\":\"ReadAction\",\"target\":[\"https:\/\/yar.deutschetage.ru\/osennyaya-fantaziya\/\"]}]},{\"@type\":\"BreadcrumbList\",\"@id\":\"https:\/\/yar.deutschetage.ru\/osennyaya-fantaziya\/#breadcrumb\",\"itemListElement\":[{\"@type\":\"ListItem\",\"position\":1,\"item\":{\"@type\":\"WebPage\",\"@id\":\"https:\/\/yar.deutschetage.ru\/\",\"url\":\"https:\/\/yar.deutschetage.ru\/\",\"name\":\"\\u0413\\u043b\\u0430\\u0432\\u043d\\u0430\\u044f\"}},{\"@type\":\"ListItem\",\"position\":2,\"item\":{\"@type\":\"WebPage\",\"@id\":\"https:\/\/yar.deutschetage.ru\/osennyaya-fantaziya\/\",\"url\":\"https:\/\/yar.deutschetage.ru\/osennyaya-fantaziya\/\",\"name\":\"\\u041e\\u0441\\u0435\\u043d\\u043d\\u044f\\u044f \\u0444\\u0430\\u043d\\u0442\\u0430\\u0437\\u0438\\u044f \\u0438\\u0437 \\u0424\\u0440\\u0430\\u043d\\u043a\\u0444\\u0443\\u0440\\u0442\\u0430\"}}]},{\"@type\":\"Person\",\"@id\":\"https:\/\/yar.deutschetage.ru\/de\/#\/schema\/person\/4f39fe90cebbcc93ada07890317ab455\",\"name\":\"\\u0412\\u0430\\u043b\\u0435\\u043d\\u0442\\u0438\\u043d\\u0430\",\"image\":{\"@type\":\"ImageObject\",\"@id\":\"https:\/\/yar.deutschetage.ru\/de\/#personlogo\",\"inLanguage\":\"de-DE\",\"url\":\"https:\/\/secure.gravatar.com\/avatar\/1fe39c6a447b1a4ad661671d48304a9e?s=96&d=mm&r=g\",\"caption\":\"\\u0412\\u0430\\u043b\\u0435\\u043d\\u0442\\u0438\\u043d\\u0430\"}}]}<\/script>\n<!-- \/ Yoast SEO plugin. -->","_links":{"self":[{"href":"https:\/\/yar.deutschetage.ru\/de\/wp-json\/wp\/v2\/posts\/3135"}],"collection":[{"href":"https:\/\/yar.deutschetage.ru\/de\/wp-json\/wp\/v2\/posts"}],"about":[{"href":"https:\/\/yar.deutschetage.ru\/de\/wp-json\/wp\/v2\/types\/post"}],"author":[{"embeddable":true,"href":"https:\/\/yar.deutschetage.ru\/de\/wp-json\/wp\/v2\/users\/2"}],"replies":[{"embeddable":true,"href":"https:\/\/yar.deutschetage.ru\/de\/wp-json\/wp\/v2\/comments?post=3135"}],"version-history":[{"count":3,"href":"https:\/\/yar.deutschetage.ru\/de\/wp-json\/wp\/v2\/posts\/3135\/revisions"}],"predecessor-version":[{"id":3258,"href":"https:\/\/yar.deutschetage.ru\/de\/wp-json\/wp\/v2\/posts\/3135\/revisions\/3258"}],"wp:attachment":[{"href":"https:\/\/yar.deutschetage.ru\/de\/wp-json\/wp\/v2\/media?parent=3135"}],"wp:term":[{"taxonomy":"category","embeddable":true,"href":"https:\/\/yar.deutschetage.ru\/de\/wp-json\/wp\/v2\/categories?post=3135"},{"taxonomy":"post_tag","embeddable":true,"href":"https:\/\/yar.deutschetage.ru\/de\/wp-json\/wp\/v2\/tags?post=3135"}],"curies":[{"name":"wp","href":"https:\/\/api.w.org\/{rel}","templated":true}]}}