{"id":3139,"date":"2023-01-21T16:17:34","date_gmt":"2023-01-21T16:17:34","guid":{"rendered":"https:\/\/yar.deutschetage.ru\/?p=3139"},"modified":"2023-04-05T20:12:25","modified_gmt":"2023-04-05T20:12:25","slug":"21-yanvarya-lichnaya-istoriya-s-elenoj-piven","status":"publish","type":"post","link":"https:\/\/yar.deutschetage.ru\/de\/21-yanvarya-lichnaya-istoriya-s-elenoj-piven\/","title":{"rendered":"21. Januar &#8211; &#8222;Pers\u00f6nliche Geschichte&#8220; mit Elena Piven"},"content":{"rendered":"\n<figure class=\"wp-block-image size-large\"><img loading=\"lazy\" width=\"1024\" height=\"768\" src=\"https:\/\/yar.deutschetage.ru\/wp-content\/uploads\/2023\/03\/yapek-1-1024x768.jpeg\" alt=\"\" class=\"wp-image-3140\" srcset=\"https:\/\/yar.deutschetage.ru\/wp-content\/uploads\/2023\/03\/yapek-1-1024x768.jpeg 1024w, https:\/\/yar.deutschetage.ru\/wp-content\/uploads\/2023\/03\/yapek-1-300x225.jpeg 300w, https:\/\/yar.deutschetage.ru\/wp-content\/uploads\/2023\/03\/yapek-1-768x576.jpeg 768w, https:\/\/yar.deutschetage.ru\/wp-content\/uploads\/2023\/03\/yapek-1-1536x1152.jpeg 1536w, https:\/\/yar.deutschetage.ru\/wp-content\/uploads\/2023\/03\/yapek-1-2048x1536.jpeg 2048w\" sizes=\"(max-width: 1024px) 100vw, 1024px\" \/><\/figure>\n\n\n\n<p>Studenten der Industrie- und Wirtschaftsberufsschule Jaroslawl, die Deutsch als Zusatzfach studiert, hielt eine Feldstunde und besuchte die Personalausstellung \u201ePersonal History\u201c von Elena Piven im K\u00fcnstlerverband Jaroslavwl. Die Gem\u00e4lde sind der Autobiografie der K\u00fcnstlerin von ihrer Kindheit bis heute gewidmet.<\/p>\n\n\n\n<figure class=\"wp-block-gallery columns-2 is-cropped\"><ul class=\"blocks-gallery-grid\"><li class=\"blocks-gallery-item\"><figure><img loading=\"lazy\" width=\"1024\" height=\"768\" src=\"https:\/\/yar.deutschetage.ru\/wp-content\/uploads\/2023\/03\/yapek-2-1024x768.jpeg\" alt=\"\" data-id=\"3141\" data-full-url=\"https:\/\/yar.deutschetage.ru\/wp-content\/uploads\/2023\/03\/yapek-2.jpeg\" data-link=\"https:\/\/yar.deutschetage.ru\/21-yanvarya-lichnaya-istoriya-s-elenoj-piven\/yapek-2\/\" class=\"wp-image-3141\" srcset=\"https:\/\/yar.deutschetage.ru\/wp-content\/uploads\/2023\/03\/yapek-2-1024x768.jpeg 1024w, https:\/\/yar.deutschetage.ru\/wp-content\/uploads\/2023\/03\/yapek-2-300x225.jpeg 300w, https:\/\/yar.deutschetage.ru\/wp-content\/uploads\/2023\/03\/yapek-2-768x576.jpeg 768w, https:\/\/yar.deutschetage.ru\/wp-content\/uploads\/2023\/03\/yapek-2-1536x1152.jpeg 1536w, https:\/\/yar.deutschetage.ru\/wp-content\/uploads\/2023\/03\/yapek-2-2048x1536.jpeg 2048w\" sizes=\"(max-width: 1024px) 100vw, 1024px\" \/><\/figure><\/li><li class=\"blocks-gallery-item\"><figure><img loading=\"lazy\" width=\"1024\" height=\"768\" src=\"https:\/\/yar.deutschetage.ru\/wp-content\/uploads\/2023\/03\/yapek-3-1024x768.jpeg\" alt=\"\" data-id=\"3142\" data-full-url=\"https:\/\/yar.deutschetage.ru\/wp-content\/uploads\/2023\/03\/yapek-3.jpeg\" data-link=\"https:\/\/yar.deutschetage.ru\/21-yanvarya-lichnaya-istoriya-s-elenoj-piven\/yapek-3\/\" class=\"wp-image-3142\" srcset=\"https:\/\/yar.deutschetage.ru\/wp-content\/uploads\/2023\/03\/yapek-3-1024x768.jpeg 1024w, https:\/\/yar.deutschetage.ru\/wp-content\/uploads\/2023\/03\/yapek-3-300x225.jpeg 300w, https:\/\/yar.deutschetage.ru\/wp-content\/uploads\/2023\/03\/yapek-3-768x576.jpeg 768w, https:\/\/yar.deutschetage.ru\/wp-content\/uploads\/2023\/03\/yapek-3-1536x1152.jpeg 1536w, https:\/\/yar.deutschetage.ru\/wp-content\/uploads\/2023\/03\/yapek-3-2048x1536.jpeg 2048w\" sizes=\"(max-width: 1024px) 100vw, 1024px\" \/><\/figure><\/li><\/ul><\/figure>\n","protected":false},"excerpt":{"rendered":"<p>Studenten der Industrie- und Wirtschaftsberufsschule Jaroslawl, die Deutsch als Zusatzfach studiert, hielt eine Feldstunde und besuchte die Personalausstellung \u201ePersonal History\u201c von Elena Piven im K\u00fcnstlerverband Jaroslavwl. Die Gem\u00e4lde sind der Autobiografie der K\u00fcnstlerin von ihrer Kindheit bis heute gewidmet.<\/p>\n","protected":false},"author":2,"featured_media":3140,"comment_status":"closed","ping_status":"open","sticky":false,"template":"","format":"standard","meta":[],"categories":[22],"tags":[],"yoast_head":"<!-- This site is optimized with the Yoast SEO plugin v14.9 - https:\/\/yoast.com\/wordpress\/plugins\/seo\/ -->\n<title>21. Januar - &quot;Pers\u00f6nliche Geschichte&quot; mit Elena Piven - Deutsche Tage in der Region Jaroslawl<\/title>\n<meta name=\"robots\" content=\"index, follow, max-snippet:-1, max-image-preview:large, max-video-preview:-1\" \/>\n<link rel=\"canonical\" href=\"https:\/\/yar.deutschetage.ru\/21-yanvarya-lichnaya-istoriya-s-elenoj-piven\/\" \/>\n<meta property=\"og:locale\" content=\"de_DE\" \/>\n<meta property=\"og:type\" content=\"article\" \/>\n<meta property=\"og:title\" content=\"21. Januar - &quot;Pers\u00f6nliche Geschichte&quot; mit Elena Piven - Deutsche Tage in der Region Jaroslawl\" \/>\n<meta property=\"og:url\" content=\"https:\/\/yar.deutschetage.ru\/21-yanvarya-lichnaya-istoriya-s-elenoj-piven\/\" \/>\n<meta property=\"og:site_name\" content=\"Deutsche Tage in der Region Jaroslawl\" \/>\n<meta property=\"article:publisher\" content=\"https:\/\/www.facebook.com\/groups\/druzjagermanii\" \/>\n<meta property=\"article:published_time\" content=\"2023-01-21T16:17:34+00:00\" \/>\n<meta property=\"article:modified_time\" content=\"2023-04-05T20:12:25+00:00\" \/>\n<meta property=\"og:image\" content=\"https:\/\/yar.deutschetage.ru\/wp-content\/uploads\/2023\/03\/yapek-1.jpeg\" \/>\n\t<meta property=\"og:image:width\" content=\"2560\" \/>\n\t<meta property=\"og:image:height\" content=\"1920\" \/>\n<meta name=\"twitter:card\" content=\"summary_large_image\" \/>\n<script type=\"application\/ld+json\" class=\"yoast-schema-graph\">{\"@context\":\"https:\/\/schema.org\",\"@graph\":[{\"@type\":\"WebSite\",\"@id\":\"https:\/\/yar.deutschetage.ru\/de\/#website\",\"url\":\"https:\/\/yar.deutschetage.ru\/de\/\",\"name\":\"Deutsche Tage in der Region Jaroslawl\",\"description\":\"Wissenschaftliche Fantastik oder fantastische Wissenschaft\",\"potentialAction\":[{\"@type\":\"SearchAction\",\"target\":\"https:\/\/yar.deutschetage.ru\/de\/?s={search_term_string}\",\"query-input\":\"required name=search_term_string\"}],\"inLanguage\":\"de-DE\"},{\"@type\":\"ImageObject\",\"@id\":\"https:\/\/yar.deutschetage.ru\/21-yanvarya-lichnaya-istoriya-s-elenoj-piven\/#primaryimage\",\"inLanguage\":\"de-DE\",\"url\":\"https:\/\/yar.deutschetage.ru\/wp-content\/uploads\/2023\/03\/yapek-1.jpeg\",\"width\":2560,\"height\":1920},{\"@type\":\"WebPage\",\"@id\":\"https:\/\/yar.deutschetage.ru\/21-yanvarya-lichnaya-istoriya-s-elenoj-piven\/#webpage\",\"url\":\"https:\/\/yar.deutschetage.ru\/21-yanvarya-lichnaya-istoriya-s-elenoj-piven\/\",\"name\":\"21. Januar - \\\"Pers\\u00f6nliche Geschichte\\\" mit Elena Piven - Deutsche Tage in der Region Jaroslawl\",\"isPartOf\":{\"@id\":\"https:\/\/yar.deutschetage.ru\/de\/#website\"},\"primaryImageOfPage\":{\"@id\":\"https:\/\/yar.deutschetage.ru\/21-yanvarya-lichnaya-istoriya-s-elenoj-piven\/#primaryimage\"},\"datePublished\":\"2023-01-21T16:17:34+00:00\",\"dateModified\":\"2023-04-05T20:12:25+00:00\",\"author\":{\"@id\":\"https:\/\/yar.deutschetage.ru\/de\/#\/schema\/person\/4f39fe90cebbcc93ada07890317ab455\"},\"breadcrumb\":{\"@id\":\"https:\/\/yar.deutschetage.ru\/21-yanvarya-lichnaya-istoriya-s-elenoj-piven\/#breadcrumb\"},\"inLanguage\":\"de-DE\",\"potentialAction\":[{\"@type\":\"ReadAction\",\"target\":[\"https:\/\/yar.deutschetage.ru\/21-yanvarya-lichnaya-istoriya-s-elenoj-piven\/\"]}]},{\"@type\":\"BreadcrumbList\",\"@id\":\"https:\/\/yar.deutschetage.ru\/21-yanvarya-lichnaya-istoriya-s-elenoj-piven\/#breadcrumb\",\"itemListElement\":[{\"@type\":\"ListItem\",\"position\":1,\"item\":{\"@type\":\"WebPage\",\"@id\":\"https:\/\/yar.deutschetage.ru\/\",\"url\":\"https:\/\/yar.deutschetage.ru\/\",\"name\":\"\\u0413\\u043b\\u0430\\u0432\\u043d\\u0430\\u044f\"}},{\"@type\":\"ListItem\",\"position\":2,\"item\":{\"@type\":\"WebPage\",\"@id\":\"https:\/\/yar.deutschetage.ru\/21-yanvarya-lichnaya-istoriya-s-elenoj-piven\/\",\"url\":\"https:\/\/yar.deutschetage.ru\/21-yanvarya-lichnaya-istoriya-s-elenoj-piven\/\",\"name\":\"21 \\u044f\\u043d\\u0432\\u0430\\u0440\\u044f &#8212; &#171;\\u041b\\u0438\\u0447\\u043d\\u0430\\u044f \\u0438\\u0441\\u0442\\u043e\\u0440\\u0438\\u044f&#187; \\u0441 \\u0415\\u043b\\u0435\\u043d\\u043e\\u0439 \\u041f\\u0438\\u0432\\u0435\\u043d\\u044c\"}}]},{\"@type\":\"Person\",\"@id\":\"https:\/\/yar.deutschetage.ru\/de\/#\/schema\/person\/4f39fe90cebbcc93ada07890317ab455\",\"name\":\"\\u0412\\u0430\\u043b\\u0435\\u043d\\u0442\\u0438\\u043d\\u0430\",\"image\":{\"@type\":\"ImageObject\",\"@id\":\"https:\/\/yar.deutschetage.ru\/de\/#personlogo\",\"inLanguage\":\"de-DE\",\"url\":\"https:\/\/secure.gravatar.com\/avatar\/1fe39c6a447b1a4ad661671d48304a9e?s=96&d=mm&r=g\",\"caption\":\"\\u0412\\u0430\\u043b\\u0435\\u043d\\u0442\\u0438\\u043d\\u0430\"}}]}<\/script>\n<!-- \/ Yoast SEO plugin. -->","_links":{"self":[{"href":"https:\/\/yar.deutschetage.ru\/de\/wp-json\/wp\/v2\/posts\/3139"}],"collection":[{"href":"https:\/\/yar.deutschetage.ru\/de\/wp-json\/wp\/v2\/posts"}],"about":[{"href":"https:\/\/yar.deutschetage.ru\/de\/wp-json\/wp\/v2\/types\/post"}],"author":[{"embeddable":true,"href":"https:\/\/yar.deutschetage.ru\/de\/wp-json\/wp\/v2\/users\/2"}],"replies":[{"embeddable":true,"href":"https:\/\/yar.deutschetage.ru\/de\/wp-json\/wp\/v2\/comments?post=3139"}],"version-history":[{"count":2,"href":"https:\/\/yar.deutschetage.ru\/de\/wp-json\/wp\/v2\/posts\/3139\/revisions"}],"predecessor-version":[{"id":3257,"href":"https:\/\/yar.deutschetage.ru\/de\/wp-json\/wp\/v2\/posts\/3139\/revisions\/3257"}],"wp:featuredmedia":[{"embeddable":true,"href":"https:\/\/yar.deutschetage.ru\/de\/wp-json\/wp\/v2\/media\/3140"}],"wp:attachment":[{"href":"https:\/\/yar.deutschetage.ru\/de\/wp-json\/wp\/v2\/media?parent=3139"}],"wp:term":[{"taxonomy":"category","embeddable":true,"href":"https:\/\/yar.deutschetage.ru\/de\/wp-json\/wp\/v2\/categories?post=3139"},{"taxonomy":"post_tag","embeddable":true,"href":"https:\/\/yar.deutschetage.ru\/de\/wp-json\/wp\/v2\/tags?post=3139"}],"curies":[{"name":"wp","href":"https:\/\/api.w.org\/{rel}","templated":true}]}}