{"id":315,"date":"2020-09-16T07:51:52","date_gmt":"2020-09-16T07:51:52","guid":{"rendered":"https:\/\/yar.deutschetage.ru\/?p=315"},"modified":"2020-09-17T19:33:30","modified_gmt":"2020-09-17T19:33:30","slug":"czitaty-o-bethovene","status":"publish","type":"post","link":"https:\/\/yar.deutschetage.ru\/de\/czitaty-o-bethovene\/","title":{"rendered":"Zitate ueber Beethoven"},"content":{"rendered":"\n<p><strong>Goethe \u00fcber Beethoven<\/strong>: &#8222;Zusammengefasster, energischer, inniger habe ich noch keinen K\u00fcnstler gesehen, ich begreife recht gut, wie er gegen die Welt wunderlich stehen muss.&#8220;<\/p>\n\n\n\n<p><strong>Wagner \u00fcber Beethoven<\/strong>: &#8222;Der wahre Grund f\u00fcr den Erfolg von Beethovens Musik ist, dass die Leute sie nicht in Konzerts\u00e4len, sondern zu Hause am Klavier studieren&#8220;, &#8211; &#8222;Ich glaube an Gott, Mozart und Beethoven.&#8220;<\/p>\n\n\n\n<p><strong>Nitzsche \u00fcber Beethoven<\/strong>: &#8222;Die gute alte Zeit&#8220; ist vorbei, es klang in den Melodien von Mozart &#8211; wie gl\u00fccklich wir sind, dass wir immer noch Zugang zu seinem Rokoko haben, dass seine &#8222;gute Gesellschaft&#8220;, sein sanftes Tagtr\u00e4umen, seine kindliche Leidenschaft f\u00fcr Chinesisch und Kunst, seine herzliche H\u00f6flichkeit, seine Anziehungskraft auf das anmutige, liebevolle, tanzende, ber\u00fchrende, sein Glaube an den S\u00fcden mag immer noch einen \u00dcberrest in uns ansprechen! Ah, eines Tages wird dies auch Vergangenheit sein; aber wer kann daran zweifeln, dass sie schon vorher aufh\u00f6ren werden, Beethoven zu verstehen und zu genie\u00dfen! &#8211; Immerhin war er nur ein Echo eines \u00dcbergangs und eines Stilbruchs und nicht wie Mozart ein Echo des gro\u00dfen, jahrhundertealten europ\u00e4ischen Geschmacks. Beethoven ist ein Zwischenph\u00e4nomen zwischen der alten, heruntergekommenen Seele, die st\u00e4ndig gebrochen wird, und der zuk\u00fcnftigen \u00fcberjugendlichen Seele, die st\u00e4ndig geboren wird; Seine Musik wird durch dieses D\u00e4mmerungslicht des ewigen Verlusts und der ewigen, ungez\u00fcgelten Hoffnung beleuchtet &#8211; genau das Licht, in dessen Strahlen Europa badete, als es mit Rousseau tr\u00e4umte, um den Baum der Freiheit der Revolution tanzte und schlie\u00dflich Napoleon fast verg\u00f6tterte. Aber wie schnell dieses Gef\u00fchl jetzt verblasst, wie schwierig es ist, dieses Gef\u00fchl heute \u00fcberhaupt zu verstehen, wie fremd die Sprache dieser Rousseau, Schiller, Shelley, Byron f\u00fcr unsere Ohren klingt, die alle zusammen in Worten das gleiche Schicksal Europas ausdr\u00fccken, das verursacht hat in der Musik von Beethoven! (F. Nietzsche &#8222;Jenseits von Gut und B\u00f6se&#8220;)<\/p>\n","protected":false},"excerpt":{"rendered":"<p>Goethe \u00fcber Beethoven: &#8222;Zusammengefasster, energischer, inniger habe ich noch keinen K\u00fcnstler gesehen, ich begreife recht gut, wie er gegen die Welt wunderlich stehen muss.&#8220; Wagner \u00fcber Beethoven: &#8222;Der wahre Grund f\u00fcr den Erfolg von Beethovens Musik ist, dass die Leute sie nicht in Konzerts\u00e4len, sondern zu Hause am Klavier studieren&#8220;, &#8211; &#8222;Ich glaube an Gott, [&hellip;]<\/p>\n","protected":false},"author":2,"featured_media":0,"comment_status":"closed","ping_status":"open","sticky":false,"template":"","format":"standard","meta":[],"categories":[7],"tags":[],"yoast_head":"<!-- This site is optimized with the Yoast SEO plugin v14.9 - https:\/\/yoast.com\/wordpress\/plugins\/seo\/ -->\n<title>Zitate ueber Beethoven - Deutsche Tage in der Region Jaroslawl<\/title>\n<meta name=\"robots\" content=\"index, follow, max-snippet:-1, max-image-preview:large, max-video-preview:-1\" \/>\n<link rel=\"canonical\" href=\"https:\/\/yar.deutschetage.ru\/czitaty-o-bethovene\/\" \/>\n<meta property=\"og:locale\" content=\"de_DE\" \/>\n<meta property=\"og:type\" content=\"article\" \/>\n<meta property=\"og:title\" content=\"Zitate ueber Beethoven - Deutsche Tage in der Region Jaroslawl\" \/>\n<meta property=\"og:url\" content=\"https:\/\/yar.deutschetage.ru\/czitaty-o-bethovene\/\" \/>\n<meta property=\"og:site_name\" content=\"Deutsche Tage in der Region Jaroslawl\" \/>\n<meta property=\"article:publisher\" content=\"https:\/\/www.facebook.com\/groups\/druzjagermanii\" \/>\n<meta property=\"article:published_time\" content=\"2020-09-16T07:51:52+00:00\" \/>\n<meta property=\"article:modified_time\" content=\"2020-09-17T19:33:30+00:00\" \/>\n<meta name=\"twitter:card\" content=\"summary_large_image\" \/>\n<script type=\"application\/ld+json\" class=\"yoast-schema-graph\">{\"@context\":\"https:\/\/schema.org\",\"@graph\":[{\"@type\":\"WebSite\",\"@id\":\"https:\/\/yar.deutschetage.ru\/de\/#website\",\"url\":\"https:\/\/yar.deutschetage.ru\/de\/\",\"name\":\"Deutsche Tage in der Region Jaroslawl\",\"description\":\"Wissenschaftliche Fantastik oder fantastische Wissenschaft\",\"potentialAction\":[{\"@type\":\"SearchAction\",\"target\":\"https:\/\/yar.deutschetage.ru\/de\/?s={search_term_string}\",\"query-input\":\"required name=search_term_string\"}],\"inLanguage\":\"de-DE\"},{\"@type\":\"WebPage\",\"@id\":\"https:\/\/yar.deutschetage.ru\/czitaty-o-bethovene\/#webpage\",\"url\":\"https:\/\/yar.deutschetage.ru\/czitaty-o-bethovene\/\",\"name\":\"Zitate ueber Beethoven - Deutsche Tage in der Region Jaroslawl\",\"isPartOf\":{\"@id\":\"https:\/\/yar.deutschetage.ru\/de\/#website\"},\"datePublished\":\"2020-09-16T07:51:52+00:00\",\"dateModified\":\"2020-09-17T19:33:30+00:00\",\"author\":{\"@id\":\"https:\/\/yar.deutschetage.ru\/de\/#\/schema\/person\/4f39fe90cebbcc93ada07890317ab455\"},\"breadcrumb\":{\"@id\":\"https:\/\/yar.deutschetage.ru\/czitaty-o-bethovene\/#breadcrumb\"},\"inLanguage\":\"de-DE\",\"potentialAction\":[{\"@type\":\"ReadAction\",\"target\":[\"https:\/\/yar.deutschetage.ru\/czitaty-o-bethovene\/\"]}]},{\"@type\":\"BreadcrumbList\",\"@id\":\"https:\/\/yar.deutschetage.ru\/czitaty-o-bethovene\/#breadcrumb\",\"itemListElement\":[{\"@type\":\"ListItem\",\"position\":1,\"item\":{\"@type\":\"WebPage\",\"@id\":\"https:\/\/yar.deutschetage.ru\/\",\"url\":\"https:\/\/yar.deutschetage.ru\/\",\"name\":\"\\u0413\\u043b\\u0430\\u0432\\u043d\\u0430\\u044f\"}},{\"@type\":\"ListItem\",\"position\":2,\"item\":{\"@type\":\"WebPage\",\"@id\":\"https:\/\/yar.deutschetage.ru\/czitaty-o-bethovene\/\",\"url\":\"https:\/\/yar.deutschetage.ru\/czitaty-o-bethovene\/\",\"name\":\"\\u0426\\u0438\\u0442\\u0430\\u0442\\u044b \\u043e \\u0411\\u0435\\u0442\\u0445\\u043e\\u0432\\u0435\\u043d\\u0435\"}}]},{\"@type\":\"Person\",\"@id\":\"https:\/\/yar.deutschetage.ru\/de\/#\/schema\/person\/4f39fe90cebbcc93ada07890317ab455\",\"name\":\"\\u0412\\u0430\\u043b\\u0435\\u043d\\u0442\\u0438\\u043d\\u0430\",\"image\":{\"@type\":\"ImageObject\",\"@id\":\"https:\/\/yar.deutschetage.ru\/de\/#personlogo\",\"inLanguage\":\"de-DE\",\"url\":\"https:\/\/secure.gravatar.com\/avatar\/1fe39c6a447b1a4ad661671d48304a9e?s=96&d=mm&r=g\",\"caption\":\"\\u0412\\u0430\\u043b\\u0435\\u043d\\u0442\\u0438\\u043d\\u0430\"}}]}<\/script>\n<!-- \/ Yoast SEO plugin. -->","_links":{"self":[{"href":"https:\/\/yar.deutschetage.ru\/de\/wp-json\/wp\/v2\/posts\/315"}],"collection":[{"href":"https:\/\/yar.deutschetage.ru\/de\/wp-json\/wp\/v2\/posts"}],"about":[{"href":"https:\/\/yar.deutschetage.ru\/de\/wp-json\/wp\/v2\/types\/post"}],"author":[{"embeddable":true,"href":"https:\/\/yar.deutschetage.ru\/de\/wp-json\/wp\/v2\/users\/2"}],"replies":[{"embeddable":true,"href":"https:\/\/yar.deutschetage.ru\/de\/wp-json\/wp\/v2\/comments?post=315"}],"version-history":[{"count":6,"href":"https:\/\/yar.deutschetage.ru\/de\/wp-json\/wp\/v2\/posts\/315\/revisions"}],"predecessor-version":[{"id":402,"href":"https:\/\/yar.deutschetage.ru\/de\/wp-json\/wp\/v2\/posts\/315\/revisions\/402"}],"wp:attachment":[{"href":"https:\/\/yar.deutschetage.ru\/de\/wp-json\/wp\/v2\/media?parent=315"}],"wp:term":[{"taxonomy":"category","embeddable":true,"href":"https:\/\/yar.deutschetage.ru\/de\/wp-json\/wp\/v2\/categories?post=315"},{"taxonomy":"post_tag","embeddable":true,"href":"https:\/\/yar.deutschetage.ru\/de\/wp-json\/wp\/v2\/tags?post=315"}],"curies":[{"name":"wp","href":"https:\/\/api.w.org\/{rel}","templated":true}]}}