{"id":3167,"date":"2023-02-28T17:14:00","date_gmt":"2023-02-28T17:14:00","guid":{"rendered":"https:\/\/yar.deutschetage.ru\/?p=3167"},"modified":"2023-04-05T20:05:02","modified_gmt":"2023-04-05T20:05:02","slug":"28-fevralya-vneklassnyj-urok-v-yapek","status":"publish","type":"post","link":"https:\/\/yar.deutschetage.ru\/de\/28-fevralya-vneklassnyj-urok-v-yapek\/","title":{"rendered":"28. Februar &#8211; Seminar mit V. Filinkova in JPEK"},"content":{"rendered":"\n<figure class=\"wp-block-image size-large\"><img loading=\"lazy\" width=\"1024\" height=\"768\" src=\"https:\/\/yar.deutschetage.ru\/wp-content\/uploads\/2023\/03\/yapek-5-1024x768.jpeg\" alt=\"\" class=\"wp-image-3168\" srcset=\"https:\/\/yar.deutschetage.ru\/wp-content\/uploads\/2023\/03\/yapek-5-1024x768.jpeg 1024w, https:\/\/yar.deutschetage.ru\/wp-content\/uploads\/2023\/03\/yapek-5-300x225.jpeg 300w, https:\/\/yar.deutschetage.ru\/wp-content\/uploads\/2023\/03\/yapek-5-768x576.jpeg 768w, https:\/\/yar.deutschetage.ru\/wp-content\/uploads\/2023\/03\/yapek-5-1536x1152.jpeg 1536w, https:\/\/yar.deutschetage.ru\/wp-content\/uploads\/2023\/03\/yapek-5-2048x1536.jpeg 2048w\" sizes=\"(max-width: 1024px) 100vw, 1024px\" \/><\/figure>\n\n\n\n<p>Ein Seminar f\u00fcr Studenten der Industrie- und Wirtschaftsberufsschule Jaroslawl hielt Valentina Filinkova, Vorsitzende der Russisch-Deutsch-Franz\u00f6sischen Freundschaftsverein (Deutsch und Franz\u00f6sisch in Jaroslawl).<\/p>\n\n\n\n<p>Das Thema des Gespr\u00e4chs war \u201eWarum sollten wir eine Fremdsprache lernen?\u201c.<\/p>\n\n\n\n<p>Nachdem Valentina Filinkova Studierende, die Deutsch studieren und sich f\u00fcr Deutsch interessieren, in ihren interessanten Lebensweg in Bezug auf die deutsche Sprache und das Programmieren eintauchen lie\u00df, f\u00fchrte sie die Teilnehmer zu einem offenen und vertraulichen Gespr\u00e4ch \u00fcber die Bedeutung des Erlernens von Fremdsprachen. Die Kinder haben viel Neues und Spannendes f\u00fcr sich gelernt.<\/p>\n\n\n\n<p>W\u00e4hrend des Gespr\u00e4chs wurde das Thema f\u00fcr das n\u00e4chste Treffen geboren \u2013 \u201eStereotypen und Traditionen Deutschlands\u201c.<\/p>\n\n\n\n<p><\/p>\n","protected":false},"excerpt":{"rendered":"<p>Ein Seminar f\u00fcr Studenten der Industrie- und Wirtschaftsberufsschule Jaroslawl hielt Valentina Filinkova, Vorsitzende der Russisch-Deutsch-Franz\u00f6sischen Freundschaftsverein (Deutsch und Franz\u00f6sisch in Jaroslawl). Das Thema des Gespr\u00e4chs war \u201eWarum sollten wir eine Fremdsprache lernen?\u201c. Nachdem Valentina Filinkova Studierende, die Deutsch studieren und sich f\u00fcr Deutsch interessieren, in ihren interessanten Lebensweg in Bezug auf die deutsche Sprache und [&hellip;]<\/p>\n","protected":false},"author":2,"featured_media":3168,"comment_status":"closed","ping_status":"open","sticky":false,"template":"","format":"standard","meta":[],"categories":[22],"tags":[],"yoast_head":"<!-- This site is optimized with the Yoast SEO plugin v14.9 - https:\/\/yoast.com\/wordpress\/plugins\/seo\/ -->\n<title>28. Februar - Seminar mit V. Filinkova in JPEK - Deutsche Tage in der Region Jaroslawl<\/title>\n<meta name=\"robots\" content=\"index, follow, max-snippet:-1, max-image-preview:large, max-video-preview:-1\" \/>\n<link rel=\"canonical\" href=\"https:\/\/yar.deutschetage.ru\/28-fevralya-vneklassnyj-urok-v-yapek\/\" \/>\n<meta property=\"og:locale\" content=\"de_DE\" \/>\n<meta property=\"og:type\" content=\"article\" \/>\n<meta property=\"og:title\" content=\"28. Februar - Seminar mit V. Filinkova in JPEK - Deutsche Tage in der Region Jaroslawl\" \/>\n<meta property=\"og:url\" content=\"https:\/\/yar.deutschetage.ru\/28-fevralya-vneklassnyj-urok-v-yapek\/\" \/>\n<meta property=\"og:site_name\" content=\"Deutsche Tage in der Region Jaroslawl\" \/>\n<meta property=\"article:publisher\" content=\"https:\/\/www.facebook.com\/groups\/druzjagermanii\" \/>\n<meta property=\"article:published_time\" content=\"2023-02-28T17:14:00+00:00\" \/>\n<meta property=\"article:modified_time\" content=\"2023-04-05T20:05:02+00:00\" \/>\n<meta property=\"og:image\" content=\"https:\/\/yar.deutschetage.ru\/wp-content\/uploads\/2023\/03\/yapek-5.jpeg\" \/>\n\t<meta property=\"og:image:width\" content=\"2560\" \/>\n\t<meta property=\"og:image:height\" content=\"1920\" \/>\n<meta name=\"twitter:card\" content=\"summary_large_image\" \/>\n<script type=\"application\/ld+json\" class=\"yoast-schema-graph\">{\"@context\":\"https:\/\/schema.org\",\"@graph\":[{\"@type\":\"WebSite\",\"@id\":\"https:\/\/yar.deutschetage.ru\/de\/#website\",\"url\":\"https:\/\/yar.deutschetage.ru\/de\/\",\"name\":\"Deutsche Tage in der Region Jaroslawl\",\"description\":\"Wissenschaftliche Fantastik oder fantastische Wissenschaft\",\"potentialAction\":[{\"@type\":\"SearchAction\",\"target\":\"https:\/\/yar.deutschetage.ru\/de\/?s={search_term_string}\",\"query-input\":\"required name=search_term_string\"}],\"inLanguage\":\"de-DE\"},{\"@type\":\"ImageObject\",\"@id\":\"https:\/\/yar.deutschetage.ru\/28-fevralya-vneklassnyj-urok-v-yapek\/#primaryimage\",\"inLanguage\":\"de-DE\",\"url\":\"https:\/\/yar.deutschetage.ru\/wp-content\/uploads\/2023\/03\/yapek-5.jpeg\",\"width\":2560,\"height\":1920},{\"@type\":\"WebPage\",\"@id\":\"https:\/\/yar.deutschetage.ru\/28-fevralya-vneklassnyj-urok-v-yapek\/#webpage\",\"url\":\"https:\/\/yar.deutschetage.ru\/28-fevralya-vneklassnyj-urok-v-yapek\/\",\"name\":\"28. Februar - Seminar mit V. Filinkova in JPEK - Deutsche Tage in der Region Jaroslawl\",\"isPartOf\":{\"@id\":\"https:\/\/yar.deutschetage.ru\/de\/#website\"},\"primaryImageOfPage\":{\"@id\":\"https:\/\/yar.deutschetage.ru\/28-fevralya-vneklassnyj-urok-v-yapek\/#primaryimage\"},\"datePublished\":\"2023-02-28T17:14:00+00:00\",\"dateModified\":\"2023-04-05T20:05:02+00:00\",\"author\":{\"@id\":\"https:\/\/yar.deutschetage.ru\/de\/#\/schema\/person\/4f39fe90cebbcc93ada07890317ab455\"},\"breadcrumb\":{\"@id\":\"https:\/\/yar.deutschetage.ru\/28-fevralya-vneklassnyj-urok-v-yapek\/#breadcrumb\"},\"inLanguage\":\"de-DE\",\"potentialAction\":[{\"@type\":\"ReadAction\",\"target\":[\"https:\/\/yar.deutschetage.ru\/28-fevralya-vneklassnyj-urok-v-yapek\/\"]}]},{\"@type\":\"BreadcrumbList\",\"@id\":\"https:\/\/yar.deutschetage.ru\/28-fevralya-vneklassnyj-urok-v-yapek\/#breadcrumb\",\"itemListElement\":[{\"@type\":\"ListItem\",\"position\":1,\"item\":{\"@type\":\"WebPage\",\"@id\":\"https:\/\/yar.deutschetage.ru\/\",\"url\":\"https:\/\/yar.deutschetage.ru\/\",\"name\":\"\\u0413\\u043b\\u0430\\u0432\\u043d\\u0430\\u044f\"}},{\"@type\":\"ListItem\",\"position\":2,\"item\":{\"@type\":\"WebPage\",\"@id\":\"https:\/\/yar.deutschetage.ru\/28-fevralya-vneklassnyj-urok-v-yapek\/\",\"url\":\"https:\/\/yar.deutschetage.ru\/28-fevralya-vneklassnyj-urok-v-yapek\/\",\"name\":\"28 \\u0444\\u0435\\u0432\\u0440\\u0430\\u043b\\u044f &#8212; \\u0412\\u043d\\u0435\\u043a\\u043b\\u0430\\u0441\\u0441\\u043d\\u044b\\u0439 \\u0443\\u0440\\u043e\\u043a \\u0432 \\u042f\\u041f\\u042d\\u041a \\u0441 \\u0412. \\u0424\\u0438\\u043b\\u0438\\u043d\\u043a\\u043e\\u0432\\u043e\\u0439\"}}]},{\"@type\":\"Person\",\"@id\":\"https:\/\/yar.deutschetage.ru\/de\/#\/schema\/person\/4f39fe90cebbcc93ada07890317ab455\",\"name\":\"\\u0412\\u0430\\u043b\\u0435\\u043d\\u0442\\u0438\\u043d\\u0430\",\"image\":{\"@type\":\"ImageObject\",\"@id\":\"https:\/\/yar.deutschetage.ru\/de\/#personlogo\",\"inLanguage\":\"de-DE\",\"url\":\"https:\/\/secure.gravatar.com\/avatar\/1fe39c6a447b1a4ad661671d48304a9e?s=96&d=mm&r=g\",\"caption\":\"\\u0412\\u0430\\u043b\\u0435\\u043d\\u0442\\u0438\\u043d\\u0430\"}}]}<\/script>\n<!-- \/ Yoast SEO plugin. -->","_links":{"self":[{"href":"https:\/\/yar.deutschetage.ru\/de\/wp-json\/wp\/v2\/posts\/3167"}],"collection":[{"href":"https:\/\/yar.deutschetage.ru\/de\/wp-json\/wp\/v2\/posts"}],"about":[{"href":"https:\/\/yar.deutschetage.ru\/de\/wp-json\/wp\/v2\/types\/post"}],"author":[{"embeddable":true,"href":"https:\/\/yar.deutschetage.ru\/de\/wp-json\/wp\/v2\/users\/2"}],"replies":[{"embeddable":true,"href":"https:\/\/yar.deutschetage.ru\/de\/wp-json\/wp\/v2\/comments?post=3167"}],"version-history":[{"count":3,"href":"https:\/\/yar.deutschetage.ru\/de\/wp-json\/wp\/v2\/posts\/3167\/revisions"}],"predecessor-version":[{"id":3254,"href":"https:\/\/yar.deutschetage.ru\/de\/wp-json\/wp\/v2\/posts\/3167\/revisions\/3254"}],"wp:featuredmedia":[{"embeddable":true,"href":"https:\/\/yar.deutschetage.ru\/de\/wp-json\/wp\/v2\/media\/3168"}],"wp:attachment":[{"href":"https:\/\/yar.deutschetage.ru\/de\/wp-json\/wp\/v2\/media?parent=3167"}],"wp:term":[{"taxonomy":"category","embeddable":true,"href":"https:\/\/yar.deutschetage.ru\/de\/wp-json\/wp\/v2\/categories?post=3167"},{"taxonomy":"post_tag","embeddable":true,"href":"https:\/\/yar.deutschetage.ru\/de\/wp-json\/wp\/v2\/tags?post=3167"}],"curies":[{"name":"wp","href":"https:\/\/api.w.org\/{rel}","templated":true}]}}