{"id":3187,"date":"2023-03-26T11:58:43","date_gmt":"2023-03-26T11:58:43","guid":{"rendered":"https:\/\/yar.deutschetage.ru\/?p=3187"},"modified":"2023-04-05T19:26:16","modified_gmt":"2023-04-05T19:26:16","slug":"velosipedu-ispolnilos-200-let","status":"publish","type":"post","link":"https:\/\/yar.deutschetage.ru\/de\/velosipedu-ispolnilos-200-let\/","title":{"rendered":"Fahrrad ist 200 Jahre alt"},"content":{"rendered":"\n<figure class=\"wp-block-image size-large\"><img loading=\"lazy\" width=\"600\" height=\"450\" src=\"https:\/\/yar.deutschetage.ru\/wp-content\/uploads\/2023\/03\/laufrad2-e1491913394970.jpg\" alt=\"\" class=\"wp-image-3184\" srcset=\"https:\/\/yar.deutschetage.ru\/wp-content\/uploads\/2023\/03\/laufrad2-e1491913394970.jpg 600w, https:\/\/yar.deutschetage.ru\/wp-content\/uploads\/2023\/03\/laufrad2-e1491913394970-300x225.jpg 300w\" sizes=\"(max-width: 600px) 100vw, 600px\" \/><\/figure>\n\n\n\n<p><\/p>\n\n\n\n<p>Um die Geschichte der Erfindung des Fahrrads ranken sich viele Kontroversen und Legenden. Einige Historiker sagen, dass es bereits zu Beginn unserer Zeitrechnung ein \u00e4hnliches Transportmittel gab. Andere behaupten, dass das Fahrradsystem von Leonardo da Vinci erfunden wurde. Wieder andere vermuten, dass der Prototyp des zuk\u00fcnftigen Fahrrads &#8211; der Roller &#8211; Ende des 18. Jahrhunderts vom russischen Mechaniker Ivan Kulibin erfunden wurde. Dennoch glauben die meisten Forscher, dass die Erfindung des Fahrrads erst im 19. Jahrhundert stattfand. 1817 n\u00e4mlich erhielt der deutsche Baron Karl von Drez ein Patent f\u00fcr seine Erfindung \u2013 die \u201eLaufmaschine\u201c, die im Volksmund \u201eWagen\u201c genannt wurde.<\/p>\n\n\n\n<p>Der Bedarf an Erfindungen ist gerissen, wie das alte russische Sprichwort sagt. Das gilt f\u00fcr die Erfindung des Fahrrads. Vor dem Hintergrund von Ernteausf\u00e4llen, die 1816\/17 auch zu einer Verteuerung des Futterhafers f\u00fchrten, schuf Karl Dresz die sogenannte \u201eWalking Machine\u201c, den Prototyp des heutigen Fahrrads. Es war mit zwei hintereinander stehenden R\u00e4dern, einem Sattel zum Sitzen und einem Lenkrad ausgestattet. Der gesamte Roller war aus Holz und wog nur 22 kg, so viel wie ein heutiges Rennrad. Das Hinterrad war fest in den Rahmen integriert, das Vorderrad lenkbar. Die Bewegung erfolgte aufgrund der Absto\u00dfung durch die F\u00fc\u00dfe vom Boden. Bei der ersten Fahrt am 12. Juni 1817 zwischen seinem Mietshaus in Mannheim und der Relaisstation in Schwetzingen erreichte Dresus eine Durchschnittsgeschwindigkeit von etwa 15 km\/h.<\/p>\n\n\n\n<p>Drez organisierte \u00f6ffentliche Reisen und schrieb Artikel f\u00fcr Zeitschriften, um die Popularit\u00e4t seiner Erfindung zu steigern. Die Idee verbreitete sich schnell, \u00fcberall tauchten Kopien auf. Doch das Fahrverbot bremste die Entwicklung f\u00fcr eine Weile. Die Fahrer benutzten B\u00fcrgersteige anstelle von ausgefahrenen und oft schlammigen Stra\u00dfen und gerieten so in Konflikt mit Fu\u00dfg\u00e4ngern. Das erste Gehsteigverbot erging Ende 1817 in Mannheim, dann 1818 in Paris und 1819 in London. Erst mit der Erfindung des Tretantriebs 1861 \u2013 zehn Jahre nach Drez\u2018 Tod \u2013 wurde das Fahrrad zum Massenverkehrsmittel. Heute gibt es allein in Deutschland bereits 72 Millionen Fahrr\u00e4der.<\/p>\n\n\n\n<p>Quellen:<\/p>\n\n\n\n<p><a href=\"https:\/\/germania-online.diplo.de\/\">https:\/\/germania-online.diplo.de\/<\/a><\/p>\n\n\n\n<p><a href=\"https:\/\/www.deutschland.de\/ru\/topic\/obsestvo\/sport-dosug\/velosipedu-ispolnaetsa-200-let\">https:\/\/www.deutschland.de\/ru\/topic\/obsestvo\/sport-dosug\/velosipedu-ispolnaetsa-200-let<\/a><\/p>\n","protected":false},"excerpt":{"rendered":"<p>Um die Geschichte der Erfindung des Fahrrads ranken sich viele Kontroversen und Legenden. Einige Historiker sagen, dass es bereits zu Beginn unserer Zeitrechnung ein \u00e4hnliches Transportmittel gab. Andere behaupten, dass das Fahrradsystem von Leonardo da Vinci erfunden wurde. Wieder andere vermuten, dass der Prototyp des zuk\u00fcnftigen Fahrrads &#8211; der Roller &#8211; Ende des 18. Jahrhunderts [&hellip;]<\/p>\n","protected":false},"author":2,"featured_media":3184,"comment_status":"closed","ping_status":"open","sticky":false,"template":"","format":"standard","meta":[],"categories":[1],"tags":[],"yoast_head":"<!-- This site is optimized with the Yoast SEO plugin v14.9 - https:\/\/yoast.com\/wordpress\/plugins\/seo\/ -->\n<title>Fahrrad ist 200 Jahre alt - Deutsche Tage in der Region Jaroslawl<\/title>\n<meta name=\"robots\" content=\"index, follow, max-snippet:-1, max-image-preview:large, max-video-preview:-1\" \/>\n<link rel=\"canonical\" href=\"https:\/\/yar.deutschetage.ru\/velosipedu-ispolnilos-200-let\/\" \/>\n<meta property=\"og:locale\" content=\"de_DE\" \/>\n<meta property=\"og:type\" content=\"article\" \/>\n<meta property=\"og:title\" content=\"Fahrrad ist 200 Jahre alt - Deutsche Tage in der Region Jaroslawl\" \/>\n<meta property=\"og:url\" content=\"https:\/\/yar.deutschetage.ru\/velosipedu-ispolnilos-200-let\/\" \/>\n<meta property=\"og:site_name\" content=\"Deutsche Tage in der Region Jaroslawl\" \/>\n<meta property=\"article:publisher\" content=\"https:\/\/www.facebook.com\/groups\/druzjagermanii\" \/>\n<meta property=\"article:published_time\" content=\"2023-03-26T11:58:43+00:00\" \/>\n<meta property=\"article:modified_time\" content=\"2023-04-05T19:26:16+00:00\" \/>\n<meta property=\"og:image\" content=\"https:\/\/yar.deutschetage.ru\/wp-content\/uploads\/2023\/03\/laufrad2-e1491913394970.jpg\" \/>\n\t<meta property=\"og:image:width\" content=\"600\" \/>\n\t<meta property=\"og:image:height\" content=\"450\" \/>\n<meta name=\"twitter:card\" content=\"summary_large_image\" \/>\n<script type=\"application\/ld+json\" class=\"yoast-schema-graph\">{\"@context\":\"https:\/\/schema.org\",\"@graph\":[{\"@type\":\"WebSite\",\"@id\":\"https:\/\/yar.deutschetage.ru\/de\/#website\",\"url\":\"https:\/\/yar.deutschetage.ru\/de\/\",\"name\":\"Deutsche Tage in der Region Jaroslawl\",\"description\":\"Wissenschaftliche Fantastik oder fantastische Wissenschaft\",\"potentialAction\":[{\"@type\":\"SearchAction\",\"target\":\"https:\/\/yar.deutschetage.ru\/de\/?s={search_term_string}\",\"query-input\":\"required name=search_term_string\"}],\"inLanguage\":\"de-DE\"},{\"@type\":\"ImageObject\",\"@id\":\"https:\/\/yar.deutschetage.ru\/velosipedu-ispolnilos-200-let\/#primaryimage\",\"inLanguage\":\"de-DE\",\"url\":\"https:\/\/yar.deutschetage.ru\/wp-content\/uploads\/2023\/03\/laufrad2-e1491913394970.jpg\",\"width\":600,\"height\":450},{\"@type\":\"WebPage\",\"@id\":\"https:\/\/yar.deutschetage.ru\/velosipedu-ispolnilos-200-let\/#webpage\",\"url\":\"https:\/\/yar.deutschetage.ru\/velosipedu-ispolnilos-200-let\/\",\"name\":\"Fahrrad ist 200 Jahre alt - Deutsche Tage in der Region Jaroslawl\",\"isPartOf\":{\"@id\":\"https:\/\/yar.deutschetage.ru\/de\/#website\"},\"primaryImageOfPage\":{\"@id\":\"https:\/\/yar.deutschetage.ru\/velosipedu-ispolnilos-200-let\/#primaryimage\"},\"datePublished\":\"2023-03-26T11:58:43+00:00\",\"dateModified\":\"2023-04-05T19:26:16+00:00\",\"author\":{\"@id\":\"https:\/\/yar.deutschetage.ru\/de\/#\/schema\/person\/4f39fe90cebbcc93ada07890317ab455\"},\"breadcrumb\":{\"@id\":\"https:\/\/yar.deutschetage.ru\/velosipedu-ispolnilos-200-let\/#breadcrumb\"},\"inLanguage\":\"de-DE\",\"potentialAction\":[{\"@type\":\"ReadAction\",\"target\":[\"https:\/\/yar.deutschetage.ru\/velosipedu-ispolnilos-200-let\/\"]}]},{\"@type\":\"BreadcrumbList\",\"@id\":\"https:\/\/yar.deutschetage.ru\/velosipedu-ispolnilos-200-let\/#breadcrumb\",\"itemListElement\":[{\"@type\":\"ListItem\",\"position\":1,\"item\":{\"@type\":\"WebPage\",\"@id\":\"https:\/\/yar.deutschetage.ru\/\",\"url\":\"https:\/\/yar.deutschetage.ru\/\",\"name\":\"\\u0413\\u043b\\u0430\\u0432\\u043d\\u0430\\u044f\"}},{\"@type\":\"ListItem\",\"position\":2,\"item\":{\"@type\":\"WebPage\",\"@id\":\"https:\/\/yar.deutschetage.ru\/velosipedu-ispolnilos-200-let\/\",\"url\":\"https:\/\/yar.deutschetage.ru\/velosipedu-ispolnilos-200-let\/\",\"name\":\"\\u0412\\u0435\\u043b\\u043e\\u0441\\u0438\\u043f\\u0435\\u0434\\u0443 \\u0438\\u0441\\u043f\\u043e\\u043b\\u043d\\u0438\\u043b\\u043e\\u0441\\u044c 200 \\u043b\\u0435\\u0442\"}}]},{\"@type\":\"Person\",\"@id\":\"https:\/\/yar.deutschetage.ru\/de\/#\/schema\/person\/4f39fe90cebbcc93ada07890317ab455\",\"name\":\"\\u0412\\u0430\\u043b\\u0435\\u043d\\u0442\\u0438\\u043d\\u0430\",\"image\":{\"@type\":\"ImageObject\",\"@id\":\"https:\/\/yar.deutschetage.ru\/de\/#personlogo\",\"inLanguage\":\"de-DE\",\"url\":\"https:\/\/secure.gravatar.com\/avatar\/1fe39c6a447b1a4ad661671d48304a9e?s=96&d=mm&r=g\",\"caption\":\"\\u0412\\u0430\\u043b\\u0435\\u043d\\u0442\\u0438\\u043d\\u0430\"}}]}<\/script>\n<!-- \/ Yoast SEO plugin. -->","_links":{"self":[{"href":"https:\/\/yar.deutschetage.ru\/de\/wp-json\/wp\/v2\/posts\/3187"}],"collection":[{"href":"https:\/\/yar.deutschetage.ru\/de\/wp-json\/wp\/v2\/posts"}],"about":[{"href":"https:\/\/yar.deutschetage.ru\/de\/wp-json\/wp\/v2\/types\/post"}],"author":[{"embeddable":true,"href":"https:\/\/yar.deutschetage.ru\/de\/wp-json\/wp\/v2\/users\/2"}],"replies":[{"embeddable":true,"href":"https:\/\/yar.deutschetage.ru\/de\/wp-json\/wp\/v2\/comments?post=3187"}],"version-history":[{"count":3,"href":"https:\/\/yar.deutschetage.ru\/de\/wp-json\/wp\/v2\/posts\/3187\/revisions"}],"predecessor-version":[{"id":3247,"href":"https:\/\/yar.deutschetage.ru\/de\/wp-json\/wp\/v2\/posts\/3187\/revisions\/3247"}],"wp:featuredmedia":[{"embeddable":true,"href":"https:\/\/yar.deutschetage.ru\/de\/wp-json\/wp\/v2\/media\/3184"}],"wp:attachment":[{"href":"https:\/\/yar.deutschetage.ru\/de\/wp-json\/wp\/v2\/media?parent=3187"}],"wp:term":[{"taxonomy":"category","embeddable":true,"href":"https:\/\/yar.deutschetage.ru\/de\/wp-json\/wp\/v2\/categories?post=3187"},{"taxonomy":"post_tag","embeddable":true,"href":"https:\/\/yar.deutschetage.ru\/de\/wp-json\/wp\/v2\/tags?post=3187"}],"curies":[{"name":"wp","href":"https:\/\/api.w.org\/{rel}","templated":true}]}}