{"id":319,"date":"2020-09-16T07:53:02","date_gmt":"2020-09-16T07:53:02","guid":{"rendered":"https:\/\/yar.deutschetage.ru\/?p=319"},"modified":"2020-09-17T19:26:06","modified_gmt":"2020-09-17T19:26:06","slug":"a-znaete-li-vy-chto","status":"publish","type":"post","link":"https:\/\/yar.deutschetage.ru\/de\/a-znaete-li-vy-chto\/","title":{"rendered":"Wissen Sie, was&#8230;"},"content":{"rendered":"\n<p>&#8211; Beethoven musste im Alter von 11 Jahren die Schule verlassen, um seine Familie zu unterst\u00fctzen. Aus diesem Grund lernte er nicht, sich zu vermehren oder zu teilen;<\/p>\n\n\n\n<p>&#8211; Zum ersten Mal trat der junge Maestro am 26. M\u00e4rz 1778 im Alter von 7 Jahren \u00f6ffentlich auf. Es ist bemerkenswert, dass der 26. M\u00e4rz auch das Datum seines Todes ist.<\/p>\n\n\n\n<p>&#8211; Ungef\u00e4hr 20.000 Menschen nahmen am dritten Tag nach dem Tod ihres geliebten Komponisten am 29. M\u00e4rz 1827 an der Trauerprozession teil. Franz Schubert, ein gro\u00dfer Bewunderer des Werkes des Komponisten, war einer derjenigen, die den Sarg trugen. Ironischerweise starb er selbst ein Jahr sp\u00e4ter und wurde neben Beethoven begraben;<\/p>\n\n\n\n<p>&#8211; Man sagt, dass das Beatles-Lied &#8222;Because&#8220; auf der Melodie der Mondscheinsonate basiert, die in umgekehrter Reihenfolge gespielt wird;<\/p>\n\n\n\n<p>&#8211; Beethoven konnte gut Italienisch und Franz\u00f6sisch, aber er lernte am besten Latein;<\/p>\n\n\n\n<p>&#8211; Der Komponist kritisierte sein ganzes Leben lang die Regierung und die Gesetze;<\/p>\n\n\n\n<p>&#8211; Beethoven br\u00fchte Kaffee immer ausschlie\u00dflich aus 64 Bohnen;<\/p>\n\n\n\n<p>&#8211; Beethovens Musik wurde erfolgreich in Filmen als Soundtracks f\u00fcr Filme eingesetzt.<\/p>\n\n\n\n<p>&#8211; Mit der Erfindung der Technologie zur Aufnahme von Musik auf CDs bestimmte die Dauer von Beethovens Neunter Symphonie (mehr als 70 Minuten) die Parameter des neuen Formats.<\/p>\n\n\n\n<p>&#8211; Beethovens Neunte Symphonie, die am 7. Mai 1824 in Wien uraufgef\u00fchrt wurde und von einem Applaus begleitet wurde, den der v\u00f6llig taube Komponist nicht h\u00f6ren konnte, ist immer noch ein un\u00fcbertroffenes Werk in der Musikgeschichte. &#8222;Ode an die Freude&#8220; an die Texte von Friedrich Schiller ist zur Hymne des Vereinigten Europas geworden.<\/p>\n\n\n\n<p><\/p>\n","protected":false},"excerpt":{"rendered":"<p>&#8211; Beethoven musste im Alter von 11 Jahren die Schule verlassen, um seine Familie zu unterst\u00fctzen. Aus diesem Grund lernte er nicht, sich zu vermehren oder zu teilen; &#8211; Zum ersten Mal trat der junge Maestro am 26. M\u00e4rz 1778 im Alter von 7 Jahren \u00f6ffentlich auf. Es ist bemerkenswert, dass der 26. M\u00e4rz auch [&hellip;]<\/p>\n","protected":false},"author":2,"featured_media":0,"comment_status":"closed","ping_status":"open","sticky":false,"template":"","format":"standard","meta":[],"categories":[7],"tags":[],"yoast_head":"<!-- This site is optimized with the Yoast SEO plugin v14.9 - https:\/\/yoast.com\/wordpress\/plugins\/seo\/ -->\n<title>Wissen Sie, was... - Deutsche Tage in der Region Jaroslawl<\/title>\n<meta name=\"robots\" content=\"index, follow, max-snippet:-1, max-image-preview:large, max-video-preview:-1\" \/>\n<link rel=\"canonical\" href=\"https:\/\/yar.deutschetage.ru\/a-znaete-li-vy-chto\/\" \/>\n<meta property=\"og:locale\" content=\"de_DE\" \/>\n<meta property=\"og:type\" content=\"article\" \/>\n<meta property=\"og:title\" content=\"Wissen Sie, was... - Deutsche Tage in der Region Jaroslawl\" \/>\n<meta property=\"og:url\" content=\"https:\/\/yar.deutschetage.ru\/a-znaete-li-vy-chto\/\" \/>\n<meta property=\"og:site_name\" content=\"Deutsche Tage in der Region Jaroslawl\" \/>\n<meta property=\"article:publisher\" content=\"https:\/\/www.facebook.com\/groups\/druzjagermanii\" \/>\n<meta property=\"article:published_time\" content=\"2020-09-16T07:53:02+00:00\" \/>\n<meta property=\"article:modified_time\" content=\"2020-09-17T19:26:06+00:00\" \/>\n<meta name=\"twitter:card\" content=\"summary_large_image\" \/>\n<script type=\"application\/ld+json\" class=\"yoast-schema-graph\">{\"@context\":\"https:\/\/schema.org\",\"@graph\":[{\"@type\":\"WebSite\",\"@id\":\"https:\/\/yar.deutschetage.ru\/de\/#website\",\"url\":\"https:\/\/yar.deutschetage.ru\/de\/\",\"name\":\"Deutsche Tage in der Region Jaroslawl\",\"description\":\"Wissenschaftliche Fantastik oder fantastische Wissenschaft\",\"potentialAction\":[{\"@type\":\"SearchAction\",\"target\":\"https:\/\/yar.deutschetage.ru\/de\/?s={search_term_string}\",\"query-input\":\"required name=search_term_string\"}],\"inLanguage\":\"de-DE\"},{\"@type\":\"WebPage\",\"@id\":\"https:\/\/yar.deutschetage.ru\/a-znaete-li-vy-chto\/#webpage\",\"url\":\"https:\/\/yar.deutschetage.ru\/a-znaete-li-vy-chto\/\",\"name\":\"Wissen Sie, was... - Deutsche Tage in der Region Jaroslawl\",\"isPartOf\":{\"@id\":\"https:\/\/yar.deutschetage.ru\/de\/#website\"},\"datePublished\":\"2020-09-16T07:53:02+00:00\",\"dateModified\":\"2020-09-17T19:26:06+00:00\",\"author\":{\"@id\":\"https:\/\/yar.deutschetage.ru\/de\/#\/schema\/person\/4f39fe90cebbcc93ada07890317ab455\"},\"breadcrumb\":{\"@id\":\"https:\/\/yar.deutschetage.ru\/a-znaete-li-vy-chto\/#breadcrumb\"},\"inLanguage\":\"de-DE\",\"potentialAction\":[{\"@type\":\"ReadAction\",\"target\":[\"https:\/\/yar.deutschetage.ru\/a-znaete-li-vy-chto\/\"]}]},{\"@type\":\"BreadcrumbList\",\"@id\":\"https:\/\/yar.deutschetage.ru\/a-znaete-li-vy-chto\/#breadcrumb\",\"itemListElement\":[{\"@type\":\"ListItem\",\"position\":1,\"item\":{\"@type\":\"WebPage\",\"@id\":\"https:\/\/yar.deutschetage.ru\/\",\"url\":\"https:\/\/yar.deutschetage.ru\/\",\"name\":\"\\u0413\\u043b\\u0430\\u0432\\u043d\\u0430\\u044f\"}},{\"@type\":\"ListItem\",\"position\":2,\"item\":{\"@type\":\"WebPage\",\"@id\":\"https:\/\/yar.deutschetage.ru\/a-znaete-li-vy-chto\/\",\"url\":\"https:\/\/yar.deutschetage.ru\/a-znaete-li-vy-chto\/\",\"name\":\"\\u0410 \\u0437\\u043d\\u0430\\u0435\\u0442\\u0435 \\u043b\\u0438 \\u0432\\u044b \\u0447\\u0442\\u043e&#8230;\"}}]},{\"@type\":\"Person\",\"@id\":\"https:\/\/yar.deutschetage.ru\/de\/#\/schema\/person\/4f39fe90cebbcc93ada07890317ab455\",\"name\":\"\\u0412\\u0430\\u043b\\u0435\\u043d\\u0442\\u0438\\u043d\\u0430\",\"image\":{\"@type\":\"ImageObject\",\"@id\":\"https:\/\/yar.deutschetage.ru\/de\/#personlogo\",\"inLanguage\":\"de-DE\",\"url\":\"https:\/\/secure.gravatar.com\/avatar\/1fe39c6a447b1a4ad661671d48304a9e?s=96&d=mm&r=g\",\"caption\":\"\\u0412\\u0430\\u043b\\u0435\\u043d\\u0442\\u0438\\u043d\\u0430\"}}]}<\/script>\n<!-- \/ Yoast SEO plugin. -->","_links":{"self":[{"href":"https:\/\/yar.deutschetage.ru\/de\/wp-json\/wp\/v2\/posts\/319"}],"collection":[{"href":"https:\/\/yar.deutschetage.ru\/de\/wp-json\/wp\/v2\/posts"}],"about":[{"href":"https:\/\/yar.deutschetage.ru\/de\/wp-json\/wp\/v2\/types\/post"}],"author":[{"embeddable":true,"href":"https:\/\/yar.deutschetage.ru\/de\/wp-json\/wp\/v2\/users\/2"}],"replies":[{"embeddable":true,"href":"https:\/\/yar.deutschetage.ru\/de\/wp-json\/wp\/v2\/comments?post=319"}],"version-history":[{"count":6,"href":"https:\/\/yar.deutschetage.ru\/de\/wp-json\/wp\/v2\/posts\/319\/revisions"}],"predecessor-version":[{"id":397,"href":"https:\/\/yar.deutschetage.ru\/de\/wp-json\/wp\/v2\/posts\/319\/revisions\/397"}],"wp:attachment":[{"href":"https:\/\/yar.deutschetage.ru\/de\/wp-json\/wp\/v2\/media?parent=319"}],"wp:term":[{"taxonomy":"category","embeddable":true,"href":"https:\/\/yar.deutschetage.ru\/de\/wp-json\/wp\/v2\/categories?post=319"},{"taxonomy":"post_tag","embeddable":true,"href":"https:\/\/yar.deutschetage.ru\/de\/wp-json\/wp\/v2\/tags?post=319"}],"curies":[{"name":"wp","href":"https:\/\/api.w.org\/{rel}","templated":true}]}}