{"id":3214,"date":"2023-03-27T11:00:27","date_gmt":"2023-03-27T11:00:27","guid":{"rendered":"https:\/\/yar.deutschetage.ru\/?p=3214"},"modified":"2023-04-05T19:57:49","modified_gmt":"2023-04-05T19:57:49","slug":"rentgenovskoe-izluchenie-ili-prosto-rentgen","status":"publish","type":"post","link":"https:\/\/yar.deutschetage.ru\/de\/rentgenovskoe-izluchenie-ili-prosto-rentgen\/","title":{"rendered":"Roentgenstrahlung oder einfach Roentgen"},"content":{"rendered":"\n<figure class=\"wp-block-image size-large\"><img loading=\"lazy\" width=\"700\" height=\"450\" src=\"https:\/\/yar.deutschetage.ru\/wp-content\/uploads\/2023\/03\/700_roentgen_8.jpg\" alt=\"\" class=\"wp-image-3217\" srcset=\"https:\/\/yar.deutschetage.ru\/wp-content\/uploads\/2023\/03\/700_roentgen_8.jpg 700w, https:\/\/yar.deutschetage.ru\/wp-content\/uploads\/2023\/03\/700_roentgen_8-300x193.jpg 300w\" sizes=\"(max-width: 700px) 100vw, 700px\" \/><\/figure>\n\n\n\n<p><\/p>\n\n\n\n<p>Wilhelm Conrad R\u00f6ntgen, Lebensjahre 1845\u20131923) ist ein deutscher Physiker, der erste Nobelpreistr\u00e4ger f\u00fcr Physik in der Geschichte (1901) f\u00fcr die Entdeckung 1895 der Strahlung, sp\u00e4ter nach ihm benannt.<\/p>\n\n\n\n<p>Die \u00d6ffnung des deutschen Wissenschaftlers l\u00f6ste weltweit unerwartete Reaktionen aus. So schlug 1896 ein Mitglied des amerikanischen Bundesstaates New Jersey, ein gewisser Reed, einen Gesetzentwurf vor, der die Verwendung von R\u00f6ntgenstrahlen in Theaterferngl\u00e4sern verbot, damit sie nicht nur durch Kleidung, sondern auch durch das Fleisch hindurchdringen k\u00f6nnten die Seele. Und die Presse in Europa und Amerika warnte vor den Gefahren der \u201eGehirnfotografie\u201c, die es erlaubt, die geheimsten Gedanken anderer zu lesen.<\/p>\n\n\n\n<p>Als Reaktion darauf warben einige Gesch\u00e4ftsleute f\u00fcr ihre Produkte &#8211; Geldb\u00f6rsen, Schatullen, Tresore und sogar H\u00fcte -, die ihrer Meinung nach in der Lage sind, ihren Inhalt vor schrecklichen Strahlen zu sch\u00fctzen.<\/p>\n\n\n\n<p>Die Leser reagierten besonders auf die Information, dass es mit Hilfe von R\u00f6ntgenstrahlen m\u00f6glich ist, Text oder ein Bild zum Einpr\u00e4gen in die Windungen der Gro\u00dfhirnrinde einzupr\u00e4gen. R\u00f6ntgenstrahlen wurde die F\u00e4higkeit zugeschrieben, \u00e4lteren Menschen die Jugend und Sterbenden das Leben zur\u00fcckzugeben. Und auch Blei in Gold verwandeln.<\/p>\n\n\n\n<p>Die R\u00f6ntgendiagnostik wird nicht immer bestimmungsgem\u00e4\u00df eingesetzt. Jeder wei\u00df, dass Sch\u00f6nheit Opfer erfordert, aber manchmal \u00fcberschritt das Ausma\u00df der Opfer im Namen von Mode und Anmut alle erdenklichen Grenzen. Genau das geschah 1927 in New York. Die Besitzer von Schuhgesch\u00e4ften begannen, Fluoroskope in Scharen f\u00fcr gesch\u00e4ftliche Zwecke zu kaufen. Wof\u00fcr? Full-Service: Der Kunde stellte seinen Fu\u00df in die \u00d6ffnung des Ger\u00e4tes, gleichzeitig machte die Verk\u00e4uferin eine R\u00f6ntgenaufnahme seines Beines. Ein solches System, so schien es den Schuhmagnaten, vereinfachte den Prozess der Schuhauswahl. Wie sich sp\u00e4ter herausstellte, war die Strahlendosis in diesen Ger\u00e4ten ein Schock \u2013 eine Frau musste sogar ihre Beine amputieren. Nach zahlreichen Beschwerden von verkr\u00fcppelten Kunden wurden die Ger\u00e4te aus dem Verkehr gezogen und vernichtet.<\/p>\n\n\n\n<p>Gl\u00fccklicherweise ist es den R\u00f6ntgenforschern durch Versuch und Irrtum gelungen, die aggressiven elektromagnetischen Wellen zu kontrollieren, sodass die R\u00f6ntgendiagnostik in der heutigen Welt viel n\u00fctzlicher als sch\u00e4dlich ist.<\/p>\n\n\n\n<p>Der amerikanische Wissenschaftler Thomas Edison begann unmittelbar nach der Entdeckung seines europ\u00e4ischen Kollegen mit der Entwicklung eines Fluoroskops &#8211; eines Ger\u00e4ts f\u00fcr R\u00f6ntgenstrahlen. Allerdings untersch\u00e4tzte der Physiker, wie die allermeisten Wissenschaftler jener Zeit, die zerst\u00f6rerische Kraft der R\u00f6ntgenstrahlen. Er vertraute das Testen von R\u00f6ntgenr\u00f6hren seinem Assistenten Clarence Delly an, der das Ger\u00e4t wegen der Schnelligkeit und Klarheit des Prozesses an seinen eigenen H\u00e4nden testete. Vier Jahre ununterbrochene Forschung f\u00fchrten zu solchen Sch\u00e4den an der Haut, dass die Behandlung sinnlos war. Die Chirurgen hielten die Amputation der Hand f\u00fcr den einzig m\u00f6glichen Ausweg. Doch auch eine solche Ma\u00dfnahme half nicht: Edisons Assistent starb bald an Krebs.<\/p>\n\n\n\n<p>Ein Jahr nach der Entdeckung der R\u00f6ntgenstrahlen durch R\u00f6ntgen erhielt der Physiker einen Brief von einem englischen Matrosen: \u201eSir, seit dem Krieg steckt eine Kugel in meiner Brust, aber sie k\u00f6nnen sie auf keinen Fall entfernen, weil sie ist nicht sichtbar. Und dann habe ich geh\u00f6rt, dass Sie die Strahlen gefunden haben, durch die meine Kugel zu sehen ist. Wenn es m\u00f6glich ist, schicken Sie mir ein paar Strahlen in einem Umschlag, die \u00c4rzte werden die Kugel finden und ich schicke Ihnen die Strahlen zur\u00fcck.&#8220; R\u00f6ntgen war von einem solchen Vorschlag fast verbl\u00fcfft. Seine Antwort lautete wie folgt: \u201eIm Moment habe ich nicht so viele Strahlen. Aber wenn es dir nicht schwer f\u00e4llt, schick mir deine Brust, ich werde eine Kugel finden und dir deine Brust zur\u00fcckschicken.<\/p>\n\n\n\n<p>R\u00f6ntgen hatte einen soliden, unabh\u00e4ngigen Charakter. Die Leidenschaft f\u00fcr die Forschung machte ihn zum ber\u00fchmtesten Menschen seiner Zeit. Das Milit\u00e4r stie\u00df auf seine Bitte, R\u00f6ntgenstrahlen in einer Kampforientierung einzusetzen, auf eine entschiedene Ablehnung, und Kaiser Wilhelm, der vom Wissenschaftler eine scharfe R\u00fcge erhielt, war sehr beleidigt von ihm. Und nur ein Sturz von der Schlosstreppe, der mit einer Verrenkung und der Aufforderung zum R\u00f6ntgen endete, lie\u00df diese Geschichte folgenlos.<\/p>\n\n\n\n<p>R\u00f6ntgens Bescheidenheit ist ein besonderes Gespr\u00e4ch. Best\u00e4tigung dieser Eigenschaften ist seine Ablehnung des Adelstitels, den der bayerische Prinzregent f\u00fcr Verdienste um wissenschaftliche T\u00e4tigkeit verliehen hat. Au\u00dferdem wollte der ber\u00fchmte Physiker der Berliner Elektrogesellschaft nicht einmal f\u00fcr eine gro\u00dfe Summe das ausschlie\u00dfliche Recht geben, seine Entdeckung zu nutzen, da er glaubte, dass sie Eigentum der gesamten Gesellschaft werden sollte.<\/p>\n\n\n\n<p>Kathodenr\u00f6hren, mit denen damals fast alle physikalischen Laboratorien der Welt ausgestattet waren, unterschieden sich im Funktionsprinzip nicht wesentlich voneinander. Am h\u00e4ufigsten verwendete R\u00f6ntgen jedoch f\u00fcr seine Experimente die R\u00f6hren von Lenard, einem deutschen Experimentalphysiker. Es war diese unwichtige Tatsache, die Lenard selbst veranlasste, die Priorit\u00e4t der Entdeckung der R\u00f6ntgenstrahlen in Frage zu stellen. Unglaublich, aber wahr: Als die ganze Welt R\u00f6ntgen applaudierte, startete Lenard eine ganze Kampagne gegen den Professor. Lenard, der zum f\u00fchrenden Physiker des Nazireichs wurde, k\u00e4mpfte etwa 40 Jahre lang f\u00fcr das Recht, R\u00f6ntgenstrahlen bei seinem eigenen Namen zu nennen, und erkl\u00e4rte, dass R\u00f6ntgen, so hei\u00dft es, bei der Geburt von R\u00f6ntgenstrahlen eine Hebamme gewesen sei und nichts gehabt habe mit dem \u201eKind\u201c zu tun. \u201eR\u00f6ntgen hat f\u00fcr seine Experimente eine Lenard-Vakuumr\u00f6hre verwendet, daher sollten die von ihm entdeckten Strahlen Lenard hei\u00dfen\u201c, sagte sein Assistent Johann Stark in der Presse. Und der herausragende deutsche Physiker Max von Laue, der versuchte, den Streit zu beenden, sagte: \u201eWenn R\u00f6ntgen Ende 1895 nicht die R\u00f6ntgenstrahlen entdeckt h\u00e4tte, dann h\u00e4tte Leonard es vielleicht getan. Aber R\u00f6ntgen tat es trotzdem.<\/p>\n\n\n\n<p>R\u00f6ntgen selbst beteiligte sich nicht an diesem Streit, verteidigte sein Entdeckungsrecht nicht \u2013 er trat einfach zur Seite. Aber mit noch gr\u00f6\u00dferer Feindseligkeit nahm R\u00f6ntgen die Aufregung um die Entdeckung neuer Strahlen wahr, die dann zu einem Modethema wurden.<\/p>\n\n\n\n<p>Interessanterweise wandte sich die deutsche Regierung w\u00e4hrend des Ersten Weltkriegs an die Bev\u00f6lkerung mit der Bitte um finanzielle Unterst\u00fctzung. Die Menschen spendeten ihr Geld und ihre Wertsachen. Wilhelm R\u00f6ntgen war da keine Ausnahme. Den Nobelpreis, den er 1901 f\u00fcr die Entdeckung der R\u00f6ntgenstrahlen erhielt, schenkte der Wissenschaftler freiwillig der Universit\u00e4t. Und sein bedeutender Besitz (R\u00f6ntgen war der Sohn eines Fabrikanten von Stoffen und Konfektionskleidern und der Urenkel eines ber\u00fchmten Juweliers und Mechanikers, der Auftr\u00e4ge von europ\u00e4ischen H\u00f6fen ausf\u00fchrte und insbesondere Katharina die Gro\u00dfe bewunderte) er in sein Land versetzt und hinterlie\u00df nur ein kleines Haus 60 Meilen von der Stadt entfernt.<\/p>\n\n\n\n<p><\/p>\n","protected":false},"excerpt":{"rendered":"<p>Wilhelm Conrad R\u00f6ntgen, Lebensjahre 1845\u20131923) ist ein deutscher Physiker, der erste Nobelpreistr\u00e4ger f\u00fcr Physik in der Geschichte (1901) f\u00fcr die Entdeckung 1895 der Strahlung, sp\u00e4ter nach ihm benannt. Die \u00d6ffnung des deutschen Wissenschaftlers l\u00f6ste weltweit unerwartete Reaktionen aus. So schlug 1896 ein Mitglied des amerikanischen Bundesstaates New Jersey, ein gewisser Reed, einen Gesetzentwurf vor, der [&hellip;]<\/p>\n","protected":false},"author":2,"featured_media":3217,"comment_status":"closed","ping_status":"open","sticky":false,"template":"","format":"standard","meta":[],"categories":[1],"tags":[],"yoast_head":"<!-- This site is optimized with the Yoast SEO plugin v14.9 - https:\/\/yoast.com\/wordpress\/plugins\/seo\/ -->\n<title>Roentgenstrahlung oder einfach Roentgen - Deutsche Tage in der Region Jaroslawl<\/title>\n<meta name=\"robots\" content=\"index, follow, max-snippet:-1, max-image-preview:large, max-video-preview:-1\" \/>\n<link rel=\"canonical\" href=\"https:\/\/yar.deutschetage.ru\/rentgenovskoe-izluchenie-ili-prosto-rentgen\/\" \/>\n<meta property=\"og:locale\" content=\"de_DE\" \/>\n<meta property=\"og:type\" content=\"article\" \/>\n<meta property=\"og:title\" content=\"Roentgenstrahlung oder einfach Roentgen - Deutsche Tage in der Region Jaroslawl\" \/>\n<meta property=\"og:url\" content=\"https:\/\/yar.deutschetage.ru\/rentgenovskoe-izluchenie-ili-prosto-rentgen\/\" \/>\n<meta property=\"og:site_name\" content=\"Deutsche Tage in der Region Jaroslawl\" \/>\n<meta property=\"article:publisher\" content=\"https:\/\/www.facebook.com\/groups\/druzjagermanii\" \/>\n<meta property=\"article:published_time\" content=\"2023-03-27T11:00:27+00:00\" \/>\n<meta property=\"article:modified_time\" content=\"2023-04-05T19:57:49+00:00\" \/>\n<meta property=\"og:image\" content=\"https:\/\/yar.deutschetage.ru\/wp-content\/uploads\/2023\/03\/700_roentgen_8.jpg\" \/>\n\t<meta property=\"og:image:width\" content=\"700\" \/>\n\t<meta property=\"og:image:height\" content=\"450\" \/>\n<meta name=\"twitter:card\" content=\"summary_large_image\" \/>\n<script type=\"application\/ld+json\" class=\"yoast-schema-graph\">{\"@context\":\"https:\/\/schema.org\",\"@graph\":[{\"@type\":\"WebSite\",\"@id\":\"https:\/\/yar.deutschetage.ru\/de\/#website\",\"url\":\"https:\/\/yar.deutschetage.ru\/de\/\",\"name\":\"Deutsche Tage in der Region Jaroslawl\",\"description\":\"Wissenschaftliche Fantastik oder fantastische Wissenschaft\",\"potentialAction\":[{\"@type\":\"SearchAction\",\"target\":\"https:\/\/yar.deutschetage.ru\/de\/?s={search_term_string}\",\"query-input\":\"required name=search_term_string\"}],\"inLanguage\":\"de-DE\"},{\"@type\":\"ImageObject\",\"@id\":\"https:\/\/yar.deutschetage.ru\/rentgenovskoe-izluchenie-ili-prosto-rentgen\/#primaryimage\",\"inLanguage\":\"de-DE\",\"url\":\"https:\/\/yar.deutschetage.ru\/wp-content\/uploads\/2023\/03\/700_roentgen_8.jpg\",\"width\":700,\"height\":450},{\"@type\":\"WebPage\",\"@id\":\"https:\/\/yar.deutschetage.ru\/rentgenovskoe-izluchenie-ili-prosto-rentgen\/#webpage\",\"url\":\"https:\/\/yar.deutschetage.ru\/rentgenovskoe-izluchenie-ili-prosto-rentgen\/\",\"name\":\"Roentgenstrahlung oder einfach Roentgen - Deutsche Tage in der Region Jaroslawl\",\"isPartOf\":{\"@id\":\"https:\/\/yar.deutschetage.ru\/de\/#website\"},\"primaryImageOfPage\":{\"@id\":\"https:\/\/yar.deutschetage.ru\/rentgenovskoe-izluchenie-ili-prosto-rentgen\/#primaryimage\"},\"datePublished\":\"2023-03-27T11:00:27+00:00\",\"dateModified\":\"2023-04-05T19:57:49+00:00\",\"author\":{\"@id\":\"https:\/\/yar.deutschetage.ru\/de\/#\/schema\/person\/4f39fe90cebbcc93ada07890317ab455\"},\"breadcrumb\":{\"@id\":\"https:\/\/yar.deutschetage.ru\/rentgenovskoe-izluchenie-ili-prosto-rentgen\/#breadcrumb\"},\"inLanguage\":\"de-DE\",\"potentialAction\":[{\"@type\":\"ReadAction\",\"target\":[\"https:\/\/yar.deutschetage.ru\/rentgenovskoe-izluchenie-ili-prosto-rentgen\/\"]}]},{\"@type\":\"BreadcrumbList\",\"@id\":\"https:\/\/yar.deutschetage.ru\/rentgenovskoe-izluchenie-ili-prosto-rentgen\/#breadcrumb\",\"itemListElement\":[{\"@type\":\"ListItem\",\"position\":1,\"item\":{\"@type\":\"WebPage\",\"@id\":\"https:\/\/yar.deutschetage.ru\/\",\"url\":\"https:\/\/yar.deutschetage.ru\/\",\"name\":\"\\u0413\\u043b\\u0430\\u0432\\u043d\\u0430\\u044f\"}},{\"@type\":\"ListItem\",\"position\":2,\"item\":{\"@type\":\"WebPage\",\"@id\":\"https:\/\/yar.deutschetage.ru\/rentgenovskoe-izluchenie-ili-prosto-rentgen\/\",\"url\":\"https:\/\/yar.deutschetage.ru\/rentgenovskoe-izluchenie-ili-prosto-rentgen\/\",\"name\":\"\\u0420\\u0435\\u043d\\u0442\\u0433\\u0435\\u043d\\u043e\\u0432\\u0441\\u043a\\u043e\\u0435 \\u0438\\u0437\\u043b\\u0443\\u0447\\u0435\\u043d\\u0438\\u0435 \\u0438\\u043b\\u0438 \\u043f\\u0440\\u043e\\u0441\\u0442\\u043e \\u0420\\u0435\\u043d\\u0442\\u0433\\u0435\\u043d\"}}]},{\"@type\":\"Person\",\"@id\":\"https:\/\/yar.deutschetage.ru\/de\/#\/schema\/person\/4f39fe90cebbcc93ada07890317ab455\",\"name\":\"\\u0412\\u0430\\u043b\\u0435\\u043d\\u0442\\u0438\\u043d\\u0430\",\"image\":{\"@type\":\"ImageObject\",\"@id\":\"https:\/\/yar.deutschetage.ru\/de\/#personlogo\",\"inLanguage\":\"de-DE\",\"url\":\"https:\/\/secure.gravatar.com\/avatar\/1fe39c6a447b1a4ad661671d48304a9e?s=96&d=mm&r=g\",\"caption\":\"\\u0412\\u0430\\u043b\\u0435\\u043d\\u0442\\u0438\\u043d\\u0430\"}}]}<\/script>\n<!-- \/ Yoast SEO plugin. -->","_links":{"self":[{"href":"https:\/\/yar.deutschetage.ru\/de\/wp-json\/wp\/v2\/posts\/3214"}],"collection":[{"href":"https:\/\/yar.deutschetage.ru\/de\/wp-json\/wp\/v2\/posts"}],"about":[{"href":"https:\/\/yar.deutschetage.ru\/de\/wp-json\/wp\/v2\/types\/post"}],"author":[{"embeddable":true,"href":"https:\/\/yar.deutschetage.ru\/de\/wp-json\/wp\/v2\/users\/2"}],"replies":[{"embeddable":true,"href":"https:\/\/yar.deutschetage.ru\/de\/wp-json\/wp\/v2\/comments?post=3214"}],"version-history":[{"count":4,"href":"https:\/\/yar.deutschetage.ru\/de\/wp-json\/wp\/v2\/posts\/3214\/revisions"}],"predecessor-version":[{"id":3252,"href":"https:\/\/yar.deutschetage.ru\/de\/wp-json\/wp\/v2\/posts\/3214\/revisions\/3252"}],"wp:featuredmedia":[{"embeddable":true,"href":"https:\/\/yar.deutschetage.ru\/de\/wp-json\/wp\/v2\/media\/3217"}],"wp:attachment":[{"href":"https:\/\/yar.deutschetage.ru\/de\/wp-json\/wp\/v2\/media?parent=3214"}],"wp:term":[{"taxonomy":"category","embeddable":true,"href":"https:\/\/yar.deutschetage.ru\/de\/wp-json\/wp\/v2\/categories?post=3214"},{"taxonomy":"post_tag","embeddable":true,"href":"https:\/\/yar.deutschetage.ru\/de\/wp-json\/wp\/v2\/tags?post=3214"}],"curies":[{"name":"wp","href":"https:\/\/api.w.org\/{rel}","templated":true}]}}