{"id":3330,"date":"2023-05-11T12:40:43","date_gmt":"2023-05-11T12:40:43","guid":{"rendered":"https:\/\/yar.deutschetage.ru\/?p=3330"},"modified":"2023-10-18T10:18:03","modified_gmt":"2023-10-18T10:18:03","slug":"osennyaya-programma-2023","status":"publish","type":"post","link":"https:\/\/yar.deutschetage.ru\/de\/osennyaya-programma-2023\/","title":{"rendered":"HERBSTPROGRAMM 2023"},"content":{"rendered":"\n<p>Wir laden alle ein, am Herbstfest der deutschen Sprache und deutschen Kultur \u201eScience Fiction oder Fantastic Science\u201c teilzunehmen, das vom 10. Oktober bis 25. November 2023 stattfindet.<\/p>\n\n\n\n<p>Das Programm umfasst bereits traditionelle Veranstaltungen \u2013 p\u00e4dagogische Vortr\u00e4ge und Exkursionen, intellektuelle und kreative Wettbewerbe, Quiz und Teamspiele.<\/p>\n\n\n\n<p>Teilnehmer und Zuschauer der Veranstaltungen werden neue Informationen entdecken, die Grenzen ihres Horizonts erweitern und neue kreative F\u00e4higkeiten entdecken.<\/p>\n\n\n\n<p>Sie k\u00f6nnen sowohl einzeln als auch in Gruppen an Veranstaltungen teilnehmen. Bitte senden Sie Ihre Bewerbung f\u00fcr die Gruppenteilnahme bis zum 10. Oktober an die unten angegebene Adresse.<\/p>\n\n\n\n<p>Sie k\u00f6nnen auch mit Ihrer eigenen Veranstaltung am Festival teilnehmen. Hierzu m\u00fcssen Sie uns einen Teilnahmeantrag und eine Beschreibung Ihrer Veranstaltung zukommen lassen. Sie k\u00f6nnen dies tun, indem Sie das Feld \u201eTeilnehmen\u201c auf der Hauptseite der Website aktivieren oder Ihre Bewerbung senden an:<\/p>\n\n\n\n<p><a href=\"mailto:yargerrus@gmail.com\">yargerrus@gmail.com<\/a><\/p>\n\n\n\n<p>Programm der Veranstaltungen:<\/p>\n\n\n\n<figure class=\"wp-block-image size-large\"><img loading=\"lazy\" width=\"595\" height=\"842\" src=\"https:\/\/yar.deutschetage.ru\/wp-content\/uploads\/2023\/10\/programm-2023-deu.jpg\" alt=\"\" class=\"wp-image-3465\" srcset=\"https:\/\/yar.deutschetage.ru\/wp-content\/uploads\/2023\/10\/programm-2023-deu.jpg 595w, https:\/\/yar.deutschetage.ru\/wp-content\/uploads\/2023\/10\/programm-2023-deu-212x300.jpg 212w\" sizes=\"(max-width: 595px) 100vw, 595px\" \/><\/figure>\n\n\n\n<p>Als Datei herunterladen:<\/p>\n\n\n\n<div class=\"wp-block-file\"><a href=\"https:\/\/yar.deutschetage.ru\/wp-content\/uploads\/2023\/10\/programm-2023-deu.pdf\">programm-2023-deu<\/a><a href=\"https:\/\/yar.deutschetage.ru\/wp-content\/uploads\/2023\/10\/programm-2023-deu.pdf\" class=\"wp-block-file__button\" download>Download<\/a><\/div>\n","protected":false},"excerpt":{"rendered":"<p>Wir laden alle ein, am Herbstfest der deutschen Sprache und deutschen Kultur \u201eScience Fiction oder Fantastic Science\u201c teilzunehmen, das vom 10. Oktober bis 25. November 2023 stattfindet. Das Programm umfasst bereits traditionelle Veranstaltungen \u2013 p\u00e4dagogische Vortr\u00e4ge und Exkursionen, intellektuelle und kreative Wettbewerbe, Quiz und Teamspiele. Teilnehmer und Zuschauer der Veranstaltungen werden neue Informationen entdecken, die [&hellip;]<\/p>\n","protected":false},"author":2,"featured_media":3333,"comment_status":"closed","ping_status":"open","sticky":false,"template":"","format":"standard","meta":[],"categories":[22],"tags":[],"yoast_head":"<!-- This site is optimized with the Yoast SEO plugin v14.9 - https:\/\/yoast.com\/wordpress\/plugins\/seo\/ -->\n<title>HERBSTPROGRAMM 2023 - Deutsche Tage in der Region Jaroslawl<\/title>\n<meta name=\"robots\" content=\"index, follow, max-snippet:-1, max-image-preview:large, max-video-preview:-1\" \/>\n<link rel=\"canonical\" href=\"https:\/\/yar.deutschetage.ru\/osennyaya-programma-2023\/\" \/>\n<meta property=\"og:locale\" content=\"de_DE\" \/>\n<meta property=\"og:type\" content=\"article\" \/>\n<meta property=\"og:title\" content=\"HERBSTPROGRAMM 2023 - Deutsche Tage in der Region Jaroslawl\" \/>\n<meta property=\"og:url\" content=\"https:\/\/yar.deutschetage.ru\/osennyaya-programma-2023\/\" \/>\n<meta property=\"og:site_name\" content=\"Deutsche Tage in der Region Jaroslawl\" \/>\n<meta property=\"article:publisher\" content=\"https:\/\/www.facebook.com\/groups\/druzjagermanii\" \/>\n<meta property=\"article:published_time\" content=\"2023-05-11T12:40:43+00:00\" \/>\n<meta property=\"article:modified_time\" content=\"2023-10-18T10:18:03+00:00\" \/>\n<meta property=\"og:image\" content=\"https:\/\/yar.deutschetage.ru\/wp-content\/uploads\/2023\/05\/1.plakat-small.png\" \/>\n\t<meta property=\"og:image:width\" content=\"768\" \/>\n\t<meta property=\"og:image:height\" content=\"512\" \/>\n<meta name=\"twitter:card\" content=\"summary_large_image\" \/>\n<script type=\"application\/ld+json\" class=\"yoast-schema-graph\">{\"@context\":\"https:\/\/schema.org\",\"@graph\":[{\"@type\":\"WebSite\",\"@id\":\"https:\/\/yar.deutschetage.ru\/de\/#website\",\"url\":\"https:\/\/yar.deutschetage.ru\/de\/\",\"name\":\"Deutsche Tage in der Region Jaroslawl\",\"description\":\"Wissenschaftliche Fantastik oder fantastische Wissenschaft\",\"potentialAction\":[{\"@type\":\"SearchAction\",\"target\":\"https:\/\/yar.deutschetage.ru\/de\/?s={search_term_string}\",\"query-input\":\"required name=search_term_string\"}],\"inLanguage\":\"de-DE\"},{\"@type\":\"ImageObject\",\"@id\":\"https:\/\/yar.deutschetage.ru\/osennyaya-programma-2023\/#primaryimage\",\"inLanguage\":\"de-DE\",\"url\":\"https:\/\/yar.deutschetage.ru\/wp-content\/uploads\/2023\/05\/1.plakat-small.png\",\"width\":768,\"height\":512},{\"@type\":\"WebPage\",\"@id\":\"https:\/\/yar.deutschetage.ru\/osennyaya-programma-2023\/#webpage\",\"url\":\"https:\/\/yar.deutschetage.ru\/osennyaya-programma-2023\/\",\"name\":\"HERBSTPROGRAMM 2023 - Deutsche Tage in der Region Jaroslawl\",\"isPartOf\":{\"@id\":\"https:\/\/yar.deutschetage.ru\/de\/#website\"},\"primaryImageOfPage\":{\"@id\":\"https:\/\/yar.deutschetage.ru\/osennyaya-programma-2023\/#primaryimage\"},\"datePublished\":\"2023-05-11T12:40:43+00:00\",\"dateModified\":\"2023-10-18T10:18:03+00:00\",\"author\":{\"@id\":\"https:\/\/yar.deutschetage.ru\/de\/#\/schema\/person\/4f39fe90cebbcc93ada07890317ab455\"},\"breadcrumb\":{\"@id\":\"https:\/\/yar.deutschetage.ru\/osennyaya-programma-2023\/#breadcrumb\"},\"inLanguage\":\"de-DE\",\"potentialAction\":[{\"@type\":\"ReadAction\",\"target\":[\"https:\/\/yar.deutschetage.ru\/osennyaya-programma-2023\/\"]}]},{\"@type\":\"BreadcrumbList\",\"@id\":\"https:\/\/yar.deutschetage.ru\/osennyaya-programma-2023\/#breadcrumb\",\"itemListElement\":[{\"@type\":\"ListItem\",\"position\":1,\"item\":{\"@type\":\"WebPage\",\"@id\":\"https:\/\/yar.deutschetage.ru\/\",\"url\":\"https:\/\/yar.deutschetage.ru\/\",\"name\":\"\\u0413\\u043b\\u0430\\u0432\\u043d\\u0430\\u044f\"}},{\"@type\":\"ListItem\",\"position\":2,\"item\":{\"@type\":\"WebPage\",\"@id\":\"https:\/\/yar.deutschetage.ru\/osennyaya-programma-2023\/\",\"url\":\"https:\/\/yar.deutschetage.ru\/osennyaya-programma-2023\/\",\"name\":\"\\u041e\\u0421\\u0415\\u041d\\u041d\\u042f\\u042f \\u041f\\u0420\\u041e\\u0413\\u0420\\u0410\\u041c\\u041c\\u0410 2023\"}}]},{\"@type\":\"Person\",\"@id\":\"https:\/\/yar.deutschetage.ru\/de\/#\/schema\/person\/4f39fe90cebbcc93ada07890317ab455\",\"name\":\"\\u0412\\u0430\\u043b\\u0435\\u043d\\u0442\\u0438\\u043d\\u0430\",\"image\":{\"@type\":\"ImageObject\",\"@id\":\"https:\/\/yar.deutschetage.ru\/de\/#personlogo\",\"inLanguage\":\"de-DE\",\"url\":\"https:\/\/secure.gravatar.com\/avatar\/1fe39c6a447b1a4ad661671d48304a9e?s=96&d=mm&r=g\",\"caption\":\"\\u0412\\u0430\\u043b\\u0435\\u043d\\u0442\\u0438\\u043d\\u0430\"}}]}<\/script>\n<!-- \/ Yoast SEO plugin. -->","_links":{"self":[{"href":"https:\/\/yar.deutschetage.ru\/de\/wp-json\/wp\/v2\/posts\/3330"}],"collection":[{"href":"https:\/\/yar.deutschetage.ru\/de\/wp-json\/wp\/v2\/posts"}],"about":[{"href":"https:\/\/yar.deutschetage.ru\/de\/wp-json\/wp\/v2\/types\/post"}],"author":[{"embeddable":true,"href":"https:\/\/yar.deutschetage.ru\/de\/wp-json\/wp\/v2\/users\/2"}],"replies":[{"embeddable":true,"href":"https:\/\/yar.deutschetage.ru\/de\/wp-json\/wp\/v2\/comments?post=3330"}],"version-history":[{"count":8,"href":"https:\/\/yar.deutschetage.ru\/de\/wp-json\/wp\/v2\/posts\/3330\/revisions"}],"predecessor-version":[{"id":3470,"href":"https:\/\/yar.deutschetage.ru\/de\/wp-json\/wp\/v2\/posts\/3330\/revisions\/3470"}],"wp:featuredmedia":[{"embeddable":true,"href":"https:\/\/yar.deutschetage.ru\/de\/wp-json\/wp\/v2\/media\/3333"}],"wp:attachment":[{"href":"https:\/\/yar.deutschetage.ru\/de\/wp-json\/wp\/v2\/media?parent=3330"}],"wp:term":[{"taxonomy":"category","embeddable":true,"href":"https:\/\/yar.deutschetage.ru\/de\/wp-json\/wp\/v2\/categories?post=3330"},{"taxonomy":"post_tag","embeddable":true,"href":"https:\/\/yar.deutschetage.ru\/de\/wp-json\/wp\/v2\/tags?post=3330"}],"curies":[{"name":"wp","href":"https:\/\/api.w.org\/{rel}","templated":true}]}}