{"id":3337,"date":"2023-10-03T13:04:00","date_gmt":"2023-10-03T13:04:00","guid":{"rendered":"https:\/\/yar.deutschetage.ru\/?p=3337"},"modified":"2023-10-18T09:21:14","modified_gmt":"2023-10-18T09:21:14","slug":"10-10-1-11-konkurs-esse","status":"publish","type":"post","link":"https:\/\/yar.deutschetage.ru\/de\/10-10-1-11-konkurs-esse\/","title":{"rendered":"10.Oktober &#8211; Start des Essay-Wettbewerbs"},"content":{"rendered":"\n<p><strong><span class=\"has-inline-color has-vivid-red-color\">ESSAY-WETTBEWERB AUF DEUTSCH<\/span><\/strong><\/p>\n\n\n\n<p><strong><span class=\"has-inline-color has-vivid-red-color\">\u201eWISSENSWERTES AUS DER GESCHICHTE DEUTSCHER ERFINDUNGEN UND ENTDECKUNGEN\u201c<\/span><\/strong><\/p>\n\n\n\n<figure class=\"wp-block-image size-large\"><img loading=\"lazy\" width=\"1024\" height=\"608\" src=\"https:\/\/yar.deutschetage.ru\/wp-content\/uploads\/2023\/10\/snimok-ekrana-2023-10-16-v-22.44.36-1024x608.jpg\" alt=\"\" class=\"wp-image-3413\" srcset=\"https:\/\/yar.deutschetage.ru\/wp-content\/uploads\/2023\/10\/snimok-ekrana-2023-10-16-v-22.44.36-1024x608.jpg 1024w, https:\/\/yar.deutschetage.ru\/wp-content\/uploads\/2023\/10\/snimok-ekrana-2023-10-16-v-22.44.36-300x178.jpg 300w, https:\/\/yar.deutschetage.ru\/wp-content\/uploads\/2023\/10\/snimok-ekrana-2023-10-16-v-22.44.36-768x456.jpg 768w, https:\/\/yar.deutschetage.ru\/wp-content\/uploads\/2023\/10\/snimok-ekrana-2023-10-16-v-22.44.36-1536x912.jpg 1536w, https:\/\/yar.deutschetage.ru\/wp-content\/uploads\/2023\/10\/snimok-ekrana-2023-10-16-v-22.44.36-2048x1217.jpg 2048w\" sizes=\"(max-width: 1024px) 100vw, 1024px\" \/><\/figure>\n\n\n\n<p>Wir laden alle ein, am intellektuellen Wettbewerb teilzunehmen. Die Teilnehmer des Wettbewerbs sind eingeladen, ihre Eindr\u00fccke von einer der Entdeckungen oder Erfindungen deutscher Wissenschaftler oder Erfinder zu teilen und zu erz\u00e4hlen, welche Rolle diese oder jene Entdeckung oder Erfindung in Ihrem Leben spielt oder eine gro\u00dfe Rolle beim technischen Fortschritt gespielt hat. Das Thema Ihres Aufsatzes kann jede deutsche Erfindung oder Entdeckung in der Welt der Wissenschaft, Kunst, Soziologie, Musik oder Mode sein. Schauen Sie sich um und Sie werden so viele interessante Fakten rund um die Namen deutscher Wissenschaftler und Entdecker finden.<\/p>\n\n\n\n<p>Der Aufsatz kann auf Russisch verfasst werden, wir empfehlen Ihnen jedoch, den Text ins Deutsche zu \u00fcbersetzen. F\u00fcr Texte in deutscher Sprache erh\u00e4lt der Wettbewerbsteilnehmer zus\u00e4tzliche Punkte. Der Aufsatz muss au\u00dferdem k\u00fcnstlerisch gestaltet sein, d. h. er muss mit einer Zeichnung oder einem Foto des Autors gestaltet sein, die einen Bezug zum Inhalt des Aufsatzes haben. Diese Zeichnung oder dieses Foto soll als Bild f\u00fcr die Ver\u00f6ffentlichung Ihres Aufsatzes auf der Hauptseite unserer Website und in unserer VKontakte-Gruppe verwendet werden. Jeder kann f\u00fcr Ihren Beitrag abstimmen (liken). Die Gewinner der ersten Wettbewerbsstufe werden diejenigen Publikationen, die die maximale Anzahl an Likes erhalten. Detaillierte Informationen finden Sie in den Wettbewerbsbestimmungen unten:<\/p>\n\n\n\n<div class=\"wp-block-file\"><a href=\"https:\/\/yar.deutschetage.ru\/wp-content\/uploads\/2023\/10\/polozhenie-konkurs.pdf\">polozhenie-konkurs<\/a><a href=\"https:\/\/yar.deutschetage.ru\/wp-content\/uploads\/2023\/10\/polozhenie-konkurs.pdf\" class=\"wp-block-file__button\" download>Download<\/a><\/div>\n\n\n\n<p><\/p>\n","protected":false},"excerpt":{"rendered":"<p>ESSAY-WETTBEWERB AUF DEUTSCH \u201eWISSENSWERTES AUS DER GESCHICHTE DEUTSCHER ERFINDUNGEN UND ENTDECKUNGEN\u201c Wir laden alle ein, am intellektuellen Wettbewerb teilzunehmen. Die Teilnehmer des Wettbewerbs sind eingeladen, ihre Eindr\u00fccke von einer der Entdeckungen oder Erfindungen deutscher Wissenschaftler oder Erfinder zu teilen und zu erz\u00e4hlen, welche Rolle diese oder jene Entdeckung oder Erfindung in Ihrem Leben spielt oder [&hellip;]<\/p>\n","protected":false},"author":2,"featured_media":3338,"comment_status":"closed","ping_status":"open","sticky":false,"template":"","format":"standard","meta":[],"categories":[22],"tags":[],"yoast_head":"<!-- This site is optimized with the Yoast SEO plugin v14.9 - https:\/\/yoast.com\/wordpress\/plugins\/seo\/ -->\n<title>10.Oktober - Start des Essay-Wettbewerbs - Deutsche Tage in der Region Jaroslawl<\/title>\n<meta name=\"robots\" content=\"index, follow, max-snippet:-1, max-image-preview:large, max-video-preview:-1\" \/>\n<link rel=\"canonical\" href=\"https:\/\/yar.deutschetage.ru\/10-10-1-11-konkurs-esse\/\" \/>\n<meta property=\"og:locale\" content=\"de_DE\" \/>\n<meta property=\"og:type\" content=\"article\" \/>\n<meta property=\"og:title\" content=\"10.Oktober - Start des Essay-Wettbewerbs - Deutsche Tage in der Region Jaroslawl\" \/>\n<meta property=\"og:url\" content=\"https:\/\/yar.deutschetage.ru\/10-10-1-11-konkurs-esse\/\" \/>\n<meta property=\"og:site_name\" content=\"Deutsche Tage in der Region Jaroslawl\" \/>\n<meta property=\"article:publisher\" content=\"https:\/\/www.facebook.com\/groups\/druzjagermanii\" \/>\n<meta property=\"article:published_time\" content=\"2023-10-03T13:04:00+00:00\" \/>\n<meta property=\"article:modified_time\" content=\"2023-10-18T09:21:14+00:00\" \/>\n<meta property=\"og:image\" content=\"https:\/\/yar.deutschetage.ru\/wp-content\/uploads\/2023\/05\/2.plakat-deu-small.png\" \/>\n\t<meta property=\"og:image:width\" content=\"1241\" \/>\n\t<meta property=\"og:image:height\" content=\"877\" \/>\n<meta name=\"twitter:card\" content=\"summary_large_image\" \/>\n<script type=\"application\/ld+json\" class=\"yoast-schema-graph\">{\"@context\":\"https:\/\/schema.org\",\"@graph\":[{\"@type\":\"WebSite\",\"@id\":\"https:\/\/yar.deutschetage.ru\/de\/#website\",\"url\":\"https:\/\/yar.deutschetage.ru\/de\/\",\"name\":\"Deutsche Tage in der Region Jaroslawl\",\"description\":\"Wissenschaftliche Fantastik oder fantastische Wissenschaft\",\"potentialAction\":[{\"@type\":\"SearchAction\",\"target\":\"https:\/\/yar.deutschetage.ru\/de\/?s={search_term_string}\",\"query-input\":\"required name=search_term_string\"}],\"inLanguage\":\"de-DE\"},{\"@type\":\"ImageObject\",\"@id\":\"https:\/\/yar.deutschetage.ru\/10-10-1-11-konkurs-esse\/#primaryimage\",\"inLanguage\":\"de-DE\",\"url\":\"https:\/\/yar.deutschetage.ru\/wp-content\/uploads\/2023\/05\/2.plakat-deu-small.png\",\"width\":1241,\"height\":877},{\"@type\":\"WebPage\",\"@id\":\"https:\/\/yar.deutschetage.ru\/10-10-1-11-konkurs-esse\/#webpage\",\"url\":\"https:\/\/yar.deutschetage.ru\/10-10-1-11-konkurs-esse\/\",\"name\":\"10.Oktober - Start des Essay-Wettbewerbs - Deutsche Tage in der Region Jaroslawl\",\"isPartOf\":{\"@id\":\"https:\/\/yar.deutschetage.ru\/de\/#website\"},\"primaryImageOfPage\":{\"@id\":\"https:\/\/yar.deutschetage.ru\/10-10-1-11-konkurs-esse\/#primaryimage\"},\"datePublished\":\"2023-10-03T13:04:00+00:00\",\"dateModified\":\"2023-10-18T09:21:14+00:00\",\"author\":{\"@id\":\"https:\/\/yar.deutschetage.ru\/de\/#\/schema\/person\/4f39fe90cebbcc93ada07890317ab455\"},\"breadcrumb\":{\"@id\":\"https:\/\/yar.deutschetage.ru\/10-10-1-11-konkurs-esse\/#breadcrumb\"},\"inLanguage\":\"de-DE\",\"potentialAction\":[{\"@type\":\"ReadAction\",\"target\":[\"https:\/\/yar.deutschetage.ru\/10-10-1-11-konkurs-esse\/\"]}]},{\"@type\":\"BreadcrumbList\",\"@id\":\"https:\/\/yar.deutschetage.ru\/10-10-1-11-konkurs-esse\/#breadcrumb\",\"itemListElement\":[{\"@type\":\"ListItem\",\"position\":1,\"item\":{\"@type\":\"WebPage\",\"@id\":\"https:\/\/yar.deutschetage.ru\/\",\"url\":\"https:\/\/yar.deutschetage.ru\/\",\"name\":\"\\u0413\\u043b\\u0430\\u0432\\u043d\\u0430\\u044f\"}},{\"@type\":\"ListItem\",\"position\":2,\"item\":{\"@type\":\"WebPage\",\"@id\":\"https:\/\/yar.deutschetage.ru\/10-10-1-11-konkurs-esse\/\",\"url\":\"https:\/\/yar.deutschetage.ru\/10-10-1-11-konkurs-esse\/\",\"name\":\"10 \\u043e\\u043a\\u0442\\u044f\\u0431\\u0440\\u044f &#8212; \\u0421\\u0442\\u0430\\u0440\\u0442\\u0443\\u0435\\u0442 \\u043a\\u043e\\u043d\\u043a\\u0443\\u0440\\u0441 \\u044d\\u0441\\u0441\\u0435\"}}]},{\"@type\":\"Person\",\"@id\":\"https:\/\/yar.deutschetage.ru\/de\/#\/schema\/person\/4f39fe90cebbcc93ada07890317ab455\",\"name\":\"\\u0412\\u0430\\u043b\\u0435\\u043d\\u0442\\u0438\\u043d\\u0430\",\"image\":{\"@type\":\"ImageObject\",\"@id\":\"https:\/\/yar.deutschetage.ru\/de\/#personlogo\",\"inLanguage\":\"de-DE\",\"url\":\"https:\/\/secure.gravatar.com\/avatar\/1fe39c6a447b1a4ad661671d48304a9e?s=96&d=mm&r=g\",\"caption\":\"\\u0412\\u0430\\u043b\\u0435\\u043d\\u0442\\u0438\\u043d\\u0430\"}}]}<\/script>\n<!-- \/ Yoast SEO plugin. -->","_links":{"self":[{"href":"https:\/\/yar.deutschetage.ru\/de\/wp-json\/wp\/v2\/posts\/3337"}],"collection":[{"href":"https:\/\/yar.deutschetage.ru\/de\/wp-json\/wp\/v2\/posts"}],"about":[{"href":"https:\/\/yar.deutschetage.ru\/de\/wp-json\/wp\/v2\/types\/post"}],"author":[{"embeddable":true,"href":"https:\/\/yar.deutschetage.ru\/de\/wp-json\/wp\/v2\/users\/2"}],"replies":[{"embeddable":true,"href":"https:\/\/yar.deutschetage.ru\/de\/wp-json\/wp\/v2\/comments?post=3337"}],"version-history":[{"count":9,"href":"https:\/\/yar.deutschetage.ru\/de\/wp-json\/wp\/v2\/posts\/3337\/revisions"}],"predecessor-version":[{"id":3462,"href":"https:\/\/yar.deutschetage.ru\/de\/wp-json\/wp\/v2\/posts\/3337\/revisions\/3462"}],"wp:featuredmedia":[{"embeddable":true,"href":"https:\/\/yar.deutschetage.ru\/de\/wp-json\/wp\/v2\/media\/3338"}],"wp:attachment":[{"href":"https:\/\/yar.deutschetage.ru\/de\/wp-json\/wp\/v2\/media?parent=3337"}],"wp:term":[{"taxonomy":"category","embeddable":true,"href":"https:\/\/yar.deutschetage.ru\/de\/wp-json\/wp\/v2\/categories?post=3337"},{"taxonomy":"post_tag","embeddable":true,"href":"https:\/\/yar.deutschetage.ru\/de\/wp-json\/wp\/v2\/tags?post=3337"}],"curies":[{"name":"wp","href":"https:\/\/api.w.org\/{rel}","templated":true}]}}