{"id":3343,"date":"2023-09-18T12:21:45","date_gmt":"2023-09-18T12:21:45","guid":{"rendered":"https:\/\/yar.deutschetage.ru\/?p=3343"},"modified":"2023-09-18T12:49:34","modified_gmt":"2023-09-18T12:49:34","slug":"rossijsko-germanskaya-druzhba-segodnya-i-zavtra","status":"publish","type":"post","link":"https:\/\/yar.deutschetage.ru\/de\/rossijsko-germanskaya-druzhba-segodnya-i-zavtra\/","title":{"rendered":"Deutsch-russische Partnerschaft: Gegenwart und Zukunft"},"content":{"rendered":"\n<p>Am 18. September 2023 fand eine Online-Konferenz zum Stand der freundschaftlichen Beziehungen zwischen den Partnerst\u00e4dten Russlands und Deutschlands statt. An der Konferenz nahmen teil:<\/p>\n\n\n\n<p>Peter Franke, Vorsitzender, Bundesverband Deutscher West-Ost-Gesellschaften e.V<\/p>\n\n\n\n<p>Martin Hoffmann, executiver Viz\u0435-Pr\u00e4sident, Deutsch-Russischer Forum <\/p>\n\n\n\n<p>Sergei Paramonow, executiver Vize-Pr\u00e4sident der Assoziation der verwandten St\u00e4dte<\/p>\n\n\n\n<p>Wladimir Grinin Botschafter a.D., Pr\u00e4sident der Deutsch-Russischer Gesellschaft<\/p>\n\n\n\n<p>sowie Vertreter von St\u00e4dten in Russland und Deutschland, die \u00fcber ihre aktuellen Projekte sprachen und ihre Meinung zu den Perspektiven der St\u00e4dtepartnerschaften \u00e4u\u00dferten.<\/p>\n\n\n\n<p>Derzeit sind 73 Partnerschaften zwischen deutschen und russischen St\u00e4dten und Regionen auf Verwaltungsebene auf Eis gelegt, 28 setzen jedoch die Zusammenarbeit auf Verwaltungsebene fort. \u201eAuf Eis gelegt\u201c bedeutet nicht, dass es vollst\u00e4ndig gestoppt wird, und nat\u00fcrlich bleiben die \u00f6ffentlichen Bindungen bestehen.<\/p>\n\n\n\n<p><strong>Wie kann man heute Vertrauen und gegenseitiges Verst\u00e4ndnis zwischen Russen und Deutschen bewahren, welche Interaktionskan\u00e4le gibt es heute zwischen der NGO-Gemeinschaft der Partnerst\u00e4dte Russlands und Deutschlands, welche Veranstaltungen k\u00f6nnen im Bereich der Jugendbewegung durchgef\u00fchrt werden; humanit\u00e4re und kulturelle Zusammenarbeit, Zusammenarbeit zwischen Freundschaftsgesellschaften und NGO-Gemeinschaften, auch au\u00dferhalb des Rahmens der Bewegung von Partnerst\u00e4dten.<\/strong><\/p>\n\n\n\n<p>All diese Themen diskutierten die Teilnehmer im Rahmen einer zweist\u00fcndigen Online-Konferenz und besprachen konkrete Projekte, die bereits im Jahr 2024 umgesetzt werden k\u00f6nnten.<\/p>\n\n\n\n<figure class=\"wp-block-gallery columns-3 is-cropped\"><ul class=\"blocks-gallery-grid\"><li class=\"blocks-gallery-item\"><figure><img loading=\"lazy\" width=\"1024\" height=\"806\" src=\"https:\/\/yar.deutschetage.ru\/wp-content\/uploads\/2023\/09\/snimok-ekrana-2023-09-18-v-12.27.19-1024x806.png\" alt=\"\" data-id=\"3344\" data-full-url=\"https:\/\/yar.deutschetage.ru\/wp-content\/uploads\/2023\/09\/snimok-ekrana-2023-09-18-v-12.27.19.png\" data-link=\"https:\/\/yar.deutschetage.ru\/rossijsko-germanskaya-druzhba-segodnya-i-zavtra\/snimok-ekrana-2023-09-18-v-12-27-19\/\" class=\"wp-image-3344\" srcset=\"https:\/\/yar.deutschetage.ru\/wp-content\/uploads\/2023\/09\/snimok-ekrana-2023-09-18-v-12.27.19-1024x806.png 1024w, https:\/\/yar.deutschetage.ru\/wp-content\/uploads\/2023\/09\/snimok-ekrana-2023-09-18-v-12.27.19-300x236.png 300w, https:\/\/yar.deutschetage.ru\/wp-content\/uploads\/2023\/09\/snimok-ekrana-2023-09-18-v-12.27.19-768x605.png 768w, https:\/\/yar.deutschetage.ru\/wp-content\/uploads\/2023\/09\/snimok-ekrana-2023-09-18-v-12.27.19.png 1270w\" sizes=\"(max-width: 1024px) 100vw, 1024px\" \/><\/figure><\/li><li class=\"blocks-gallery-item\"><figure><img loading=\"lazy\" width=\"1024\" height=\"810\" src=\"https:\/\/yar.deutschetage.ru\/wp-content\/uploads\/2023\/09\/snimok-ekrana-2023-09-18-v-12.29.23-1024x810.png\" alt=\"\" data-id=\"3345\" data-full-url=\"https:\/\/yar.deutschetage.ru\/wp-content\/uploads\/2023\/09\/snimok-ekrana-2023-09-18-v-12.29.23.png\" data-link=\"https:\/\/yar.deutschetage.ru\/rossijsko-germanskaya-druzhba-segodnya-i-zavtra\/snimok-ekrana-2023-09-18-v-12-29-23\/\" class=\"wp-image-3345\" srcset=\"https:\/\/yar.deutschetage.ru\/wp-content\/uploads\/2023\/09\/snimok-ekrana-2023-09-18-v-12.29.23-1024x810.png 1024w, https:\/\/yar.deutschetage.ru\/wp-content\/uploads\/2023\/09\/snimok-ekrana-2023-09-18-v-12.29.23-300x237.png 300w, https:\/\/yar.deutschetage.ru\/wp-content\/uploads\/2023\/09\/snimok-ekrana-2023-09-18-v-12.29.23-768x608.png 768w, https:\/\/yar.deutschetage.ru\/wp-content\/uploads\/2023\/09\/snimok-ekrana-2023-09-18-v-12.29.23.png 1254w\" sizes=\"(max-width: 1024px) 100vw, 1024px\" \/><\/figure><\/li><li class=\"blocks-gallery-item\"><figure><img loading=\"lazy\" width=\"1024\" height=\"958\" src=\"https:\/\/yar.deutschetage.ru\/wp-content\/uploads\/2023\/09\/snimok-ekrana-2023-09-18-v-12.52.46-1024x958.png\" alt=\"\" data-id=\"3346\" data-full-url=\"https:\/\/yar.deutschetage.ru\/wp-content\/uploads\/2023\/09\/snimok-ekrana-2023-09-18-v-12.52.46.png\" data-link=\"https:\/\/yar.deutschetage.ru\/rossijsko-germanskaya-druzhba-segodnya-i-zavtra\/snimok-ekrana-2023-09-18-v-12-52-46\/\" class=\"wp-image-3346\" srcset=\"https:\/\/yar.deutschetage.ru\/wp-content\/uploads\/2023\/09\/snimok-ekrana-2023-09-18-v-12.52.46-1024x958.png 1024w, https:\/\/yar.deutschetage.ru\/wp-content\/uploads\/2023\/09\/snimok-ekrana-2023-09-18-v-12.52.46-300x281.png 300w, https:\/\/yar.deutschetage.ru\/wp-content\/uploads\/2023\/09\/snimok-ekrana-2023-09-18-v-12.52.46-768x719.png 768w, https:\/\/yar.deutschetage.ru\/wp-content\/uploads\/2023\/09\/snimok-ekrana-2023-09-18-v-12.52.46.png 1058w\" sizes=\"(max-width: 1024px) 100vw, 1024px\" \/><\/figure><\/li><li class=\"blocks-gallery-item\"><figure><img loading=\"lazy\" width=\"1024\" height=\"803\" src=\"https:\/\/yar.deutschetage.ru\/wp-content\/uploads\/2023\/09\/snimok-ekrana-2023-09-18-v-13.49.16-1024x803.png\" alt=\"\" data-id=\"3347\" data-full-url=\"https:\/\/yar.deutschetage.ru\/wp-content\/uploads\/2023\/09\/snimok-ekrana-2023-09-18-v-13.49.16.png\" data-link=\"https:\/\/yar.deutschetage.ru\/rossijsko-germanskaya-druzhba-segodnya-i-zavtra\/snimok-ekrana-2023-09-18-v-13-49-16\/\" class=\"wp-image-3347\" srcset=\"https:\/\/yar.deutschetage.ru\/wp-content\/uploads\/2023\/09\/snimok-ekrana-2023-09-18-v-13.49.16-1024x803.png 1024w, https:\/\/yar.deutschetage.ru\/wp-content\/uploads\/2023\/09\/snimok-ekrana-2023-09-18-v-13.49.16-300x235.png 300w, https:\/\/yar.deutschetage.ru\/wp-content\/uploads\/2023\/09\/snimok-ekrana-2023-09-18-v-13.49.16-768x602.png 768w, https:\/\/yar.deutschetage.ru\/wp-content\/uploads\/2023\/09\/snimok-ekrana-2023-09-18-v-13.49.16.png 1258w\" sizes=\"(max-width: 1024px) 100vw, 1024px\" \/><\/figure><\/li><\/ul><\/figure>\n","protected":false},"excerpt":{"rendered":"<p>Am 18. September 2023 fand eine Online-Konferenz zum Stand der freundschaftlichen Beziehungen zwischen den Partnerst\u00e4dten Russlands und Deutschlands statt. An der Konferenz nahmen teil: Peter Franke, Vorsitzender, Bundesverband Deutscher West-Ost-Gesellschaften e.V Martin Hoffmann, executiver Viz\u0435-Pr\u00e4sident, Deutsch-Russischer Forum Sergei Paramonow, executiver Vize-Pr\u00e4sident der Assoziation der verwandten St\u00e4dte Wladimir Grinin Botschafter a.D., Pr\u00e4sident der Deutsch-Russischer Gesellschaft sowie [&hellip;]<\/p>\n","protected":false},"author":2,"featured_media":3344,"comment_status":"closed","ping_status":"open","sticky":false,"template":"","format":"standard","meta":[],"categories":[23],"tags":[],"yoast_head":"<!-- This site is optimized with the Yoast SEO plugin v14.9 - https:\/\/yoast.com\/wordpress\/plugins\/seo\/ -->\n<title>Deutsch-russische Partnerschaft: Gegenwart und Zukunft - Deutsche Tage in der Region Jaroslawl<\/title>\n<meta name=\"robots\" content=\"index, follow, max-snippet:-1, max-image-preview:large, max-video-preview:-1\" \/>\n<link rel=\"canonical\" href=\"https:\/\/yar.deutschetage.ru\/rossijsko-germanskaya-druzhba-segodnya-i-zavtra\/\" \/>\n<meta property=\"og:locale\" content=\"de_DE\" \/>\n<meta property=\"og:type\" content=\"article\" \/>\n<meta property=\"og:title\" content=\"Deutsch-russische Partnerschaft: Gegenwart und Zukunft - Deutsche Tage in der Region Jaroslawl\" \/>\n<meta property=\"og:url\" content=\"https:\/\/yar.deutschetage.ru\/rossijsko-germanskaya-druzhba-segodnya-i-zavtra\/\" \/>\n<meta property=\"og:site_name\" content=\"Deutsche Tage in der Region Jaroslawl\" \/>\n<meta property=\"article:publisher\" content=\"https:\/\/www.facebook.com\/groups\/druzjagermanii\" \/>\n<meta property=\"article:published_time\" content=\"2023-09-18T12:21:45+00:00\" \/>\n<meta property=\"article:modified_time\" content=\"2023-09-18T12:49:34+00:00\" \/>\n<meta property=\"og:image\" content=\"https:\/\/yar.deutschetage.ru\/wp-content\/uploads\/2023\/09\/snimok-ekrana-2023-09-18-v-12.27.19.png\" \/>\n\t<meta property=\"og:image:width\" content=\"1270\" \/>\n\t<meta property=\"og:image:height\" content=\"1000\" \/>\n<meta name=\"twitter:card\" content=\"summary_large_image\" \/>\n<script type=\"application\/ld+json\" class=\"yoast-schema-graph\">{\"@context\":\"https:\/\/schema.org\",\"@graph\":[{\"@type\":\"WebSite\",\"@id\":\"https:\/\/yar.deutschetage.ru\/de\/#website\",\"url\":\"https:\/\/yar.deutschetage.ru\/de\/\",\"name\":\"Deutsche Tage in der Region Jaroslawl\",\"description\":\"Wissenschaftliche Fantastik oder fantastische Wissenschaft\",\"potentialAction\":[{\"@type\":\"SearchAction\",\"target\":\"https:\/\/yar.deutschetage.ru\/de\/?s={search_term_string}\",\"query-input\":\"required name=search_term_string\"}],\"inLanguage\":\"de-DE\"},{\"@type\":\"ImageObject\",\"@id\":\"https:\/\/yar.deutschetage.ru\/rossijsko-germanskaya-druzhba-segodnya-i-zavtra\/#primaryimage\",\"inLanguage\":\"de-DE\",\"url\":\"https:\/\/yar.deutschetage.ru\/wp-content\/uploads\/2023\/09\/snimok-ekrana-2023-09-18-v-12.27.19.png\",\"width\":1270,\"height\":1000},{\"@type\":\"WebPage\",\"@id\":\"https:\/\/yar.deutschetage.ru\/rossijsko-germanskaya-druzhba-segodnya-i-zavtra\/#webpage\",\"url\":\"https:\/\/yar.deutschetage.ru\/rossijsko-germanskaya-druzhba-segodnya-i-zavtra\/\",\"name\":\"Deutsch-russische Partnerschaft: Gegenwart und Zukunft - Deutsche Tage in der Region Jaroslawl\",\"isPartOf\":{\"@id\":\"https:\/\/yar.deutschetage.ru\/de\/#website\"},\"primaryImageOfPage\":{\"@id\":\"https:\/\/yar.deutschetage.ru\/rossijsko-germanskaya-druzhba-segodnya-i-zavtra\/#primaryimage\"},\"datePublished\":\"2023-09-18T12:21:45+00:00\",\"dateModified\":\"2023-09-18T12:49:34+00:00\",\"author\":{\"@id\":\"https:\/\/yar.deutschetage.ru\/de\/#\/schema\/person\/4f39fe90cebbcc93ada07890317ab455\"},\"breadcrumb\":{\"@id\":\"https:\/\/yar.deutschetage.ru\/rossijsko-germanskaya-druzhba-segodnya-i-zavtra\/#breadcrumb\"},\"inLanguage\":\"de-DE\",\"potentialAction\":[{\"@type\":\"ReadAction\",\"target\":[\"https:\/\/yar.deutschetage.ru\/rossijsko-germanskaya-druzhba-segodnya-i-zavtra\/\"]}]},{\"@type\":\"BreadcrumbList\",\"@id\":\"https:\/\/yar.deutschetage.ru\/rossijsko-germanskaya-druzhba-segodnya-i-zavtra\/#breadcrumb\",\"itemListElement\":[{\"@type\":\"ListItem\",\"position\":1,\"item\":{\"@type\":\"WebPage\",\"@id\":\"https:\/\/yar.deutschetage.ru\/\",\"url\":\"https:\/\/yar.deutschetage.ru\/\",\"name\":\"\\u0413\\u043b\\u0430\\u0432\\u043d\\u0430\\u044f\"}},{\"@type\":\"ListItem\",\"position\":2,\"item\":{\"@type\":\"WebPage\",\"@id\":\"https:\/\/yar.deutschetage.ru\/rossijsko-germanskaya-druzhba-segodnya-i-zavtra\/\",\"url\":\"https:\/\/yar.deutschetage.ru\/rossijsko-germanskaya-druzhba-segodnya-i-zavtra\/\",\"name\":\"\\u0420\\u043e\\u0441\\u0441\\u0438\\u0439\\u0441\\u043a\\u043e-\\u0433\\u0435\\u0440\\u043c\\u0430\\u043d\\u0441\\u043a\\u0430\\u044f \\u0434\\u0440\\u0443\\u0436\\u0431\\u0430: \\u0441\\u0435\\u0433\\u043e\\u0434\\u043d\\u044f \\u0438 \\u0437\\u0430\\u0432\\u0442\\u0440\\u0430\"}}]},{\"@type\":\"Person\",\"@id\":\"https:\/\/yar.deutschetage.ru\/de\/#\/schema\/person\/4f39fe90cebbcc93ada07890317ab455\",\"name\":\"\\u0412\\u0430\\u043b\\u0435\\u043d\\u0442\\u0438\\u043d\\u0430\",\"image\":{\"@type\":\"ImageObject\",\"@id\":\"https:\/\/yar.deutschetage.ru\/de\/#personlogo\",\"inLanguage\":\"de-DE\",\"url\":\"https:\/\/secure.gravatar.com\/avatar\/1fe39c6a447b1a4ad661671d48304a9e?s=96&d=mm&r=g\",\"caption\":\"\\u0412\\u0430\\u043b\\u0435\\u043d\\u0442\\u0438\\u043d\\u0430\"}}]}<\/script>\n<!-- \/ Yoast SEO plugin. -->","_links":{"self":[{"href":"https:\/\/yar.deutschetage.ru\/de\/wp-json\/wp\/v2\/posts\/3343"}],"collection":[{"href":"https:\/\/yar.deutschetage.ru\/de\/wp-json\/wp\/v2\/posts"}],"about":[{"href":"https:\/\/yar.deutschetage.ru\/de\/wp-json\/wp\/v2\/types\/post"}],"author":[{"embeddable":true,"href":"https:\/\/yar.deutschetage.ru\/de\/wp-json\/wp\/v2\/users\/2"}],"replies":[{"embeddable":true,"href":"https:\/\/yar.deutschetage.ru\/de\/wp-json\/wp\/v2\/comments?post=3343"}],"version-history":[{"count":6,"href":"https:\/\/yar.deutschetage.ru\/de\/wp-json\/wp\/v2\/posts\/3343\/revisions"}],"predecessor-version":[{"id":3354,"href":"https:\/\/yar.deutschetage.ru\/de\/wp-json\/wp\/v2\/posts\/3343\/revisions\/3354"}],"wp:featuredmedia":[{"embeddable":true,"href":"https:\/\/yar.deutschetage.ru\/de\/wp-json\/wp\/v2\/media\/3344"}],"wp:attachment":[{"href":"https:\/\/yar.deutschetage.ru\/de\/wp-json\/wp\/v2\/media?parent=3343"}],"wp:term":[{"taxonomy":"category","embeddable":true,"href":"https:\/\/yar.deutschetage.ru\/de\/wp-json\/wp\/v2\/categories?post=3343"},{"taxonomy":"post_tag","embeddable":true,"href":"https:\/\/yar.deutschetage.ru\/de\/wp-json\/wp\/v2\/tags?post=3343"}],"curies":[{"name":"wp","href":"https:\/\/api.w.org\/{rel}","templated":true}]}}