{"id":3387,"date":"2023-10-11T19:40:22","date_gmt":"2023-10-11T19:40:22","guid":{"rendered":"https:\/\/yar.deutschetage.ru\/?p=3387"},"modified":"2023-10-18T09:13:24","modified_gmt":"2023-10-18T09:13:24","slug":"chto-takoe-oktoberfest","status":"publish","type":"post","link":"https:\/\/yar.deutschetage.ru\/de\/chto-takoe-oktoberfest\/","title":{"rendered":"Was ist Oktoberfest?"},"content":{"rendered":"\n<figure class=\"wp-block-image size-large\"><img loading=\"lazy\" width=\"566\" height=\"363\" src=\"https:\/\/yar.deutschetage.ru\/wp-content\/uploads\/2023\/10\/snimok-ekrana-2023-10-04-v-13.59.23.png\" alt=\"\" class=\"wp-image-3388\" srcset=\"https:\/\/yar.deutschetage.ru\/wp-content\/uploads\/2023\/10\/snimok-ekrana-2023-10-04-v-13.59.23.png 566w, https:\/\/yar.deutschetage.ru\/wp-content\/uploads\/2023\/10\/snimok-ekrana-2023-10-04-v-13.59.23-300x192.png 300w\" sizes=\"(max-width: 566px) 100vw, 566px\" \/><\/figure>\n\n\n\n<p>Der beliebteste Feiertag in Deutschland, das Oktoberfest, ist auf der ganzen Welt selbst denen bekannt, die noch nie in Deutschland waren.<\/p>\n\n\n\n<p>Was ist das f\u00fcr ein Feiertag? Wie und wo findet es statt, welche Kleidung tragen die Teilnehmer und G\u00e4ste des Feiertags, was essen sie und wer liefert das Bier f\u00fcr diesen Feiertag? Dies und noch viel mehr erfahren Sie in der Rubrik \u201eThema des Monats\u201c auf unserer Website:<\/p>\n\n\n\n<figure class=\"wp-block-embed-wordpress wp-block-embed is-type-wp-embed is-provider-\u043d\u0430\u0448-\u0434\u0440\u0443\u0436\u043d\u044b\u0439-\u0434\u043e\u043c-\u044f\u0440\u043e\u0441\u043b\u0430\u0432\u0441\u043a\u0438\u0439-\u0440\u0435\u0433\u0438\u043e\u043d\"><div class=\"wp-block-embed__wrapper\">\n<blockquote class=\"wp-embedded-content\" data-secret=\"EHpMD6lYnX\"><a href=\"https:\/\/rudefra.ru\/2022\/10\/oktoberfest-v-germanii\/\">\u041e\u043a\u0442\u043e\u0431\u0435\u0440\u0444\u0435\u0441\u0442 \u0432 \u0413\u0435\u0440\u043c\u0430\u043d\u0438\u0438<\/a><\/blockquote><iframe class=\"wp-embedded-content\" sandbox=\"allow-scripts\" security=\"restricted\" style=\"position: absolute; clip: rect(1px, 1px, 1px, 1px);\" title=\"\u00ab\u041e\u043a\u0442\u043e\u0431\u0435\u0440\u0444\u0435\u0441\u0442 \u0432 \u0413\u0435\u0440\u043c\u0430\u043d\u0438\u0438\u00bb &#8212; \u041d\u0430\u0448 \u0434\u0440\u0443\u0436\u043d\u044b\u0439 \u0434\u043e\u043c \u2014 \u042f\u0440\u043e\u0441\u043b\u0430\u0432\u0441\u043a\u0438\u0439 \u0440\u0435\u0433\u0438\u043e\u043d\" src=\"https:\/\/rudefra.ru\/2022\/10\/oktoberfest-v-germanii\/embed\/#?secret=EHpMD6lYnX\" data-secret=\"EHpMD6lYnX\" width=\"600\" height=\"338\" frameborder=\"0\" marginwidth=\"0\" marginheight=\"0\" scrolling=\"no\"><\/iframe>\n<\/div><\/figure>\n","protected":false},"excerpt":{"rendered":"<p>Der beliebteste Feiertag in Deutschland, das Oktoberfest, ist auf der ganzen Welt selbst denen bekannt, die noch nie in Deutschland waren. Was ist das f\u00fcr ein Feiertag? Wie und wo findet es statt, welche Kleidung tragen die Teilnehmer und G\u00e4ste des Feiertags, was essen sie und wer liefert das Bier f\u00fcr diesen Feiertag? Dies und [&hellip;]<\/p>\n","protected":false},"author":2,"featured_media":3388,"comment_status":"closed","ping_status":"open","sticky":false,"template":"","format":"standard","meta":[],"categories":[23],"tags":[],"yoast_head":"<!-- This site is optimized with the Yoast SEO plugin v14.9 - https:\/\/yoast.com\/wordpress\/plugins\/seo\/ -->\n<title>Was ist Oktoberfest? - Deutsche Tage in der Region Jaroslawl<\/title>\n<meta name=\"robots\" content=\"index, follow, max-snippet:-1, max-image-preview:large, max-video-preview:-1\" \/>\n<link rel=\"canonical\" href=\"https:\/\/yar.deutschetage.ru\/chto-takoe-oktoberfest\/\" \/>\n<meta property=\"og:locale\" content=\"de_DE\" \/>\n<meta property=\"og:type\" content=\"article\" \/>\n<meta property=\"og:title\" content=\"Was ist Oktoberfest? - Deutsche Tage in der Region Jaroslawl\" \/>\n<meta property=\"og:url\" content=\"https:\/\/yar.deutschetage.ru\/chto-takoe-oktoberfest\/\" \/>\n<meta property=\"og:site_name\" content=\"Deutsche Tage in der Region Jaroslawl\" \/>\n<meta property=\"article:publisher\" content=\"https:\/\/www.facebook.com\/groups\/druzjagermanii\" \/>\n<meta property=\"article:published_time\" content=\"2023-10-11T19:40:22+00:00\" \/>\n<meta property=\"article:modified_time\" content=\"2023-10-18T09:13:24+00:00\" \/>\n<meta property=\"og:image\" content=\"https:\/\/yar.deutschetage.ru\/wp-content\/uploads\/2023\/10\/snimok-ekrana-2023-10-04-v-13.59.23.png\" \/>\n\t<meta property=\"og:image:width\" content=\"566\" \/>\n\t<meta property=\"og:image:height\" content=\"363\" \/>\n<meta name=\"twitter:card\" content=\"summary_large_image\" \/>\n<script type=\"application\/ld+json\" class=\"yoast-schema-graph\">{\"@context\":\"https:\/\/schema.org\",\"@graph\":[{\"@type\":\"WebSite\",\"@id\":\"https:\/\/yar.deutschetage.ru\/de\/#website\",\"url\":\"https:\/\/yar.deutschetage.ru\/de\/\",\"name\":\"Deutsche Tage in der Region Jaroslawl\",\"description\":\"Wissenschaftliche Fantastik oder fantastische Wissenschaft\",\"potentialAction\":[{\"@type\":\"SearchAction\",\"target\":\"https:\/\/yar.deutschetage.ru\/de\/?s={search_term_string}\",\"query-input\":\"required name=search_term_string\"}],\"inLanguage\":\"de-DE\"},{\"@type\":\"ImageObject\",\"@id\":\"https:\/\/yar.deutschetage.ru\/chto-takoe-oktoberfest\/#primaryimage\",\"inLanguage\":\"de-DE\",\"url\":\"https:\/\/yar.deutschetage.ru\/wp-content\/uploads\/2023\/10\/snimok-ekrana-2023-10-04-v-13.59.23.png\",\"width\":566,\"height\":363},{\"@type\":\"WebPage\",\"@id\":\"https:\/\/yar.deutschetage.ru\/chto-takoe-oktoberfest\/#webpage\",\"url\":\"https:\/\/yar.deutschetage.ru\/chto-takoe-oktoberfest\/\",\"name\":\"Was ist Oktoberfest? - Deutsche Tage in der Region Jaroslawl\",\"isPartOf\":{\"@id\":\"https:\/\/yar.deutschetage.ru\/de\/#website\"},\"primaryImageOfPage\":{\"@id\":\"https:\/\/yar.deutschetage.ru\/chto-takoe-oktoberfest\/#primaryimage\"},\"datePublished\":\"2023-10-11T19:40:22+00:00\",\"dateModified\":\"2023-10-18T09:13:24+00:00\",\"author\":{\"@id\":\"https:\/\/yar.deutschetage.ru\/de\/#\/schema\/person\/4f39fe90cebbcc93ada07890317ab455\"},\"breadcrumb\":{\"@id\":\"https:\/\/yar.deutschetage.ru\/chto-takoe-oktoberfest\/#breadcrumb\"},\"inLanguage\":\"de-DE\",\"potentialAction\":[{\"@type\":\"ReadAction\",\"target\":[\"https:\/\/yar.deutschetage.ru\/chto-takoe-oktoberfest\/\"]}]},{\"@type\":\"BreadcrumbList\",\"@id\":\"https:\/\/yar.deutschetage.ru\/chto-takoe-oktoberfest\/#breadcrumb\",\"itemListElement\":[{\"@type\":\"ListItem\",\"position\":1,\"item\":{\"@type\":\"WebPage\",\"@id\":\"https:\/\/yar.deutschetage.ru\/\",\"url\":\"https:\/\/yar.deutschetage.ru\/\",\"name\":\"\\u0413\\u043b\\u0430\\u0432\\u043d\\u0430\\u044f\"}},{\"@type\":\"ListItem\",\"position\":2,\"item\":{\"@type\":\"WebPage\",\"@id\":\"https:\/\/yar.deutschetage.ru\/chto-takoe-oktoberfest\/\",\"url\":\"https:\/\/yar.deutschetage.ru\/chto-takoe-oktoberfest\/\",\"name\":\"\\u0427\\u0442\\u043e \\u0442\\u0430\\u043a\\u043e\\u0435 \\u041e\\u043a\\u0442\\u043e\\u0431\\u0435\\u0440\\u0444\\u0435\\u0441\\u0442?\"}}]},{\"@type\":\"Person\",\"@id\":\"https:\/\/yar.deutschetage.ru\/de\/#\/schema\/person\/4f39fe90cebbcc93ada07890317ab455\",\"name\":\"\\u0412\\u0430\\u043b\\u0435\\u043d\\u0442\\u0438\\u043d\\u0430\",\"image\":{\"@type\":\"ImageObject\",\"@id\":\"https:\/\/yar.deutschetage.ru\/de\/#personlogo\",\"inLanguage\":\"de-DE\",\"url\":\"https:\/\/secure.gravatar.com\/avatar\/1fe39c6a447b1a4ad661671d48304a9e?s=96&d=mm&r=g\",\"caption\":\"\\u0412\\u0430\\u043b\\u0435\\u043d\\u0442\\u0438\\u043d\\u0430\"}}]}<\/script>\n<!-- \/ Yoast SEO plugin. -->","_links":{"self":[{"href":"https:\/\/yar.deutschetage.ru\/de\/wp-json\/wp\/v2\/posts\/3387"}],"collection":[{"href":"https:\/\/yar.deutschetage.ru\/de\/wp-json\/wp\/v2\/posts"}],"about":[{"href":"https:\/\/yar.deutschetage.ru\/de\/wp-json\/wp\/v2\/types\/post"}],"author":[{"embeddable":true,"href":"https:\/\/yar.deutschetage.ru\/de\/wp-json\/wp\/v2\/users\/2"}],"replies":[{"embeddable":true,"href":"https:\/\/yar.deutschetage.ru\/de\/wp-json\/wp\/v2\/comments?post=3387"}],"version-history":[{"count":2,"href":"https:\/\/yar.deutschetage.ru\/de\/wp-json\/wp\/v2\/posts\/3387\/revisions"}],"predecessor-version":[{"id":3459,"href":"https:\/\/yar.deutschetage.ru\/de\/wp-json\/wp\/v2\/posts\/3387\/revisions\/3459"}],"wp:featuredmedia":[{"embeddable":true,"href":"https:\/\/yar.deutschetage.ru\/de\/wp-json\/wp\/v2\/media\/3388"}],"wp:attachment":[{"href":"https:\/\/yar.deutschetage.ru\/de\/wp-json\/wp\/v2\/media?parent=3387"}],"wp:term":[{"taxonomy":"category","embeddable":true,"href":"https:\/\/yar.deutschetage.ru\/de\/wp-json\/wp\/v2\/categories?post=3387"},{"taxonomy":"post_tag","embeddable":true,"href":"https:\/\/yar.deutschetage.ru\/de\/wp-json\/wp\/v2\/tags?post=3387"}],"curies":[{"name":"wp","href":"https:\/\/api.w.org\/{rel}","templated":true}]}}