{"id":3427,"date":"2023-10-17T20:05:22","date_gmt":"2023-10-17T20:05:22","guid":{"rendered":"https:\/\/yar.deutschetage.ru\/?p=3427"},"modified":"2023-11-13T10:31:31","modified_gmt":"2023-11-13T10:31:31","slug":"dasha-maksimova-yapek","status":"publish","type":"post","link":"https:\/\/yar.deutschetage.ru\/de\/dasha-maksimova-yapek\/","title":{"rendered":"Dascha Maksimowa, YPEK"},"content":{"rendered":"\n<div class=\"wp-block-media-text alignwide is-stacked-on-mobile\"><figure class=\"wp-block-media-text__media\"><img loading=\"lazy\" width=\"379\" height=\"500\" src=\"https:\/\/yar.deutschetage.ru\/wp-content\/uploads\/2023\/10\/czuze.jpeg\" alt=\"\" class=\"wp-image-3428\" srcset=\"https:\/\/yar.deutschetage.ru\/wp-content\/uploads\/2023\/10\/czuze.jpeg 379w, https:\/\/yar.deutschetage.ru\/wp-content\/uploads\/2023\/10\/czuze-227x300.jpeg 227w\" sizes=\"(max-width: 379px) 100vw, 379px\" \/><\/figure><div class=\"wp-block-media-text__content\">\n<p><strong><em><span class=\"has-inline-color has-vivid-red-color\">KONRAD ZUSE <\/span><\/em><\/strong><\/p>\n\n\n\n<p><strong><em><span class=\"has-inline-color has-vivid-red-color\">ERFINDER DES ERSTEN PROGRAMMIERBAREN COMPUTERS <\/span><\/em><\/strong><\/p>\n\n\n\n<p><strong><em><span class=\"has-inline-color has-vivid-red-color\">UND DER ERSTEN PROGRAMMIERSPRACHE<\/span><\/em><\/strong>  <\/p>\n\n\n\n<p><\/p>\n<\/div><\/div>\n\n\n\n<p><\/p>\n\n\n\n<p>Konrad Zuse (1910 &#8211; 1995) &#8211; deutscher Ingenieur, Pionier der Computertechnik. Konrad Zuse ist vor allem als Erfinder des ersten wirklich funktionierenden programmierbaren Computers (1941 offiziell dokumentiert) und der ersten Programmierhochsprache (1945) bekannt. F\u00fcr seine Beitr\u00e4ge und ersten Erfolge auf dem Gebiet des automatischen Rechnens, aber auch f\u00fcr die Konstruktion des ersten programmierbaren Computers in Deutschland. 1965 erhielt Konrad Zuse den Harry-M.-Hood-Ged\u00e4chtnispreis, eine Medaille und die Summe von 2.000 Dollar.<\/p>\n\n\n\n<p>Urspr\u00fcnglich waren Computer f\u00fcr den professionellen Einsatz gedacht. Heute sind sie in fast allen Bereichen des t\u00e4glichen Lebens verf\u00fcgbar. Am h\u00e4ufigsten werden sie in speziellen Versionen verwendet, die an die aktuelle Anwendung angepasst sind. Mikrocomputer (eingebettete Systeme) werden zur Steuerung allt\u00e4glicher Ger\u00e4te wie Waschmaschinen und Videorecorder oder zur M\u00fcnzkontrolle in Verkaufsautomaten eingesetzt. In modernen Autos nutzen sie Fahrdaten durch \u201eFahrassistenten\u201c.<\/p>\n\n\n\n<p>Personalcomputer werden zum Arbeiten, Lernen und in Regierungsbeh\u00f6rden verwendet; Supercomputer werden zur Simulation komplexer Vorg\u00e4nge eingesetzt, beispielsweise in der Klimaforschung oder bei medizinischen Berechnungen.<\/p>\n\n\n\n<p>Auch Smartphones sind Computer, die aus dem modernen Leben kaum mehr wegzudenken sind. Ich habe zum Verfassen dieser Arbeit meinen PC genutzt und mein Smartphone begleitet mich stets im Alltag.<\/p>\n\n\n\n<figure class=\"wp-block-image size-large\"><img src=\"https:\/\/yar.deutschetage.ru\/wp-content\/uploads\/2023\/10\/snimok-ekrana-2023-10-17-v-22.55.13-1024x572.png\" alt=\"\" class=\"wp-image-3429\"\/><\/figure>\n","protected":false},"excerpt":{"rendered":"<p>KONRAD ZUSE ERFINDER DES ERSTEN PROGRAMMIERBAREN COMPUTERS UND DER ERSTEN PROGRAMMIERSPRACHE Konrad Zuse (1910 &#8211; 1995) &#8211; deutscher Ingenieur, Pionier der Computertechnik. Konrad Zuse ist vor allem als Erfinder des ersten wirklich funktionierenden programmierbaren Computers (1941 offiziell dokumentiert) und der ersten Programmierhochsprache (1945) bekannt. F\u00fcr seine Beitr\u00e4ge und ersten Erfolge auf dem Gebiet des automatischen [&hellip;]<\/p>\n","protected":false},"author":2,"featured_media":3429,"comment_status":"closed","ping_status":"open","sticky":false,"template":"","format":"standard","meta":[],"categories":[24],"tags":[],"yoast_head":"<!-- This site is optimized with the Yoast SEO plugin v14.9 - https:\/\/yoast.com\/wordpress\/plugins\/seo\/ -->\n<title>Dascha Maksimowa, YPEK - Deutsche Tage in der Region Jaroslawl<\/title>\n<meta name=\"robots\" content=\"index, follow, max-snippet:-1, max-image-preview:large, max-video-preview:-1\" \/>\n<link rel=\"canonical\" href=\"https:\/\/yar.deutschetage.ru\/dasha-maksimova-yapek\/\" \/>\n<meta property=\"og:locale\" content=\"de_DE\" \/>\n<meta property=\"og:type\" content=\"article\" \/>\n<meta property=\"og:title\" content=\"Dascha Maksimowa, YPEK - Deutsche Tage in der Region Jaroslawl\" \/>\n<meta property=\"og:url\" content=\"https:\/\/yar.deutschetage.ru\/dasha-maksimova-yapek\/\" \/>\n<meta property=\"og:site_name\" content=\"Deutsche Tage in der Region Jaroslawl\" \/>\n<meta property=\"article:publisher\" content=\"https:\/\/www.facebook.com\/groups\/druzjagermanii\" \/>\n<meta property=\"article:published_time\" content=\"2023-10-17T20:05:22+00:00\" \/>\n<meta property=\"article:modified_time\" content=\"2023-11-13T10:31:31+00:00\" \/>\n<meta property=\"og:image\" content=\"https:\/\/yar.deutschetage.ru\/wp-content\/uploads\/2023\/10\/snimok-ekrana-2023-10-17-v-22.55.13-e1697574240363.png\" \/>\n\t<meta property=\"og:image:width\" content=\"1313\" \/>\n\t<meta property=\"og:image:height\" content=\"776\" \/>\n<meta name=\"twitter:card\" content=\"summary_large_image\" \/>\n<script type=\"application\/ld+json\" class=\"yoast-schema-graph\">{\"@context\":\"https:\/\/schema.org\",\"@graph\":[{\"@type\":\"WebSite\",\"@id\":\"https:\/\/yar.deutschetage.ru\/de\/#website\",\"url\":\"https:\/\/yar.deutschetage.ru\/de\/\",\"name\":\"Deutsche Tage in der Region Jaroslawl\",\"description\":\"Wissenschaftliche Fantastik oder fantastische Wissenschaft\",\"potentialAction\":[{\"@type\":\"SearchAction\",\"target\":\"https:\/\/yar.deutschetage.ru\/de\/?s={search_term_string}\",\"query-input\":\"required name=search_term_string\"}],\"inLanguage\":\"de-DE\"},{\"@type\":\"ImageObject\",\"@id\":\"https:\/\/yar.deutschetage.ru\/dasha-maksimova-yapek\/#primaryimage\",\"inLanguage\":\"de-DE\",\"url\":\"https:\/\/yar.deutschetage.ru\/wp-content\/uploads\/2023\/10\/snimok-ekrana-2023-10-17-v-22.55.13-e1697574240363.png\",\"width\":1313,\"height\":776},{\"@type\":\"WebPage\",\"@id\":\"https:\/\/yar.deutschetage.ru\/dasha-maksimova-yapek\/#webpage\",\"url\":\"https:\/\/yar.deutschetage.ru\/dasha-maksimova-yapek\/\",\"name\":\"Dascha Maksimowa, YPEK - Deutsche Tage in der Region Jaroslawl\",\"isPartOf\":{\"@id\":\"https:\/\/yar.deutschetage.ru\/de\/#website\"},\"primaryImageOfPage\":{\"@id\":\"https:\/\/yar.deutschetage.ru\/dasha-maksimova-yapek\/#primaryimage\"},\"datePublished\":\"2023-10-17T20:05:22+00:00\",\"dateModified\":\"2023-11-13T10:31:31+00:00\",\"author\":{\"@id\":\"https:\/\/yar.deutschetage.ru\/de\/#\/schema\/person\/4f39fe90cebbcc93ada07890317ab455\"},\"breadcrumb\":{\"@id\":\"https:\/\/yar.deutschetage.ru\/dasha-maksimova-yapek\/#breadcrumb\"},\"inLanguage\":\"de-DE\",\"potentialAction\":[{\"@type\":\"ReadAction\",\"target\":[\"https:\/\/yar.deutschetage.ru\/dasha-maksimova-yapek\/\"]}]},{\"@type\":\"BreadcrumbList\",\"@id\":\"https:\/\/yar.deutschetage.ru\/dasha-maksimova-yapek\/#breadcrumb\",\"itemListElement\":[{\"@type\":\"ListItem\",\"position\":1,\"item\":{\"@type\":\"WebPage\",\"@id\":\"https:\/\/yar.deutschetage.ru\/\",\"url\":\"https:\/\/yar.deutschetage.ru\/\",\"name\":\"\\u0413\\u043b\\u0430\\u0432\\u043d\\u0430\\u044f\"}},{\"@type\":\"ListItem\",\"position\":2,\"item\":{\"@type\":\"WebPage\",\"@id\":\"https:\/\/yar.deutschetage.ru\/dasha-maksimova-yapek\/\",\"url\":\"https:\/\/yar.deutschetage.ru\/dasha-maksimova-yapek\/\",\"name\":\"\\u0414\\u0430\\u0448\\u0430 \\u041c\\u0430\\u043a\\u0441\\u0438\\u043c\\u043e\\u0432\\u0430, \\u042f\\u041f\\u042d\\u041a\"}}]},{\"@type\":\"Person\",\"@id\":\"https:\/\/yar.deutschetage.ru\/de\/#\/schema\/person\/4f39fe90cebbcc93ada07890317ab455\",\"name\":\"\\u0412\\u0430\\u043b\\u0435\\u043d\\u0442\\u0438\\u043d\\u0430\",\"image\":{\"@type\":\"ImageObject\",\"@id\":\"https:\/\/yar.deutschetage.ru\/de\/#personlogo\",\"inLanguage\":\"de-DE\",\"url\":\"https:\/\/secure.gravatar.com\/avatar\/1fe39c6a447b1a4ad661671d48304a9e?s=96&d=mm&r=g\",\"caption\":\"\\u0412\\u0430\\u043b\\u0435\\u043d\\u0442\\u0438\\u043d\\u0430\"}}]}<\/script>\n<!-- \/ Yoast SEO plugin. -->","_links":{"self":[{"href":"https:\/\/yar.deutschetage.ru\/de\/wp-json\/wp\/v2\/posts\/3427"}],"collection":[{"href":"https:\/\/yar.deutschetage.ru\/de\/wp-json\/wp\/v2\/posts"}],"about":[{"href":"https:\/\/yar.deutschetage.ru\/de\/wp-json\/wp\/v2\/types\/post"}],"author":[{"embeddable":true,"href":"https:\/\/yar.deutschetage.ru\/de\/wp-json\/wp\/v2\/users\/2"}],"replies":[{"embeddable":true,"href":"https:\/\/yar.deutschetage.ru\/de\/wp-json\/wp\/v2\/comments?post=3427"}],"version-history":[{"count":2,"href":"https:\/\/yar.deutschetage.ru\/de\/wp-json\/wp\/v2\/posts\/3427\/revisions"}],"predecessor-version":[{"id":3431,"href":"https:\/\/yar.deutschetage.ru\/de\/wp-json\/wp\/v2\/posts\/3427\/revisions\/3431"}],"wp:featuredmedia":[{"embeddable":true,"href":"https:\/\/yar.deutschetage.ru\/de\/wp-json\/wp\/v2\/media\/3429"}],"wp:attachment":[{"href":"https:\/\/yar.deutschetage.ru\/de\/wp-json\/wp\/v2\/media?parent=3427"}],"wp:term":[{"taxonomy":"category","embeddable":true,"href":"https:\/\/yar.deutschetage.ru\/de\/wp-json\/wp\/v2\/categories?post=3427"},{"taxonomy":"post_tag","embeddable":true,"href":"https:\/\/yar.deutschetage.ru\/de\/wp-json\/wp\/v2\/tags?post=3427"}],"curies":[{"name":"wp","href":"https:\/\/api.w.org\/{rel}","templated":true}]}}