{"id":3495,"date":"2023-10-19T19:49:38","date_gmt":"2023-10-19T19:49:38","guid":{"rendered":"https:\/\/yar.deutschetage.ru\/?p=3495"},"modified":"2023-11-13T10:28:40","modified_gmt":"2023-11-13T10:28:40","slug":"vadim-krylov-yapek","status":"publish","type":"post","link":"https:\/\/yar.deutschetage.ru\/de\/vadim-krylov-yapek\/","title":{"rendered":"Wadim Krylow, YPEK"},"content":{"rendered":"\n<div class=\"wp-block-media-text alignwide is-stacked-on-mobile\"><figure class=\"wp-block-media-text__media\"><img loading=\"lazy\" width=\"470\" height=\"602\" src=\"https:\/\/yar.deutschetage.ru\/wp-content\/uploads\/2023\/10\/krylov-v-1.png\" alt=\"\" class=\"wp-image-3496\" srcset=\"https:\/\/yar.deutschetage.ru\/wp-content\/uploads\/2023\/10\/krylov-v-1.png 470w, https:\/\/yar.deutschetage.ru\/wp-content\/uploads\/2023\/10\/krylov-v-1-234x300.png 234w\" sizes=\"(max-width: 470px) 100vw, 470px\" \/><\/figure><div class=\"wp-block-media-text__content\">\n<p>Der Globus von Beheim, oder Martin Behaims Erdapfel, ist der \u00e4lteste erhaltene Globus der Welt.  Der Globus wurde um 1492-1494 im Auftrag des N\u00fcrnberger Stadtrats von verschiedenen Handwerkern unter der Leitung von Martin Beheim hergestellt.<\/p>\n<\/div><\/div>\n\n\n\n<p><\/p>\n\n\n\n<p><strong><span class=\"has-inline-color has-vivid-red-color\">MARTIN BEHAIMS ERDAPFEL<\/span><\/strong><\/p>\n\n\n\n<p>Es hat einen Durchmesser von 51 cm und ist von drei Metallb\u00f6gen bedeckt, deren untere Teile in St\u00fctzen \u00fcbergehen. <\/p>\n\n\n\n<p>Heute ist der Globus in N\u00fcrnberg im Deutschen Nationalmuseum ausgestellt (Das Deutsche Nationalmuseum \u2013 Leibniz-Forschungsmuseum f\u00fcr Kulturgeschichte &#8211; GNM). Dies ist eines der letzten Kartierungsarbeiten, die die damals bekannte Welt darstellen, bevor Christoph Kolumbus 1492 Amerika entdeckte.<\/p>\n\n\n\n<p>Am 18. Mai 2023 wird der Globus von Beheim nach einem UNESCO-Beschluss in die Liste des weltdokumentarischen Erbes aufgenommen.<\/p>\n\n\n\n<p>Laut dem Museum wurde der Globus von Beheim zwischen 1492 und 1494 nach einem Entwurf des N\u00fcrnberger Drapiers Martin Beheim hergestellt \u2013 zu einer Zeit, als Columbus gerade Amerika entdeckte. Dieser Teil der Welt fehlt auf dem Globus, genau wie Australien.<\/p>\n\n\n\n<p>Mit Hunderten von Piktogrammen, geografischen Namen, kleinen Erz\u00e4hltexten, Bildern von Herrschern, Tieren und Fabelwesen vermittelt dieser Globus ein enzyklop\u00e4disches Bild des geographischen und historischen Wissens des sp\u00e4ten Mittelalters.<\/p>\n\n\n\n<p>Der deutsche Wissenschaftler, Nicht-Soziologe und Seefahrer Martin Beheim (1459-1507) leitete die Arbeiten zur Schaffung des Globus. Er erhielt diese Bestellung, da er lange Zeit in Portugal verbracht hatte und sich der j\u00fcngsten portugiesischen geografischen Entdeckungen bewusst war.<\/p>\n\n\n\n<p>Obwohl die Karte die Schwimmergebnisse von Christoph Kolumbus noch nicht ber\u00fccksichtigt, gilt der &#8222;Erdapfel&#8220; aufgrund seiner Genauigkeit und Sichtbarkeit als eine einzigartige Errungenschaft der kartographischen Wissenschaft des sp\u00e4ten Mittelalters.<\/p>\n\n\n\n<p>Ich war daran interessiert herauszufinden, wer das Festland erfunden hat, weil es mich interessiert: Wie liegen die Kontinente und Ozeane, wo sich die Meridiane und Parallelen befinden, welche h\u00f6chsten und tiefsten Stellen, welche Str\u00f6mungsrichtungen, wie ist das Relief am Land und am Meeresboden, wie gro\u00dfe St\u00e4dte und andere geographische Objekte genannt werden. Als Kind habe ich oft den Globus studiert.<\/p>\n\n\n\n<figure class=\"wp-block-image size-large\"><img loading=\"lazy\" width=\"472\" height=\"522\" src=\"https:\/\/yar.deutschetage.ru\/wp-content\/uploads\/2023\/10\/krylov-v-2.png\" alt=\"\" class=\"wp-image-3497\" srcset=\"https:\/\/yar.deutschetage.ru\/wp-content\/uploads\/2023\/10\/krylov-v-2.png 472w, https:\/\/yar.deutschetage.ru\/wp-content\/uploads\/2023\/10\/krylov-v-2-271x300.png 271w\" sizes=\"(max-width: 472px) 100vw, 472px\" \/><\/figure>\n","protected":false},"excerpt":{"rendered":"<p>Der Globus von Beheim, oder Martin Behaims Erdapfel, ist der \u00e4lteste erhaltene Globus der Welt. Der Globus wurde um 1492-1494 im Auftrag des N\u00fcrnberger Stadtrats von verschiedenen Handwerkern unter der Leitung von Martin Beheim hergestellt. MARTIN BEHAIMS ERDAPFEL Es hat einen Durchmesser von 51 cm und ist von drei Metallb\u00f6gen bedeckt, deren untere Teile in [&hellip;]<\/p>\n","protected":false},"author":2,"featured_media":3498,"comment_status":"closed","ping_status":"open","sticky":false,"template":"","format":"standard","meta":[],"categories":[24],"tags":[],"yoast_head":"<!-- This site is optimized with the Yoast SEO plugin v14.9 - https:\/\/yoast.com\/wordpress\/plugins\/seo\/ -->\n<title>Wadim Krylow, YPEK - Deutsche Tage in der Region Jaroslawl<\/title>\n<meta name=\"robots\" content=\"index, follow, max-snippet:-1, max-image-preview:large, max-video-preview:-1\" \/>\n<link rel=\"canonical\" href=\"https:\/\/yar.deutschetage.ru\/vadim-krylov-yapek\/\" \/>\n<meta property=\"og:locale\" content=\"de_DE\" \/>\n<meta property=\"og:type\" content=\"article\" \/>\n<meta property=\"og:title\" content=\"Wadim Krylow, YPEK - Deutsche Tage in der Region Jaroslawl\" \/>\n<meta property=\"og:url\" content=\"https:\/\/yar.deutschetage.ru\/vadim-krylov-yapek\/\" \/>\n<meta property=\"og:site_name\" content=\"Deutsche Tage in der Region Jaroslawl\" \/>\n<meta property=\"article:publisher\" content=\"https:\/\/www.facebook.com\/groups\/druzjagermanii\" \/>\n<meta property=\"article:published_time\" content=\"2023-10-19T19:49:38+00:00\" \/>\n<meta property=\"article:modified_time\" content=\"2023-11-13T10:28:40+00:00\" \/>\n<meta property=\"og:image\" content=\"https:\/\/yar.deutschetage.ru\/wp-content\/uploads\/2023\/10\/snimok-ekrana-2023-10-19-v-22.48.37.png\" \/>\n\t<meta property=\"og:image:width\" content=\"1134\" \/>\n\t<meta property=\"og:image:height\" content=\"752\" \/>\n<meta name=\"twitter:card\" content=\"summary_large_image\" \/>\n<script type=\"application\/ld+json\" class=\"yoast-schema-graph\">{\"@context\":\"https:\/\/schema.org\",\"@graph\":[{\"@type\":\"WebSite\",\"@id\":\"https:\/\/yar.deutschetage.ru\/de\/#website\",\"url\":\"https:\/\/yar.deutschetage.ru\/de\/\",\"name\":\"Deutsche Tage in der Region Jaroslawl\",\"description\":\"Wissenschaftliche Fantastik oder fantastische Wissenschaft\",\"potentialAction\":[{\"@type\":\"SearchAction\",\"target\":\"https:\/\/yar.deutschetage.ru\/de\/?s={search_term_string}\",\"query-input\":\"required name=search_term_string\"}],\"inLanguage\":\"de-DE\"},{\"@type\":\"ImageObject\",\"@id\":\"https:\/\/yar.deutschetage.ru\/vadim-krylov-yapek\/#primaryimage\",\"inLanguage\":\"de-DE\",\"url\":\"https:\/\/yar.deutschetage.ru\/wp-content\/uploads\/2023\/10\/snimok-ekrana-2023-10-19-v-22.48.37.png\",\"width\":1134,\"height\":752},{\"@type\":\"WebPage\",\"@id\":\"https:\/\/yar.deutschetage.ru\/vadim-krylov-yapek\/#webpage\",\"url\":\"https:\/\/yar.deutschetage.ru\/vadim-krylov-yapek\/\",\"name\":\"Wadim Krylow, YPEK - Deutsche Tage in der Region Jaroslawl\",\"isPartOf\":{\"@id\":\"https:\/\/yar.deutschetage.ru\/de\/#website\"},\"primaryImageOfPage\":{\"@id\":\"https:\/\/yar.deutschetage.ru\/vadim-krylov-yapek\/#primaryimage\"},\"datePublished\":\"2023-10-19T19:49:38+00:00\",\"dateModified\":\"2023-11-13T10:28:40+00:00\",\"author\":{\"@id\":\"https:\/\/yar.deutschetage.ru\/de\/#\/schema\/person\/4f39fe90cebbcc93ada07890317ab455\"},\"breadcrumb\":{\"@id\":\"https:\/\/yar.deutschetage.ru\/vadim-krylov-yapek\/#breadcrumb\"},\"inLanguage\":\"de-DE\",\"potentialAction\":[{\"@type\":\"ReadAction\",\"target\":[\"https:\/\/yar.deutschetage.ru\/vadim-krylov-yapek\/\"]}]},{\"@type\":\"BreadcrumbList\",\"@id\":\"https:\/\/yar.deutschetage.ru\/vadim-krylov-yapek\/#breadcrumb\",\"itemListElement\":[{\"@type\":\"ListItem\",\"position\":1,\"item\":{\"@type\":\"WebPage\",\"@id\":\"https:\/\/yar.deutschetage.ru\/\",\"url\":\"https:\/\/yar.deutschetage.ru\/\",\"name\":\"\\u0413\\u043b\\u0430\\u0432\\u043d\\u0430\\u044f\"}},{\"@type\":\"ListItem\",\"position\":2,\"item\":{\"@type\":\"WebPage\",\"@id\":\"https:\/\/yar.deutschetage.ru\/vadim-krylov-yapek\/\",\"url\":\"https:\/\/yar.deutschetage.ru\/vadim-krylov-yapek\/\",\"name\":\"\\u0412\\u0430\\u0434\\u0438\\u043c \\u041a\\u0440\\u044b\\u043b\\u043e\\u0432, \\u042f\\u041f\\u042d\\u041a\"}}]},{\"@type\":\"Person\",\"@id\":\"https:\/\/yar.deutschetage.ru\/de\/#\/schema\/person\/4f39fe90cebbcc93ada07890317ab455\",\"name\":\"\\u0412\\u0430\\u043b\\u0435\\u043d\\u0442\\u0438\\u043d\\u0430\",\"image\":{\"@type\":\"ImageObject\",\"@id\":\"https:\/\/yar.deutschetage.ru\/de\/#personlogo\",\"inLanguage\":\"de-DE\",\"url\":\"https:\/\/secure.gravatar.com\/avatar\/1fe39c6a447b1a4ad661671d48304a9e?s=96&d=mm&r=g\",\"caption\":\"\\u0412\\u0430\\u043b\\u0435\\u043d\\u0442\\u0438\\u043d\\u0430\"}}]}<\/script>\n<!-- \/ Yoast SEO plugin. -->","_links":{"self":[{"href":"https:\/\/yar.deutschetage.ru\/de\/wp-json\/wp\/v2\/posts\/3495"}],"collection":[{"href":"https:\/\/yar.deutschetage.ru\/de\/wp-json\/wp\/v2\/posts"}],"about":[{"href":"https:\/\/yar.deutschetage.ru\/de\/wp-json\/wp\/v2\/types\/post"}],"author":[{"embeddable":true,"href":"https:\/\/yar.deutschetage.ru\/de\/wp-json\/wp\/v2\/users\/2"}],"replies":[{"embeddable":true,"href":"https:\/\/yar.deutschetage.ru\/de\/wp-json\/wp\/v2\/comments?post=3495"}],"version-history":[{"count":2,"href":"https:\/\/yar.deutschetage.ru\/de\/wp-json\/wp\/v2\/posts\/3495\/revisions"}],"predecessor-version":[{"id":3500,"href":"https:\/\/yar.deutschetage.ru\/de\/wp-json\/wp\/v2\/posts\/3495\/revisions\/3500"}],"wp:featuredmedia":[{"embeddable":true,"href":"https:\/\/yar.deutschetage.ru\/de\/wp-json\/wp\/v2\/media\/3498"}],"wp:attachment":[{"href":"https:\/\/yar.deutschetage.ru\/de\/wp-json\/wp\/v2\/media?parent=3495"}],"wp:term":[{"taxonomy":"category","embeddable":true,"href":"https:\/\/yar.deutschetage.ru\/de\/wp-json\/wp\/v2\/categories?post=3495"},{"taxonomy":"post_tag","embeddable":true,"href":"https:\/\/yar.deutschetage.ru\/de\/wp-json\/wp\/v2\/tags?post=3495"}],"curies":[{"name":"wp","href":"https:\/\/api.w.org\/{rel}","templated":true}]}}