{"id":3501,"date":"2023-10-20T14:53:09","date_gmt":"2023-10-20T14:53:09","guid":{"rendered":"https:\/\/yar.deutschetage.ru\/?p=3501"},"modified":"2023-11-13T10:28:12","modified_gmt":"2023-11-13T10:28:12","slug":"artem-kokin-shkola-52","status":"publish","type":"post","link":"https:\/\/yar.deutschetage.ru\/de\/artem-kokin-shkola-52\/","title":{"rendered":"Artjom Kokin, Schule"},"content":{"rendered":"\n<figure class=\"wp-block-image size-large\"><img src=\"https:\/\/yar.deutschetage.ru\/wp-content\/uploads\/2023\/10\/kokin-artem-2-1024x880.jpg\" alt=\"\" class=\"wp-image-3532\"\/><\/figure>\n\n\n\n<p><strong><span class=\"has-inline-color has-vivid-red-color\">PLASTILIN VON FRANZ KOLB<\/span><\/strong><\/p>\n\n\n\n<p>Plastelin ist eines der interessantesten Spielzeuge f\u00fcr ein Kind. Man kann damit alles machen, dieses Spielzeug gibt dem Kind einen riesigen Spielraum f\u00fcr Fantasie! Aber wahrscheinlich wissen nur wenige, wer es erfunden hat.<\/p>\n\n\n\n<p>Der erste Erfinder des Plastilins war der deutsche Apotheker Franz Kolb. Er war der erste, der Plastilin bereits 1880 in seiner Heimatstadt M\u00fcnchen patentieren lie\u00df. Der Hauptunterschied zwischen Plastilin und Ton besteht in seiner Best\u00e4ndigkeit gegen\u00fcber Temperaturschwankungen und Trocknung. Viele Bildhauer beklagten damals, dass der Ton zu schnell austrocknete und sehr schwer zu verarbeiten sei. Kolb griff dieses Problem auf. Sp\u00e4ter gr\u00fcndete er ein Unternehmen zur Herstellung von Plastilin, das noch heute unter dem Namen \u201eKolb-Technologie\u201c existiert. \u00dcber das Leben von Kolb selbst ist heute wenig bekannt.<\/p>\n\n\n\n<p>Als Kind habe ich sehr gerne mit Plastilin gespielt, es war mein Lieblingsspielzeug. Ich k\u00f6nnte stundenlang sitzen und interessante Bastelarbeiten an meinem Schreibtisch machen. Im Kindergarten veranstalteten wir st\u00e4ndig Wettbewerbe rund um das Thema Plastilin, an denen&nbsp;&nbsp; ich&nbsp;&nbsp; mit&nbsp;&nbsp; gro\u00dfer&nbsp;&nbsp; Freude&nbsp;&nbsp; teilgenommen&nbsp;&nbsp; habe!<\/p>\n\n\n\n<p><\/p>\n","protected":false},"excerpt":{"rendered":"<p>PLASTILIN VON FRANZ KOLB Plastelin ist eines der interessantesten Spielzeuge f\u00fcr ein Kind. Man kann damit alles machen, dieses Spielzeug gibt dem Kind einen riesigen Spielraum f\u00fcr Fantasie! Aber wahrscheinlich wissen nur wenige, wer es erfunden hat. Der erste Erfinder des Plastilins war der deutsche Apotheker Franz Kolb. Er war der erste, der Plastilin bereits [&hellip;]<\/p>\n","protected":false},"author":2,"featured_media":3532,"comment_status":"closed","ping_status":"open","sticky":false,"template":"","format":"standard","meta":[],"categories":[24],"tags":[],"yoast_head":"<!-- This site is optimized with the Yoast SEO plugin v14.9 - https:\/\/yoast.com\/wordpress\/plugins\/seo\/ -->\n<title>Artjom Kokin, Schule  - Deutsche Tage in der Region Jaroslawl<\/title>\n<meta name=\"robots\" content=\"index, follow, max-snippet:-1, max-image-preview:large, max-video-preview:-1\" \/>\n<link rel=\"canonical\" href=\"https:\/\/yar.deutschetage.ru\/artem-kokin-shkola-52\/\" \/>\n<meta property=\"og:locale\" content=\"de_DE\" \/>\n<meta property=\"og:type\" content=\"article\" \/>\n<meta property=\"og:title\" content=\"Artjom Kokin, Schule  - Deutsche Tage in der Region Jaroslawl\" \/>\n<meta property=\"og:url\" content=\"https:\/\/yar.deutschetage.ru\/artem-kokin-shkola-52\/\" \/>\n<meta property=\"og:site_name\" content=\"Deutsche Tage in der Region Jaroslawl\" \/>\n<meta property=\"article:publisher\" content=\"https:\/\/www.facebook.com\/groups\/druzjagermanii\" \/>\n<meta property=\"article:published_time\" content=\"2023-10-20T14:53:09+00:00\" \/>\n<meta property=\"article:modified_time\" content=\"2023-11-13T10:28:12+00:00\" \/>\n<meta property=\"og:image\" content=\"https:\/\/yar.deutschetage.ru\/wp-content\/uploads\/2023\/10\/kokin-artem-2-e1697877935970.jpg\" \/>\n\t<meta property=\"og:image:width\" content=\"1652\" \/>\n\t<meta property=\"og:image:height\" content=\"1106\" \/>\n<meta name=\"twitter:card\" content=\"summary_large_image\" \/>\n<script type=\"application\/ld+json\" class=\"yoast-schema-graph\">{\"@context\":\"https:\/\/schema.org\",\"@graph\":[{\"@type\":\"WebSite\",\"@id\":\"https:\/\/yar.deutschetage.ru\/de\/#website\",\"url\":\"https:\/\/yar.deutschetage.ru\/de\/\",\"name\":\"Deutsche Tage in der Region Jaroslawl\",\"description\":\"Wissenschaftliche Fantastik oder fantastische Wissenschaft\",\"potentialAction\":[{\"@type\":\"SearchAction\",\"target\":\"https:\/\/yar.deutschetage.ru\/de\/?s={search_term_string}\",\"query-input\":\"required name=search_term_string\"}],\"inLanguage\":\"de-DE\"},{\"@type\":\"ImageObject\",\"@id\":\"https:\/\/yar.deutschetage.ru\/artem-kokin-shkola-52\/#primaryimage\",\"inLanguage\":\"de-DE\",\"url\":\"https:\/\/yar.deutschetage.ru\/wp-content\/uploads\/2023\/10\/kokin-artem-2-e1697877935970.jpg\",\"width\":1652,\"height\":1106},{\"@type\":\"WebPage\",\"@id\":\"https:\/\/yar.deutschetage.ru\/artem-kokin-shkola-52\/#webpage\",\"url\":\"https:\/\/yar.deutschetage.ru\/artem-kokin-shkola-52\/\",\"name\":\"Artjom Kokin, Schule  - Deutsche Tage in der Region Jaroslawl\",\"isPartOf\":{\"@id\":\"https:\/\/yar.deutschetage.ru\/de\/#website\"},\"primaryImageOfPage\":{\"@id\":\"https:\/\/yar.deutschetage.ru\/artem-kokin-shkola-52\/#primaryimage\"},\"datePublished\":\"2023-10-20T14:53:09+00:00\",\"dateModified\":\"2023-11-13T10:28:12+00:00\",\"author\":{\"@id\":\"https:\/\/yar.deutschetage.ru\/de\/#\/schema\/person\/4f39fe90cebbcc93ada07890317ab455\"},\"breadcrumb\":{\"@id\":\"https:\/\/yar.deutschetage.ru\/artem-kokin-shkola-52\/#breadcrumb\"},\"inLanguage\":\"de-DE\",\"potentialAction\":[{\"@type\":\"ReadAction\",\"target\":[\"https:\/\/yar.deutschetage.ru\/artem-kokin-shkola-52\/\"]}]},{\"@type\":\"BreadcrumbList\",\"@id\":\"https:\/\/yar.deutschetage.ru\/artem-kokin-shkola-52\/#breadcrumb\",\"itemListElement\":[{\"@type\":\"ListItem\",\"position\":1,\"item\":{\"@type\":\"WebPage\",\"@id\":\"https:\/\/yar.deutschetage.ru\/\",\"url\":\"https:\/\/yar.deutschetage.ru\/\",\"name\":\"\\u0413\\u043b\\u0430\\u0432\\u043d\\u0430\\u044f\"}},{\"@type\":\"ListItem\",\"position\":2,\"item\":{\"@type\":\"WebPage\",\"@id\":\"https:\/\/yar.deutschetage.ru\/artem-kokin-shkola-52\/\",\"url\":\"https:\/\/yar.deutschetage.ru\/artem-kokin-shkola-52\/\",\"name\":\"\\u0410\\u0440\\u0442\\u0435\\u043c \\u041a\\u043e\\u043a\\u0438\\u043d, \\u0448\\u043a\\u043e\\u043b\\u0430 52\"}}]},{\"@type\":\"Person\",\"@id\":\"https:\/\/yar.deutschetage.ru\/de\/#\/schema\/person\/4f39fe90cebbcc93ada07890317ab455\",\"name\":\"\\u0412\\u0430\\u043b\\u0435\\u043d\\u0442\\u0438\\u043d\\u0430\",\"image\":{\"@type\":\"ImageObject\",\"@id\":\"https:\/\/yar.deutschetage.ru\/de\/#personlogo\",\"inLanguage\":\"de-DE\",\"url\":\"https:\/\/secure.gravatar.com\/avatar\/1fe39c6a447b1a4ad661671d48304a9e?s=96&d=mm&r=g\",\"caption\":\"\\u0412\\u0430\\u043b\\u0435\\u043d\\u0442\\u0438\\u043d\\u0430\"}}]}<\/script>\n<!-- \/ Yoast SEO plugin. -->","_links":{"self":[{"href":"https:\/\/yar.deutschetage.ru\/de\/wp-json\/wp\/v2\/posts\/3501"}],"collection":[{"href":"https:\/\/yar.deutschetage.ru\/de\/wp-json\/wp\/v2\/posts"}],"about":[{"href":"https:\/\/yar.deutschetage.ru\/de\/wp-json\/wp\/v2\/types\/post"}],"author":[{"embeddable":true,"href":"https:\/\/yar.deutschetage.ru\/de\/wp-json\/wp\/v2\/users\/2"}],"replies":[{"embeddable":true,"href":"https:\/\/yar.deutschetage.ru\/de\/wp-json\/wp\/v2\/comments?post=3501"}],"version-history":[{"count":4,"href":"https:\/\/yar.deutschetage.ru\/de\/wp-json\/wp\/v2\/posts\/3501\/revisions"}],"predecessor-version":[{"id":3534,"href":"https:\/\/yar.deutschetage.ru\/de\/wp-json\/wp\/v2\/posts\/3501\/revisions\/3534"}],"wp:featuredmedia":[{"embeddable":true,"href":"https:\/\/yar.deutschetage.ru\/de\/wp-json\/wp\/v2\/media\/3532"}],"wp:attachment":[{"href":"https:\/\/yar.deutschetage.ru\/de\/wp-json\/wp\/v2\/media?parent=3501"}],"wp:term":[{"taxonomy":"category","embeddable":true,"href":"https:\/\/yar.deutschetage.ru\/de\/wp-json\/wp\/v2\/categories?post=3501"},{"taxonomy":"post_tag","embeddable":true,"href":"https:\/\/yar.deutschetage.ru\/de\/wp-json\/wp\/v2\/tags?post=3501"}],"curies":[{"name":"wp","href":"https:\/\/api.w.org\/{rel}","templated":true}]}}